{"id":123967,"date":"2025-09-18T22:53:07","date_gmt":"2025-09-18T22:53:07","guid":{"rendered":"https:\/\/www.europesays.com\/es\/123967\/"},"modified":"2025-09-18T22:53:07","modified_gmt":"2025-09-18T22:53:07","slug":"cuando-llegamos-a-la-toma-cinco-ya-estaba-enamorada","status":"publish","type":"post","link":"https:\/\/www.europesays.com\/es\/123967\/","title":{"rendered":"Cuando llegamos a la toma cinco ya estaba enamorada"},"content":{"rendered":"<p class=\"c-paragraph\">Son<a href=\"https:\/\/www.20minutos.es\/cinemania\/noticias\/robert-redford-peliculas-imprescindibles-dos-hombres-destino-soldado-invierno_6326964_0.html\" title=\"Robert Redford en 15 pel\u00edculas imprescindibles, de &#039;Dos hombres y un destino&#039; a &#039;El soldado de invierno&#039;\" rel=\"nofollow noopener\" target=\"_blank\"> innumerables las pel\u00edculas<\/a> que vienen a la mente al conocer la triste noticia de la <a href=\"https:\/\/www.20minutos.es\/cinemania\/noticias\/muere-robert-redford-89-anos_6326930_0.html\" title=\"Muere Robert Redford a los 89 a\u00f1os\" rel=\"nofollow noopener\" target=\"_blank\">muerte de <b>Robert Redford.<\/b><\/a> Uno de tantos cl\u00e1sicos imborrables que protagoniz\u00f3 el actor fue<b> Memorias de \u00c1frica, <\/b>siempre con una huella en nuestro recuerdo. Dirigida por el vers\u00e1til <b>Sydney Pollack<\/b> y protagonizada por Redford junto a\u00a0<b>Meryl Streep, <\/b>con una\u00a0emocionante m\u00fasica de<b>\u00a0John Barry, <\/b>es\u00a0una de las m\u00e1s grandes historias de amor de nuestro tiempo.<\/p>\n<p class=\"c-paragraph\">Parece que la responsable de encarnar a la temible Miranda en\u00a0<a href=\"https:\/\/www.20minutos.es\/cinemania\/noticias\/diablo-viste-prada-2-reparto-sinopsis-todo-sabemos-5729822\/\" rel=\"nofollow noopener\" target=\"_blank\">El diablo viste de Prada <\/a><b>no\u00a0ha conseguido olvidar del todo su experiencia en aquel rodaje<\/b>, ya que unas d\u00e9cadas despu\u00e9s todav\u00eda parece atesorar <a href=\"https:\/\/www.20minutos.es\/cinemania\/noticias\/entranable-reencuentro-de-iron-man-y-happy-hogan-en-hollywood-5101046\/\" rel=\"nofollow noopener\" target=\"_blank\">un entra\u00f1able recuerdo sobre el actor <\/a>que encarn\u00f3 a su objeto amoroso en la pantalla.<\/p>\n<p class=\"c-paragraph\">Streep interpret\u00f3 a la propia escritora en cuya novela se basa la cinta, <b>Karen Blixen<\/b>, que se cas\u00f3 con el bar\u00f3n Hans Blixen (Klaus Maria Brandauer)\u00a0y se fue con \u00e9l a Kenia <b>con el fin de explotar una plantaci\u00f3n de caf\u00e9<\/b>. Pero durante su viaje, conoci\u00f3 al atractivo y aventurero Denys <a href=\"https:\/\/www.20minutos.es\/cinemania\/series\/yellowstone-robert-redford-trampa-protagonizase-imposible-inventarse-5719892\/\" rel=\"nofollow noopener\" target=\"_blank\">(Robert Redford),<\/a>\u00a0y comenz\u00f3 con \u00e9l una historia de amor que la cambiar\u00eda para siempre.\u00a0<\/p>\n<p class=\"c-paragraph\">La pel\u00edcula contiene, en palabras de la propia actriz, algunos de <a href=\"https:\/\/www.20minutos.es\/cinemania\/noticias\/50-besos-de-cine-que-hicieron-historia18-24006\/\" rel=\"nofollow noopener\" target=\"_blank\">los momentos m\u00e1s apasionados <\/a>de la historia reciente del s\u00e9ptimo arte. \u00abVemos a mucha gente follando en el cine, pero no<b> una escena con ese amor y esa delicadeza<\/b>\u00ab, explic\u00f3 la actriz, en clara alusi\u00f3n a la escena en que Redford le lava el pelo.<\/p>\n<p class=\"c-paragraph\">\u00a0\u00abCuando llegamos a la quinta toma, yo ya estaba enamorada\u00a0y creo que <a href=\"https:\/\/www.20minutos.es\/cinemania\/noticias\/richard-gere-stallone-bronca-unica-pelicula-juntos-5678772\/\" rel=\"nofollow noopener\" target=\"_blank\">eso se percibe en la pel\u00edcula<\/a>\u00ab, recordando que su compa\u00f1ero \u00abera tierno y sensual. <b>Yo deseaba que no acabase, a pesar de que estaba rodeada de hipop\u00f3tamos<\/b>\u00ab, comenta con humor sobre su pareja rom\u00e1ntica en la ficci\u00f3n, al que consideraba todo un \u00abrompecorazones\u00bb.<\/p>\n<p> Encuesta Encuesta | \u00bfCu\u00e1l es tu pel\u00edcula favorita protagonizada por Robert Redford?<\/p>\n<p class=\"c-detail--poll__claim\"> Esta encuesta no es cient\u00edfica y s\u00f3lo refleja la opini\u00f3n de aquellos lectores que han elegido participar. Los resultados no representan necesariamente la opini\u00f3n de los internautas en general o de los lectores al completo. <\/p>\n<p class=\"c-paragraph\">La cr\u00edtica, sin embargo, no debi\u00f3 pensar lo mismo, y<b> Redford fue bastante ninguneado en un carrera de premios,<\/b> que s\u00ed se anim\u00f3 a recompensar a otros de sus implicados, entre ellos, el ya mencionado <a href=\"https:\/\/www.20minutos.es\/cinemania\/noticias\/muere-john-barry-legendario-compositor-de-cine-2626\/\" rel=\"nofollow noopener\" target=\"_blank\">John Barry<\/a> por su exquisita banda sonora; su director <a href=\"https:\/\/www.20minutos.es\/noticia\/382850\/0\/sydney\/pollack\/director\/\" rel=\"nofollow noopener\" target=\"_blank\">Sydney Pollack <\/a>(que se alz\u00f3 tambi\u00e9n con la estatuilla por su labor como productor), y el director de fotograf\u00eda <b>David Watkin<\/b>, sumando 7 galardones sobre las 11 nominaciones que acumul\u00f3 la cinta.<\/p>\n<p class=\"c-paragraph\">Premios aparte, la pel\u00edcula consigui\u00f3 <a href=\"https:\/\/www.20minutos.es\/cinemania\/noticias\/rey-leon-curiosidades-no-sabias-pelicula-infancia-robo-corazon-5161259\/\" rel=\"nofollow noopener\" target=\"_blank\">conquistar el coraz\u00f3n de gran parte de la cinefilia<\/a>, gracias a<b> la inmensa qu\u00edmica entre sus dos protagonistas<\/b> y, por qu\u00e9 no decirlo, a una banda sonora que todav\u00eda, a d\u00eda de hoy, sigue evocando esas bellas im\u00e1genes de los dos enamorados sobrevolando la sabana en un biplano.\u00a0<\/p>\n","protected":false},"excerpt":{"rendered":"Son innumerables las pel\u00edculas que vienen a la mente al conocer la triste noticia de la muerte de&hellip;\n","protected":false},"author":2,"featured_media":123968,"comment_status":"","ping_status":"","sticky":false,"template":"","format":"standard","meta":{"footnotes":""},"categories":[174],"tags":[23978,255,146,147,25,24,256,1684,15335,7197,23,15336],"class_list":{"0":"post-123967","1":"post","2":"type-post","3":"status-publish","4":"format-standard","5":"has-post-thumbnail","7":"category-famosos","8":"tag-beso","9":"tag-celebrities","10":"tag-entertainment","11":"tag-entretenimiento","12":"tag-es","13":"tag-espana","14":"tag-famosos","15":"tag-mejor","16":"tag-meryl","17":"tag-recuerda","18":"tag-spain","19":"tag-streep"},"share_on_mastodon":{"url":"","error":""},"_links":{"self":[{"href":"https:\/\/www.europesays.com\/es\/wp-json\/wp\/v2\/posts\/123967","targetHints":{"allow":["GET"]}}],"collection":[{"href":"https:\/\/www.europesays.com\/es\/wp-json\/wp\/v2\/posts"}],"about":[{"href":"https:\/\/www.europesays.com\/es\/wp-json\/wp\/v2\/types\/post"}],"author":[{"embeddable":true,"href":"https:\/\/www.europesays.com\/es\/wp-json\/wp\/v2\/users\/2"}],"replies":[{"embeddable":true,"href":"https:\/\/www.europesays.com\/es\/wp-json\/wp\/v2\/comments?post=123967"}],"version-history":[{"count":0,"href":"https:\/\/www.europesays.com\/es\/wp-json\/wp\/v2\/posts\/123967\/revisions"}],"wp:featuredmedia":[{"embeddable":true,"href":"https:\/\/www.europesays.com\/es\/wp-json\/wp\/v2\/media\/123968"}],"wp:attachment":[{"href":"https:\/\/www.europesays.com\/es\/wp-json\/wp\/v2\/media?parent=123967"}],"wp:term":[{"taxonomy":"category","embeddable":true,"href":"https:\/\/www.europesays.com\/es\/wp-json\/wp\/v2\/categories?post=123967"},{"taxonomy":"post_tag","embeddable":true,"href":"https:\/\/www.europesays.com\/es\/wp-json\/wp\/v2\/tags?post=123967"}],"curies":[{"name":"wp","href":"https:\/\/api.w.org\/{rel}","templated":true}]}}