{"id":123975,"date":"2025-09-18T22:57:11","date_gmt":"2025-09-18T22:57:11","guid":{"rendered":"https:\/\/www.europesays.com\/es\/123975\/"},"modified":"2025-09-18T22:57:11","modified_gmt":"2025-09-18T22:57:11","slug":"nominados-latin-grammy-2025-isabel-dobarro","status":"publish","type":"post","link":"https:\/\/www.europesays.com\/es\/123975\/","title":{"rendered":"NOMINADOS LATIN GRAMMY 2025 ISABEL DOBARRO"},"content":{"rendered":"<p class=\"ft-text\"><a class=\"ft-link ft-link--decoration\" href=\"https:\/\/www.elcorreogallego.es\/sociedad\/2024\/10\/25\/isabel-dobarro-historicamente-invisibilizado-mujeres-110316017.html\" target=\"_blank\" rel=\"nofollow noopener\"><strong>Isabel Dobarro<\/strong><\/a> (<a class=\"ft-link ft-link--decoration\" href=\"https:\/\/www.elcorreogallego.es\/tags\/santiago\/\" target=\"_blank\" rel=\"nofollow noopener\"><strong>Santiago<\/strong><\/a>, 1992) es una de las <strong>pianistas espa\u00f1olas con m\u00e1s proyecci\u00f3n internacional de su generaci\u00f3n<\/strong>. Prueba de ello, en 2021 recibi\u00f3 el <strong>VIII Premio Mujeres a Seguir<\/strong> en el apartado de Cultura. No ha sido el \u00fanico galard\u00f3n obtenido a lo largo de su carrera musical, la cual compagina con su profesi\u00f3n de abogada. <strong>Una trayectoria art\u00edstica que comenz\u00f3 a muy temprana edad<\/strong>, a los tres a\u00f1os. Fue entonces cuando comenz\u00f3 a aprender los entresijos de un instrumento tan complejo como lo es el piano, justo un a\u00f1o antes de dar su primer concierto. De ello tienen mucho la culpa sus padres, que le animaron a dar sus primeros pasos en la m\u00fasica cl\u00e1sica llev\u00e1ndole desde muy peque\u00f1a al <a class=\"ft-link ft-link--decoration\" href=\"https:\/\/www.elcorreogallego.es\/tags\/auditorio-de-galicia\/\" target=\"_blank\" rel=\"nofollow noopener\"><strong>Auditorio de Galicia<\/strong><\/a> a escuchar conciertos. \u00abSiempre he incidido en la importancia de la exposici\u00f3n temprana a la m\u00fasica cl\u00e1sica. Recuerdo aquellos conciertos, ver a grandes figuras y artistas important\u00edsimos que pasaban por el Auditorio de Galicia, como experiencias maravillosas. Para m\u00ed <strong>eso fue fundamental para poder dedicarme a la m\u00fasica<\/strong>\u00bb, se\u00f1ala Dobarro a EL CORREO GALLEGO.<\/p>\n<p class=\"ft-text\">Desde entonces, Dobarro ha ido ampliando sus conocimientos musicales en el <strong>Real Conservatorio Superior de M\u00fasica de Madrid<\/strong>, donde, en 2010, obtuvo el <strong>T\u00edtulo Superior de Piano<\/strong>, y en la <strong>Universidad de <\/strong><a class=\"ft-link ft-link--decoration\" href=\"https:\/\/www.elcorreogallego.es\/tags\/nueva-york\/\" target=\"_blank\" rel=\"nofollow noopener\"><strong>Nueva York<\/strong><\/a>, en la que, en 2012, finaliz\u00f3 un <strong>m\u00e1ster de M\u00fasica<\/strong> mientras mostraba su talento dando recitales en las m\u00e1s prestigiosas salas de conciertos norteamericanas, como Carnegie Hall, Steinway Hall, Yamaha Center, Liederkranz Foundation, Frederick Loewe Theater y Columbia University Faculty House. Tambi\u00e9n fuera de EEUU en lugares como el Moscow Tchaikovsky Conservatory, el Ateneo de Madrid o la Sala Arturo Benedetti Michelangeli, en Bolzano (Italia). Todo ello al mismo tiempo que se gradu\u00f3 en Derecho por la UNED y obtuvo un certificado en Relaciones Internacionales por la Universidad de Harvard.<\/p>\n<p><img decoding=\"async\" src=\"https:\/\/www.europesays.com\/es\/wp-content\/uploads\/2025\/09\/68791dab-9baa-4077-91ee-77d4c5a4261e_alta-libre-aspect-ratio_default_0.jpg\" width=\"1200\" height=\"1329\" alt=\"La pianista y abogada compostelana Isabel Dobarro\" class=\"ft-helper-img-rd\" loading=\"lazy\" hasdataaida=\"true\"\/><\/p>\n<p class=\"ft-helper-fontColor-quaternary ft-helper-fontSize-body-S ft-helper-spacer-t-xxs\">La pianista y abogada compostelana Isabel Dobarro  \/ Efe<\/p>\n<p>Visibilidad a las mujeres<\/p>\n<p class=\"ft-text\">A d\u00eda de hoy, <a class=\"ft-link ft-link--decoration\" href=\"https:\/\/isabeldobarro.com\/\" target=\"_blank\" rel=\"nofollow noopener\"><strong>Isabel Dobarro<\/strong><\/a> <strong>ejerce como abogada en <\/strong><a class=\"ft-link ft-link--decoration\" href=\"https:\/\/www.elcorreogallego.es\/tags\/madrid\/\" target=\"_blank\" rel=\"nofollow noopener\"><strong>Madrid<\/strong><\/a>, pero en paralelo contin\u00faa desarrollando su m\u00fasica, una m\u00fasica muy comprometida con el repertorio de otras compositoras desde que, a sus 19 a\u00f1os, impartiendo clases como profesora en la Universidad de Nueva York, un alumno le pregunt\u00f3 si no hab\u00eda obras de compositoras que pudiese tocar. \u00abAquella pregunta fue un shock para m\u00ed, porque nunca me la hab\u00eda planteado. <strong>Es incre\u00edble hasta qu\u00e9 nivel llega la invisibilizaci\u00f3n de las mujeres en la m\u00fasica que ni siquiera te planteas esa pregunta<\/strong>. Desde ese momento he llevado a cabo muchas investigaciones, tanto hist\u00f3ricas como contempor\u00e1neas\u00bb, destaca Dobarro.<\/p>\n<p class=\"ft-text\">Dichas investigaciones se reflejan a la perfecci\u00f3n en <strong>Kaleidoscope <\/strong>(<strong>Naxos-Grand Piano<\/strong>), su primer disco en solitario, el cual fue publicado el pasado a\u00f1o. Con \u00e9l, a pesar de las dudas iniciales, contin\u00faa su labor de dar a conocer a mujeres compositoras y ofrecerles un lugar en la historia. \u00abTodo proyecto, y este disco no es menos, ha tenido momentos de mayores dudas, sobre todo al principio, antes de que lo cogiera una discogr\u00e1fica, pero <strong>yo ten\u00eda una corazonada y, junto a m\u00ed, Mar\u00eda Victoria Montalvo, que es quien me ha ayudado tambi\u00e9n a moverlo, de que era un disco que pod\u00eda transmitir un poco mis ideas en el \u00e1mbito de la m\u00fasica cl\u00e1sica<\/strong>, mi idea de reivindicaci\u00f3n de compositoras, mi idea de reflejar la riqueza musical de todo el mundo. Yo ten\u00eda mucha confianza en el disco, pero es verdad que el resultado ha superado con creces cualquier cosa que yo pudiera so\u00f1ar\u00bb, reconoce Dobarro a este diario tras enterarse de que <strong>su primer disco en solitario ha sido nominado<\/strong> esta semana a los <a class=\"ft-link ft-link--decoration\" href=\"https:\/\/www.elcorreogallego.es\/cultura\/2025\/09\/17\/bad-bunny-lidera-nominaciones-edicion-121676955.html\" target=\"_blank\" rel=\"nofollow noopener\"><strong>Latin Grammy 2025<\/strong><\/a> por la Academia Latina de la Grabaci\u00f3n en la categor\u00eda de <strong>Mejor \u00c1lbum de M\u00fasica Cl\u00e1sica<\/strong>.<\/p>\n<p>\u00abInmensamente feliz\u00bb<\/p>\n<p class=\"ft-text\">Su nominaci\u00f3n, revela Dobarro, le pill\u00f3 junto a las personas que le han hecho ser quien es a d\u00eda de hoy, su familia. \u00abEstaba comiendo, estaba con parte de mi familia, con mi hermana, con mi sobrinito, con mi marido y con mi abuela. Sab\u00edamos que las nominaciones saldr\u00edan a esa hora, est\u00e1bamos un poco pendientes y la verdad es que, <strong>cuando dijeron mi nombre, la alegr\u00eda fue absolutamente inmensa<\/strong>\u00bb, destaca la m\u00fasica compostelana antes de declarar que en ese momento tuvo \u00abmuchos sentimientos\u00bb encontrados.<\/p>\n<p class=\"ft-text\">\u00abEl principal sentimiento fue de <strong>agradecimiento a mi familia<\/strong>. A mis padres, que han hecho tanto por m\u00ed, que han luchado tanto por mi carrera musical. A mi hermana, que siempre ha estado a mi lado, que siempre me ha apoyado. A mi marido, que es un pilar fundamental. Tambi\u00e9n fue muy especial tener en ese momento a mi abuela, que ha formado parte de todo este viaje, y a mi sobrinito, al verlo tan ilusionado, pegando saltos, emocionado, ilusionad\u00edsimo, me encant\u00f3 verle tan feliz ahora que est\u00e1 empezando con el piano y con la flauta. Pero tambi\u00e9n tuve un sentimiento de agradecimiento a mi ciudad, a Santiago, a Galicia, donde estudi\u00e9 y desarroll\u00e9 mis primeros a\u00f1os de carrera. Para m\u00ed eso era muy importante. Y de felicidad, porque ha habido much\u00edsimo trabajo detr\u00e1s, much\u00edsimo trabajo a la hora de seleccionar las obras, a la hora de estudiarlas, a la hora de ver un resultado art\u00edstico que tuviera coherencia, contactar con las compositoras, trabajar con ellas&#8230; Ha sido mucho esfuerzo, pero un esfuerzo tambi\u00e9n muy bonito que me ha dado much\u00edsimas alegr\u00edas. Estoy inmensamente feliz de estar nominada en ese grupo de cinco junto a grandes figuras del panorama musical\u00bb, a\u00f1ade.<\/p>\n<p class=\"ft-text\">De esta forma, Dobarro competir\u00e1<strong> el pr\u00f3ximo mes de noviembre en el MGM Grand Garden Arena de <\/strong><a class=\"ft-link ft-link--decoration\" href=\"https:\/\/www.elcorreogallego.es\/tags\/las-vegas\/\" target=\"_blank\" rel=\"nofollow noopener\"><strong>Las Vegas<\/strong><\/a> (EEUU) por el gram\u00f3fono que reconoce al Mejor \u00c1lbum de M\u00fasica Cl\u00e1sica. La pianista compostelana es consciente de que no ser\u00e1 nada f\u00e1cil alzarse con el galard\u00f3n, pero, gane o pierda, <strong>su nominaci\u00f3n ya se la toma como \u00abun premio\u00bb<\/strong>. \u00bfConseguir\u00e1 Dobarro imponerse al resto de candidatos? Solo el tiempo dir\u00e1, lo que est\u00e1 claro es que Santiago tendr\u00e1 este a\u00f1o su hueco en los Latin Grammy.<\/p>\n","protected":false},"excerpt":{"rendered":"Isabel Dobarro (Santiago, 1992) es una de las pianistas espa\u00f1olas con m\u00e1s proyecci\u00f3n internacional de su generaci\u00f3n. Prueba&hellip;\n","protected":false},"author":2,"featured_media":123976,"comment_status":"","ping_status":"","sticky":false,"template":"","format":"standard","meta":{"footnotes":""},"categories":[170],"tags":[40560,146,147,25,24,2791,17834,6950,184,185,27487,16721,40232,4024,532,2450,23],"class_list":{"0":"post-123975","1":"post","2":"type-post","3":"status-publish","4":"format-standard","5":"has-post-thumbnail","7":"category-musica","8":"tag-compostelana","9":"tag-entertainment","10":"tag-entretenimiento","11":"tag-es","12":"tag-espana","13":"tag-grammy","14":"tag-grammy-latinos","15":"tag-latin","16":"tag-music","17":"tag-musica","18":"tag-musica-clasica","19":"tag-nominaciones","20":"tag-pianista","21":"tag-piano","22":"tag-premios","23":"tag-santiago","24":"tag-spain"},"share_on_mastodon":{"url":"","error":""},"_links":{"self":[{"href":"https:\/\/www.europesays.com\/es\/wp-json\/wp\/v2\/posts\/123975","targetHints":{"allow":["GET"]}}],"collection":[{"href":"https:\/\/www.europesays.com\/es\/wp-json\/wp\/v2\/posts"}],"about":[{"href":"https:\/\/www.europesays.com\/es\/wp-json\/wp\/v2\/types\/post"}],"author":[{"embeddable":true,"href":"https:\/\/www.europesays.com\/es\/wp-json\/wp\/v2\/users\/2"}],"replies":[{"embeddable":true,"href":"https:\/\/www.europesays.com\/es\/wp-json\/wp\/v2\/comments?post=123975"}],"version-history":[{"count":0,"href":"https:\/\/www.europesays.com\/es\/wp-json\/wp\/v2\/posts\/123975\/revisions"}],"wp:featuredmedia":[{"embeddable":true,"href":"https:\/\/www.europesays.com\/es\/wp-json\/wp\/v2\/media\/123976"}],"wp:attachment":[{"href":"https:\/\/www.europesays.com\/es\/wp-json\/wp\/v2\/media?parent=123975"}],"wp:term":[{"taxonomy":"category","embeddable":true,"href":"https:\/\/www.europesays.com\/es\/wp-json\/wp\/v2\/categories?post=123975"},{"taxonomy":"post_tag","embeddable":true,"href":"https:\/\/www.europesays.com\/es\/wp-json\/wp\/v2\/tags?post=123975"}],"curies":[{"name":"wp","href":"https:\/\/api.w.org\/{rel}","templated":true}]}}