{"id":123995,"date":"2025-09-18T23:13:12","date_gmt":"2025-09-18T23:13:12","guid":{"rendered":"https:\/\/www.europesays.com\/es\/123995\/"},"modified":"2025-09-18T23:13:12","modified_gmt":"2025-09-18T23:13:12","slug":"checo-perez-da-tremenda-exhibida-a-red-bull-por-culpa-de-max-verstappen-publimetro-mexico","status":"publish","type":"post","link":"https:\/\/www.europesays.com\/es\/123995\/","title":{"rendered":"Checo P\u00e9rez da tremenda exhibida a Red Bull \u00a1Por culpa de Max Verstappen! \u2013 Publimetro M\u00e9xico"},"content":{"rendered":"<p class=\"c-paragraph\"><b>Sergio <\/b><a href=\"https:\/\/www.publimetro.com.mx\/deportes\/2025\/09\/15\/finalmente-cabr-checo-perez-celebra-el-mal-momento-de-red-bull-en-f1\/\" target=\"_blank\" rel=\"noreferrer nofollow noopener\" title=\"https:\/\/www.publimetro.com.mx\/deportes\/2025\/09\/15\/finalmente-cabr-checo-perez-celebra-el-mal-momento-de-red-bull-en-f1\/\"><b>Checo P\u00e9rez<\/b><\/a> volver\u00e1 a la <b>F\u00f3rmula 1<\/b> el pr\u00f3ximo a\u00f1o de la mano de <b>Cadillac<\/b> y, mientras se alista para hacerlo de la mejor forma, aprovech\u00f3 para lanzar un tremendo dardo a <b>Red Bull<\/b>.<\/p>\n<p>\u00bfQu\u00e9 dijo el mexicano?<\/p>\n<p class=\"c-paragraph\">Es bien sabido que la relaci\u00f3n del mexicano con la <b>escuder\u00eda austriaca<\/b> no termin\u00f3 de la mejor forma, ya que esta le rescindi\u00f3 su contrato a falta de dos a\u00f1os por los malos resultados en 2024.<\/p>\n<p class=\"c-paragraph\">Ahora, fuera de aquellas cr\u00edticas, el jalisciense recientemente revel\u00f3 en conferencia de prensa que est\u00e1 feliz de haber firmado con <b>Cadillac<\/b> porque es un equipo que le ayudar\u00e1 a seguir creciendo como piloto y que tiene la misma visi\u00f3n que \u00e9l.<\/p>\n<p class=\"c-paragraph\">\u201cQuiero regresar a una <b>F\u00f3rmula 1<\/b> que disfrute y estar trabajando con un equipo que tenga la misma visi\u00f3n que yo. Y creo que eso lo encontr\u00e9 en <b>Cadillac<\/b>. Entonces estoy muy ilusionado con ese regreso\u201d, dijo.<\/p>\n<p class=\"c-paragraph\">Dichas palabras son una clara indirecta para los <b>Toros Rojos<\/b>, pues cabe recordar que, durante su presentaci\u00f3n como corredor de <b>Cadillac<\/b> en la <b>Ciudad de M\u00e9xico<\/b>, el tapat\u00edo confes\u00f3 que el coche de <b>RB<\/b> est\u00e1 dise\u00f1ado para <b>Max Verstappen<\/b>, lo que fuera de ser una evoluci\u00f3n para sus compa\u00f1eros, representa una constante adaptaci\u00f3n a su estilo de manejo.<\/p>\n<p class=\"c-paragraph\">\u201cSab\u00eda que es un auto muy dif\u00edcil de manejar y constantemente te estas adaptando al estilo de manejo de <b>Max<\/b>, eso es lo que lo hace muy especial que todo el tiempo en lugar de estar evolucionando te est\u00e1s adaptando. Yo sab\u00eda que esto iba a pasar y ah\u00ed est\u00e1n los resultados\u201d, dijo en su momento.<\/p>\n<p>Se alista para volver a las pistas<\/p>\n<p class=\"c-paragraph\">El <b>piloto mexicano<\/b> tambi\u00e9n declar\u00f3 recientemente que en los pr\u00f3ximos d\u00edas estar\u00e1 probando un simulador de <b>Cadillac<\/b> para irse adaptando nuevamente a la <b>F1<\/b> y estar lo mejor preparado para su regreso.<\/p>\n<p class=\"c-paragraph\">\u201cLa siguiente semana voy a estar en la f\u00e1brica, en <b>Charlotte<\/b> y en Inglaterra. Voy a estar ya en el simulador y est\u00e1 en planes que pruebe un coche <b>F\u00f3rmula 1<\/b>, primero para trabajar y estar lo m\u00e1s preparados posible para el inicio de a\u00f1o y, segundo, para m\u00ed es importante manejar algo este a\u00f1o por todas las sensaciones. Especialmente el cuello, la parte f\u00edsica, para darle a mi cuerpo un recordatorio de lo que se viene. Y ya, en enero, tendremos nuestro auto que estaremos trabajando con el equipo\u201d, dijo.<\/p>\n","protected":false},"excerpt":{"rendered":"Sergio Checo P\u00e9rez volver\u00e1 a la F\u00f3rmula 1 el pr\u00f3ximo a\u00f1o de la mano de Cadillac y, mientras&hellip;\n","protected":false},"author":2,"featured_media":123996,"comment_status":"","ping_status":"","sticky":false,"template":"","format":"standard","meta":{"footnotes":""},"categories":[270],"tags":[5331,5332,168,25,24,306,271,272,6480,23,167],"class_list":{"0":"post-123995","1":"post","2":"type-post","3":"status-publish","4":"format-standard","5":"has-post-thumbnail","7":"category-formula-1","8":"tag-cadillac","9":"tag-checo-perez","10":"tag-deportes","11":"tag-es","12":"tag-espana","13":"tag-f1","14":"tag-formula-1","15":"tag-formula1","16":"tag-sergio-checo-perez","17":"tag-spain","18":"tag-sports"},"share_on_mastodon":{"url":"","error":""},"_links":{"self":[{"href":"https:\/\/www.europesays.com\/es\/wp-json\/wp\/v2\/posts\/123995","targetHints":{"allow":["GET"]}}],"collection":[{"href":"https:\/\/www.europesays.com\/es\/wp-json\/wp\/v2\/posts"}],"about":[{"href":"https:\/\/www.europesays.com\/es\/wp-json\/wp\/v2\/types\/post"}],"author":[{"embeddable":true,"href":"https:\/\/www.europesays.com\/es\/wp-json\/wp\/v2\/users\/2"}],"replies":[{"embeddable":true,"href":"https:\/\/www.europesays.com\/es\/wp-json\/wp\/v2\/comments?post=123995"}],"version-history":[{"count":0,"href":"https:\/\/www.europesays.com\/es\/wp-json\/wp\/v2\/posts\/123995\/revisions"}],"wp:featuredmedia":[{"embeddable":true,"href":"https:\/\/www.europesays.com\/es\/wp-json\/wp\/v2\/media\/123996"}],"wp:attachment":[{"href":"https:\/\/www.europesays.com\/es\/wp-json\/wp\/v2\/media?parent=123995"}],"wp:term":[{"taxonomy":"category","embeddable":true,"href":"https:\/\/www.europesays.com\/es\/wp-json\/wp\/v2\/categories?post=123995"},{"taxonomy":"post_tag","embeddable":true,"href":"https:\/\/www.europesays.com\/es\/wp-json\/wp\/v2\/tags?post=123995"}],"curies":[{"name":"wp","href":"https:\/\/api.w.org\/{rel}","templated":true}]}}