{"id":124003,"date":"2025-09-18T23:17:05","date_gmt":"2025-09-18T23:17:05","guid":{"rendered":"https:\/\/www.europesays.com\/es\/124003\/"},"modified":"2025-09-18T23:17:05","modified_gmt":"2025-09-18T23:17:05","slug":"ante-todo-una-cocina-debe-ser-totalmente-funcional","status":"publish","type":"post","link":"https:\/\/www.europesays.com\/es\/124003\/","title":{"rendered":"ante todo, una cocina debe ser totalmente funcional\u00bb"},"content":{"rendered":"<p>Tal y como hemos visto en los \u00faltimos a\u00f1os,<strong> las cocinas se han convertido en un espacio de experimentaci\u00f3n creativa<\/strong>. En ella, los expertos y expertas han probado con distintos materiales, distribuciones y dise\u00f1os, <strong>siempre en pro de la funcionalidad y el uso diario.<\/strong> Una de las tendencias que m\u00e1s ha encantado a usuarios e interioristas es la de <a href=\"https:\/\/www.elmueble.com\/ideas\/decoterapia\/50-cocinas-abiertas-comedor-y-salon_42477\" rel=\"nofollow noopener\" target=\"_blank\">las cocinas abiertas<\/a>. Originalmente, nacieron para dotar de amplitud y luz a este espacio que antes se relegaba a un entorno cerrado y apartado del resto de la casa.<\/p>\n<p>Esta configuraci\u00f3n nos permite compartir mientras cocinamos y reunir el espacio del sal\u00f3n con el de la cocina. Sin embargo, \u00bfsigue siendo la opci\u00f3n preferida en la actualidad? \u00bfQu\u00e9 alternativas se est\u00e1n priorizando en las reformas de hoy en d\u00eda? De esto y mucho m\u00e1s conversamos con la <strong>interiorista Bego\u00f1a Jim\u00e9nez<\/strong>, quien junto a<strong>\u00a0Leire Argerey<\/strong>,\u00a0conforman <a href=\"https:\/\/bohostudio.es\/\" rel=\"nofollow noopener\" target=\"_blank\">B\u00f6ho Studio<\/a> (@<a href=\"https:\/\/www.instagram.com\/boho_studio_bilbao\/?hl=es\" rel=\"nofollow noopener\" target=\"_blank\">boho_studio_bilbao<\/a>).<\/p>\n<p>&#13;<\/p>\n<p>My Player placeholder<\/p>\n<p>\u00bfQuieres incluir una barra en la cocina y necesitas inspiraci\u00f3n? \u00a1Toma nota de estas ideas tan elegantes!<\/p>\n<p class=\"by\">El Mueble<\/p>\n<p>Ideas para una cocina con barra<\/p>\n<p>Descubre un interesante punto de vista sobre <a href=\"https:\/\/www.elmueble.com\/decoracion\/ni-blancas-ni-madera-cocinas-que-arrasan-2026-siguen-esta-impresionante-y-moderna-tendencia_61611\" rel=\"nofollow noopener\" target=\"_blank\">una tendencia<\/a> que ha enamorado miles de interioristas y que hoy, poco a poco, nos abre la puerta a nuevas opciones de reformas y distribuci\u00f3n en la cocina.\u00a0<strong>Insp\u00edrate cada mes.\u00a0<\/strong>\u00a0y recibe las\u00a0<strong>mejores ideas para decorar<\/strong>\u00a0<strong>y transformar\u00a0<\/strong>tu casa al mejor precio.<\/p>\n<p>&#13;<img decoding=\"async\" src=\"https:\/\/www.europesays.com\/es\/wp-content\/uploads\/2025\/09\/dormitorio-blanco-y-en-tonos-tostados-00584101_d693d7a3_00584101_250910090424_600x600.webp.webp\" alt=\"dormitorio blanco y en tonos tostados 00584101\" class=\"image lazyload\"\/><\/p>\n<p class=\"epigraph\">FENG SHUI<\/p>\n<p><a href=\"https:\/\/www.elmueble.com\/decoracion\/gloria-ramos-experta-feng-shui-ni-se-te-ocurra-poner-fotos-dormitorio-personas-queridas-afectara-tu-privacidad_61720\" rel=\"nofollow noopener\" target=\"_blank\">Gloria Ramos, experta en Feng Shui: \u00abNi se te ocurra poner fotos en el dormitorio de personas queridas, afectar\u00e1 tu privacidad\u00bb<\/a><br \/>\n\u00bfUna tendencia que est\u00e1 cayendo en desuso?\u00a0<img loading=\"lazy\" decoding=\"async\" src=\"https:\/\/www.europesays.com\/es\/wp-content\/uploads\/2025\/09\/boho-leioa-59_60a2fd0a_250915132419_1000x667.webp.webp\" alt=\"Boho Leioa 59\" class=\"lazyload\" width=\"1000\" height=\"667\" data-aspectratio=\"1000\/667\"\/><\/p>\n<p>Cocina cerrada con estor ligero, encimera blanca y frentes de madera.<\/p>\n<p>&#13;Proyecto de B\u00f6ho Studio<\/p>\n<p><strong>PREGUNTA: \u00bfPor qu\u00e9 crees que las cocinas abiertas est\u00e1n perdiendo fuerza en los \u00faltimos a\u00f1os? <\/strong><\/p>\n<p>Bego\u00f1a: \u00abEn <strong>Boho Studio<\/strong> estamos viendo que las cocinas abiertas, que durante a\u00f1os fueron tendencia, ahora generan ciertas dudas. Despu\u00e9s de la pandemia, en la que pasamos mucho tiempo en casa, aprendimos a valorar m\u00e1s la intimidad y el confort.<\/p>\n<p>Aunque la cocina abierta es muy est\u00e9tica y social, en la pr\u00e1ctica, no a todos siempre les resulta funcional. <strong>Y la cocina, sin duda y en cualquier caso, debe ser un espacio totalmente funcional<\/strong>\u00ab.<\/p>\n<p><img loading=\"lazy\" decoding=\"async\" src=\"https:\/\/www.europesays.com\/es\/wp-content\/uploads\/2025\/09\/46_93d4afd0_250915132511_1000x667.webp.webp\" alt=\"46\" class=\"lazyload\" width=\"1000\" height=\"667\" data-aspectratio=\"1000\/667\"\/><\/p>\n<p>Amplia cocina semicerrada con isla central.<\/p>\n<p>&#13;Proyecto de B\u00f6ho Studio<\/p>\n<p><strong>P: \u00bfQu\u00e9 inconvenientes pueden generar las cocinas abiertas en el uso diario?<\/strong><\/p>\n<p>Bego\u00f1a: \u00abEl d\u00eda a d\u00eda lo demuestra: ruidos de electrodom\u00e9sticos, olores que se expanden por toda la vivienda y la falta de intimidad son los principales inconvenientes. <strong>A muchos clientes les preocupa tambi\u00e9n el \u00abestar siempre a la vista\u00bb cuando reciben visitas<\/strong> porque les gusta m\u00e1s cocinar a solas, pero esto es un aspecto m\u00e1s personal. En este caso la soluci\u00f3n est\u00e1 clara: una cocina cerrada. \u00a0<\/p>\n<p>Pero, si el cliente tiene la necesidad de una cocina abierta, siempre <strong>aportamos soluciones<\/strong> (en la medida en que el espacio lo permita) para estos inconvenientes: hacer un <a href=\"https:\/\/www.elmueble.com\/decoracion\/ideas-xxxx-interioristas-para-esconder-electrodomesticos-cocina_59174\" rel=\"nofollow noopener\" target=\"_blank\">espacio de lavander\u00eda<\/a> aislado, una campana potente y silenciosa integrada en la propia placa o alg\u00fan tipo de soluci\u00f3n para que la integraci\u00f3n sea lo m\u00e1s funcional y est\u00e9tica posible\u00bb. \u00a0<\/p>\n<p>Otras alternativas: el variado universo de las cocinas<img loading=\"lazy\" decoding=\"async\" src=\"https:\/\/www.europesays.com\/es\/wp-content\/uploads\/2025\/09\/1w5a0094-hdr2_5724da17_250915214901_1000x666.webp.webp\" alt=\"1W5A0094 HDR2\" class=\"lazyload\" width=\"1000\" height=\"666\" data-aspectratio=\"1000\/666\"\/><\/p>\n<p>Cocina cerrada con conexi\u00f3n al sal\u00f3n y desayunador.<\/p>\n<p>&#13;Proyecto de B\u00f6ho Studio<\/p>\n<p><strong>P: \u00bfQu\u00e9 alternativas propon\u00e9is a la hora de reformar: cocinas semiabiertas, con cristal, con mobiliario que haga de transici\u00f3n\u2026?\u00a0<\/strong><\/p>\n<p>Bego\u00f1a: \u00ab<strong>Nos gusta trabajar con soluciones que combinen lo mejor de ambos mundos<\/strong>. Los cerramientos de cristal son una de nuestras propuestas favoritas: dejan pasar la luz y aportan ligereza, pero a\u00edslan olores y ruidos. En otros casos, utilizamos <strong>paneles correderos o muebles de transici\u00f3n \u2014como una pen\u00ednsula o estanter\u00edas abiertas\u2014 que crean separaci\u00f3n visual sin perder fluidez.<\/strong> Evidentemente, el resultado visual, dependiendo de la soluci\u00f3n, es totalmente diferente. En el caso de las cristaleras, acotan mucho m\u00e1s el espacio, y en el caso de pen\u00ednsulas o mobiliario, la sensaci\u00f3n de amplitud es mayor\u00bb.<\/p>\n<p>&#13;<img decoding=\"async\" src=\"https:\/\/www.europesays.com\/es\/wp-content\/uploads\/2025\/09\/cocina-con-isla-azul-y-puertas-de-cristal-70b8e198-019dsc_8de6a6f6_250822102957_600x600.webp.webp\" alt=\"cocina con isla azul y puertas de cristal 70b8e198 019dsc\" class=\"image lazyload\"\/><\/p>\n<p class=\"epigraph\">\u00bfLo sab\u00edas?<\/p>\n<p><a href=\"https:\/\/www.elmueble.com\/decoracion\/pablo-borraz-arquitecto-cocina-ideal-tiene-como-minimo-metro-paso-entre-encimera-isla_61499\" rel=\"nofollow noopener\" target=\"_blank\">Pablo Borraz, arquitecto: \u00abUna cocina ideal tiene como m\u00ednimo 1 metro de paso entre encimera e isla\u00bb<\/a><\/p>\n<p><strong>P: \u00bfC\u00f3mo plantear soluciones que permitan integrar y separar a la vez, seg\u00fan las necesidades de cada familia?\u00a0<\/strong><\/p>\n<p>Bego\u00f1a: \u00ab<strong>La clave est\u00e1 en escuchar c\u00f3mo vive cada familia. <\/strong>Hay quienes disfrutan cocinando con invitados alrededor, y otros que prefieren mantener ese espacio m\u00e1s \u00edntimo y funcional. \u00a0A partir de ah\u00ed proponemos elementos vers\u00e1tiles: puertas plegables, tabiques m\u00f3viles, pen\u00ednsulas que hacen de nexo\u2026 <strong>Lo importante es que el espacio pueda transformarse y adaptarse a diferentes situaciones del d\u00eda a d\u00eda. <\/strong>Pero la soluci\u00f3n que m\u00e1s solemos aplicar es la de la cristalera. En caso de tener una necesidad simplemente visual, las cristaleras fijas son la clave; aportan todas las caracter\u00edsticas de una cocina cerrada, pero con una sensaci\u00f3n de amplitud extra y una conexi\u00f3n visual con el espacio que la rodea.\u00a0<\/p>\n<p>Y en el caso de poder integrar, la cristalera se plantea m\u00f3vil: puede ser a modo de ventanuco, puerta grande o varias puertas para ampliar el hueco al m\u00e1ximo\u00bb. \u00a0<\/p>\n<p>&#13;<img decoding=\"async\" src=\"https:\/\/www.europesays.com\/es\/wp-content\/uploads\/2025\/09\/cocina-de-madera-abierta-al-salon-comedor-con-alacena_89d4c861_00588625_250817231741_600x600.webp.webp\" alt=\"Cocina de madera abierta al sal\u00f3n comedor con alacena\" class=\"image lazyload\"\/><\/p>\n<p class=\"epigraph\">\u00bfLo imaginabas?<\/p>\n<p><a href=\"https:\/\/www.elmueble.com\/decoracion\/xx-interiorista-pisos-salon-y-cocina-abierta-no-nos-gustan-a-interioristas-y-estas-son-razones_61435\" rel=\"nofollow noopener\" target=\"_blank\">Las cocinas abiertas no gustan a los interioristas: \u00abObliga a que todo est\u00e9 siempre recogido y limpio, lo cual no es realista en el d\u00eda a d\u00eda. Los electrodom\u00e9sticos, los utensilios y los restos de comida se convierten en parte del sal\u00f3n\u00bb<\/a><br \/>\nUn cambio de paradigma en las cocinas modernas<img loading=\"lazy\" decoding=\"async\" src=\"https:\/\/www.europesays.com\/es\/wp-content\/uploads\/2025\/09\/cocina-blanca-marmol_c5625505_1W5A5558_250915215031_1000x1501.webp.webp\" alt=\"Cocina blanca marmol\" class=\"lazyload\" width=\"1000\" height=\"1501\" data-aspectratio=\"1000\/1501\"\/><\/p>\n<p>Cocina blanca con m\u00e1rmol y suelo hidr\u00e1ulico en Getxo.<\/p>\n<p>&#13;Proyecto de B\u00f6ho Studio<\/p>\n<p><strong>P: \u00bfQu\u00e9 papel est\u00e1n jugando tendencias como las \u00abcocinas invisibles\u00bb o los espacios multifuncionales en este cambio de paradigma?\u00a0<\/strong><\/p>\n<p>Bego\u00f1a: \u00ab<strong><a href=\"https:\/\/www.elmueble.com\/estancias\/cocinas-invisibles-seran-tendencia-2026_61618\" rel=\"nofollow noopener\" target=\"_blank\">Las \u00abcocinas invisibles\u00bb est\u00e1n teniendo mucho protagonismo<\/a> porque responden a la necesidad de integrar la cocina en el resto de la vivienda sin romper la est\u00e9tica<\/strong>. Se conciben como una pieza de mobiliario m\u00e1s, integrando en el espacio sin que d\u00e9 la sensaci\u00f3n visual de una cocina tradicional.<\/p>\n<p>Panelados de madera, electrodom\u00e9sticos ocultos o frentes lisos permiten que<strong> el espacio se perciba limpio y ordenado<\/strong>, y esto es lo que da la multifuncionalidad: la cocina no es solo un lugar para cocinar, tambi\u00e9n puede ser un rinc\u00f3n para teletrabajar, leer o compartir con la familia. Incluso en algunos casos en los que el cliente apenas cocina, es simplemente un utilitario que permanece oculto y, en caso de hacer uso, se descubre\u00bb.\u00a0<\/p>\n<p><script async src=\"\/\/www.instagram.com\/embed.js\"><\/script><\/p>\n","protected":false},"excerpt":{"rendered":"Tal y como hemos visto en los \u00faltimos a\u00f1os, las cocinas se han convertido en un espacio de&hellip;\n","protected":false},"author":2,"featured_media":124004,"comment_status":"","ping_status":"","sticky":false,"template":"","format":"standard","meta":{"footnotes":""},"categories":[173],"tags":[229,233,231,230,232,234,146,147,25,24,23],"class_list":{"0":"post-124003","1":"post","2":"type-post","3":"status-publish","4":"format-standard","5":"has-post-thumbnail","7":"category-arte-y-diseno","8":"tag-arte","9":"tag-arte-y-diseno","10":"tag-arts","11":"tag-arts-and-design","12":"tag-design","13":"tag-diseno","14":"tag-entertainment","15":"tag-entretenimiento","16":"tag-es","17":"tag-espana","18":"tag-spain"},"share_on_mastodon":{"url":"","error":""},"_links":{"self":[{"href":"https:\/\/www.europesays.com\/es\/wp-json\/wp\/v2\/posts\/124003","targetHints":{"allow":["GET"]}}],"collection":[{"href":"https:\/\/www.europesays.com\/es\/wp-json\/wp\/v2\/posts"}],"about":[{"href":"https:\/\/www.europesays.com\/es\/wp-json\/wp\/v2\/types\/post"}],"author":[{"embeddable":true,"href":"https:\/\/www.europesays.com\/es\/wp-json\/wp\/v2\/users\/2"}],"replies":[{"embeddable":true,"href":"https:\/\/www.europesays.com\/es\/wp-json\/wp\/v2\/comments?post=124003"}],"version-history":[{"count":0,"href":"https:\/\/www.europesays.com\/es\/wp-json\/wp\/v2\/posts\/124003\/revisions"}],"wp:featuredmedia":[{"embeddable":true,"href":"https:\/\/www.europesays.com\/es\/wp-json\/wp\/v2\/media\/124004"}],"wp:attachment":[{"href":"https:\/\/www.europesays.com\/es\/wp-json\/wp\/v2\/media?parent=124003"}],"wp:term":[{"taxonomy":"category","embeddable":true,"href":"https:\/\/www.europesays.com\/es\/wp-json\/wp\/v2\/categories?post=124003"},{"taxonomy":"post_tag","embeddable":true,"href":"https:\/\/www.europesays.com\/es\/wp-json\/wp\/v2\/tags?post=124003"}],"curies":[{"name":"wp","href":"https:\/\/api.w.org\/{rel}","templated":true}]}}