{"id":124005,"date":"2025-09-18T23:18:22","date_gmt":"2025-09-18T23:18:22","guid":{"rendered":"https:\/\/www.europesays.com\/es\/124005\/"},"modified":"2025-09-18T23:18:22","modified_gmt":"2025-09-18T23:18:22","slug":"3-libros-de-novela-negra-que-la-casa-del-libro-recomienda-leer-este-mes-de-septiembre-y-que-son-altamente-adictivos","status":"publish","type":"post","link":"https:\/\/www.europesays.com\/es\/124005\/","title":{"rendered":"3 libros de novela negra que La Casa del Libro recomienda leer este mes de septiembre y que son altamente adictivos"},"content":{"rendered":"<p data-journey-content=\"true\" data-node-id=\"3\" class=\"css-6wxqfj emevuu60\">La rentr\u00e9e literaria suele traer consigo un aire de expectativa. Tras el verano, septiembre se convierte en el mes de la normalidad. Ansiamos de la lectura un descanso cotidiano y ganas de evasi\u00f3n. <strong data-node-id=\"3.1\"><a href=\"https:\/\/www.esquire.com\/es\/actualidad\/libros\/g65973475\/mejores-novelas-negras-otono-invierno-2025\/\" target=\"_blank\" data-vars-ga-outbound-link=\"https:\/\/www.esquire.com\/es\/actualidad\/libros\/g65973475\/mejores-novelas-negras-otono-invierno-2025\/\" data-vars-ga-ux-element=\"Hyperlink\" data-vars-ga-call-to-action=\"La novela negra, en particular, es un g\u00e9nero que cobra a\u00fan m\u00e1s sentido en esta \u00e9poca\" data-node-id=\"3.1.0\" class=\"body-link css-1kzkd1m emevuu60\" rel=\"nofollow noopener\">La novela negra, en particular, es un g\u00e9nero que cobra a\u00fan m\u00e1s sentido en esta \u00e9poca<\/a><\/strong>: engancha, mantiene en vilo a todo lector y le arrastra por tramas que se convierten en la mejor compa\u00f1\u00eda para las noches largas de principios de oto\u00f1o. <\/p>\n<p data-journey-content=\"true\" data-node-id=\"6\" class=\"css-6wxqfj emevuu60\">Este mes, <strong data-node-id=\"6.1\">La Casa del Libro ha puesto el foco en varios t\u00edtulos<\/strong>. Nosotros vamos a centrarnos en tres que responden a la perfecci\u00f3n a lo que un lector de thriller exige: intriga excelentemente bien construida, personajes memorables, un trasfondo que, m\u00e1s all\u00e1 de la manera resoluci\u00f3n de un crimen, habla en crudo del t\u00e9rmino sociedad.  Son tres apuestas diferentes en tono y estilo con un denominador com\u00fan: magnetismo narrativo. <\/p>\n<p data-journey-content=\"true\" data-node-id=\"8\" class=\"css-6wxqfj emevuu60\">El primero nos traslada a un escenario con vida propia: el Barrio G\u00f3tico de Barcelona. En <a href=\"https:\/\/www.esquire.com\/es\/actualidad\/libros\/a65334583\/novela-negra-premiada-barrio-gotico-barcelona\/\" target=\"_blank\" data-vars-ga-outbound-link=\"https:\/\/www.esquire.com\/es\/actualidad\/libros\/a65334583\/novela-negra-premiada-barrio-gotico-barcelona\/\" data-vars-ga-ux-element=\"Hyperlink\" data-vars-ga-call-to-action=\"&#039;Misterio en el Barrio G\u00f3tico&#039;, Sergio Vila-Sanju\u00e1n, flamante ganador del Premio de Novela Fernando Lara 2025\" data-node-id=\"8.1\" class=\"body-link css-1kzkd1m emevuu60\" rel=\"nofollow noopener\"><strong data-node-id=\"8.1.0\">&#8216;Misterio en el Barrio G\u00f3tico&#8217;, Sergio Vila-Sanju\u00e1n<\/strong>, flamante ganador del Premio de Novela Fernando Lara 2025<\/a>, se adentra en la ciudad con la mirada de Victor Balmoral, un periodista que, a las puertas de su jubilaci\u00f3n, recibe amenazadoras cartas que le llevan a un laberinto de cr\u00edmenes y secretos. La novela respira historia y melancol\u00eda; en ella hay fantasmas personales (como el de un amigo fallecido que lo visita) con la memoria de una urbe en transformaci\u00f3n. <strong data-node-id=\"8.3\">Vila Sanju\u00e1n hace de Barcelona un personaje<\/strong>. Hay cicatriz en cada barrio. C\u00f3mo reconciliarse con ella podr\u00eda ser la clave para comprender mejor nuestro presente. <\/p>\n<p>Planeta &#8216;Misterio en el Barrio G\u00f3tico&#8217;, de Sergio Vila-Sanju\u00e1n <\/p>\n<p><a target=\"_blank\" rel=\"nofollow noopener\" data-theme-key=\"product-image-wrapper\" href=\"https:\/\/www.amazon.es\/dp\/8408305913?tag=esquirespain-21\" aria-label=\"20\u00a0\u20ac en Amazon for &#039;Misterio en el Barrio G\u00f3tico&#039;, de Sergio Vila-Sanju\u00e1n \" data-href=\"https:\/\/www.amazon.es\/dp\/8408305913\" data-product-url=\"https:\/\/www.amazon.es\/dp\/8408305913\" data-affiliate=\"true\" data-affiliate-url=\"https:\/\/www.amazon.es\/dp\/8408305913?tag=esquirespain-21\" data-affiliate-network=\"{&quot;afflink_redirect&quot;:&quot;\/_p\/afflink\/xmqN\/amazon-misterio-en-el-barrio-gotico&quot;,&quot;site_id&quot;:&quot;92d07c0b-730d-4727-bddc-68f85354bda9&quot;,&quot;network&quot;:{&quot;name&quot;:&quot;Amazon&quot;},&quot;metadata&quot;:{&quot;links&quot;:{&quot;default&quot;:&quot;https:\/\/www.amazon.es\/dp\/8408305913?tag=esquirespain-21&quot;}}}\" data-vars-ga-call-to-action=\"20\u00a0\u20ac en Amazon\" data-vars-ga-media-role=\"\" data-vars-ga-media-type=\"Single Product Embed\" data-vars-ga-outbound-link=\"https:\/\/www.amazon.es\/dp\/8408305913\" data-vars-ga-product-brand=\"Planeta\" data-vars-ga-product-id=\"74e82816-ab0e-4de0-b03d-9b2da95ae4c4\" data-vars-ga-product-price=\"19,85\u00a0\u20ac\" data-vars-ga-product-retailer-id=\"746cc946-0412-4a52-a886-4fcd21bf1aca\" data-vars-ga-product-sem3-category=\"Ficci\u00f3n contempor\u00e1nea\" data-vars-ga-link-treatment=\"(not set) | (not set)\" data-vars-ga-sku=\"8408305913\" data-vars-ga-magento-tracking=\"1\" class=\"product-image-link ebgq4gw2 e1b8bpvs0 css-g6od0w e1c1bym14\"><img  alt=\"'Misterio en el Barrio G\u00f3tico', de Sergio Vila-Sanju\u00e1n \" title=\"'Misterio en el Barrio G\u00f3tico', de Sergio Vila-Sanju\u00e1n \" src=\"https:\/\/www.europesays.com\/es\/wp-content\/uploads\/2025\/09\/1758237501_86_1748600100-81vjdHj8xyL.jpg\" width=\"1681\" height=\"2560\" decoding=\"async\" loading=\"lazy\"\/><\/a>Features at a Glance<\/p>\n<tr data-theme-key=\"embedded-product-key-specs-line\" class=\"css-0 elexcwx2\">Editorial<\/p>\n<td data-theme-key=\"embedded-product-key-specs-value-item\" class=\"css-1flax12 elexcwx1\">Editorial Planeta<\/td>\n<\/tr>\n<tr data-theme-key=\"embedded-product-key-specs-line\" class=\"css-0 elexcwx2\">N\u00famero de p\u00e1ginas<\/p>\n<td data-theme-key=\"embedded-product-key-specs-value-item\" class=\"css-1flax12 elexcwx1\">256<\/td>\n<\/tr>\n<tr data-theme-key=\"embedded-product-key-specs-line\" class=\"css-0 elexcwx2\">A\u00f1o de edici\u00f3n<\/p>\n<td data-theme-key=\"embedded-product-key-specs-value-item\" class=\"css-1flax12 elexcwx1\">2025<\/td>\n<\/tr>\n<p data-journey-content=\"true\" data-node-id=\"13\" class=\"css-6wxqfj emevuu60\">El segundo adictivo t\u00edtulo rompe con la solemnidad. Abraza <a href=\"https:\/\/www.esquire.com\/es\/actualidad\/libros\/g65983900\/mejores-novelas-negras-cozy-crime-actuales\/\" target=\"_blank\" data-vars-ga-outbound-link=\"https:\/\/www.esquire.com\/es\/actualidad\/libros\/g65983900\/mejores-novelas-negras-cozy-crime-actuales\/\" data-vars-ga-ux-element=\"Hyperlink\" data-vars-ga-call-to-action=\"el subg\u00e9nero del cozy crime\" data-node-id=\"13.1\" class=\"body-link css-1kzkd1m emevuu60\" rel=\"nofollow noopener\">el subg\u00e9nero del cozy crime<\/a> con un tono l\u00fadico, sorprendentemente fresco. <strong data-node-id=\"13.3\"><a href=\"https:\/\/www.esquire.com\/es\/actualidad\/libros\/a34759185\/el-club-del-crimen-de-los-jueves-richard-osman-entrevista\/\" target=\"_blank\" data-vars-ga-outbound-link=\"https:\/\/www.esquire.com\/es\/actualidad\/libros\/a34759185\/el-club-del-crimen-de-los-jueves-richard-osman-entrevista\/\" data-vars-ga-ux-element=\"Hyperlink\" data-vars-ga-call-to-action=\"&#039;El club del crimen de los jueves&#039;, de Richard Osman\" data-node-id=\"13.3.0\" class=\"body-link css-1kzkd1m emevuu60\" rel=\"nofollow noopener\">&#8216;El club del crimen de los jueves&#8217;, de Richard Osman<\/a><\/strong>, es un fen\u00f3meno mundial por su genial habilidad de aunar el misterio cl\u00e1sico con ternura y humor. La premisa es sencilla e irresistible: cuatro jubilados brit\u00e1nicos (un psiquiatra, una enfermera, un antiguo activista y una mujer de pasado enigm\u00e1tico) se re\u00fanen semanalmente para investigar cr\u00edmenes. Cuando el asesinato de un promotor inmobiliario golpea su tranquila residencia, el grupo va a querer demostrar que la experiencia y la astucia no entienden de edad. Osman despliega un \u00e1gil relato, con ingeniosos di\u00e1logos y ecos de Agatha Christie. Es una comedia negra que, y <strong data-node-id=\"13.5\">as\u00ed lo han dicho los mejores cr\u00edticos, \u00abigual\u00f3 en ventas a Harry Potter\u00bb (El Pa\u00eds). <\/strong><\/p>\n<p>Booket &#8216;El Club del Crimen de los Jueves&#8217;, de Richard Osman<\/p>\n<p><a target=\"_blank\" rel=\"nofollow noopener\" data-theme-key=\"product-image-wrapper\" href=\"https:\/\/www.amazon.es\/dp\/8467065605?tag=esquirespain-21\" aria-label=\"11\u00a0\u20ac en Amazon for &#039;El Club del Crimen de los Jueves&#039;, de Richard Osman\" data-href=\"https:\/\/www.amazon.es\/dp\/8467065605\" data-product-url=\"https:\/\/www.amazon.es\/dp\/8467065605\" data-affiliate=\"true\" data-affiliate-url=\"https:\/\/www.amazon.es\/dp\/8467065605?tag=esquirespain-21\" data-affiliate-network=\"{&quot;afflink_redirect&quot;:&quot;\/_p\/afflink\/xmqP\/amazon-el-club-del-crimen-de&quot;,&quot;site_id&quot;:&quot;92d07c0b-730d-4727-bddc-68f85354bda9&quot;,&quot;network&quot;:{&quot;name&quot;:&quot;Amazon&quot;},&quot;metadata&quot;:{&quot;links&quot;:{&quot;default&quot;:&quot;https:\/\/www.amazon.es\/dp\/8467065605?tag=esquirespain-21&quot;}}}\" data-vars-ga-call-to-action=\"11\u00a0\u20ac en Amazon\" data-vars-ga-media-role=\"\" data-vars-ga-media-type=\"Single Product Embed\" data-vars-ga-outbound-link=\"https:\/\/www.amazon.es\/dp\/8467065605\" data-vars-ga-product-brand=\"Booket\" data-vars-ga-product-id=\"034b52a1-4298-42f9-8b4d-f8e2f1b08152\" data-vars-ga-product-price=\"11,35\u00a0\u20ac\" data-vars-ga-product-retailer-id=\"0cb776d2-a8ec-4af7-a77c-8efb56681611\" data-vars-ga-product-sem3-brand=\"Booket\" data-vars-ga-link-treatment=\"(not set) | (not set)\" data-vars-ga-sku=\"8467065605\" data-vars-ga-magento-tracking=\"1\" class=\"product-image-link ebgq4gw2 e1b8bpvs0 css-g6od0w e1c1bym14\"><img  alt=\"'El Club del Crimen de los Jueves', de Richard Osman\" title=\"'El Club del Crimen de los Jueves', de Richard Osman\" src=\"https:\/\/www.europesays.com\/es\/wp-content\/uploads\/2025\/09\/1757156087-71O-tN-zxL.jpg\" width=\"1681\" height=\"2560\" decoding=\"async\" loading=\"lazy\"\/><\/a>Features at a Glance<\/p>\n<tr data-theme-key=\"embedded-product-key-specs-line\" class=\"css-0 elexcwx2\">Editorial<\/p>\n<td data-theme-key=\"embedded-product-key-specs-value-item\" class=\"css-1flax12 elexcwx1\">Booket<\/td>\n<\/tr>\n<tr data-theme-key=\"embedded-product-key-specs-line\" class=\"css-0 elexcwx2\">N\u00famero de p\u00e1ginas<\/p>\n<td data-theme-key=\"embedded-product-key-specs-value-item\" class=\"css-1flax12 elexcwx1\">464<\/td>\n<\/tr>\n<tr data-theme-key=\"embedded-product-key-specs-line\" class=\"css-0 elexcwx2\">A\u00f1o de edici\u00f3n<\/p>\n<td data-theme-key=\"embedded-product-key-specs-value-item\" class=\"css-1flax12 elexcwx1\">2022<\/td>\n<\/tr>\n<p data-journey-content=\"true\" data-node-id=\"16\" class=\"css-6wxqfj emevuu60\">El tercer libro nos lleva a un terreno mucho m\u00e1s oscuro y visceral. En<strong data-node-id=\"16.1\"> &#8216;El Esplendor&#8217;, Agust\u00edn Mart\u00ednez <\/strong>(integrante del colectivo <a href=\"https:\/\/www.esquire.com\/es\/actualidad\/libros\/a45431500\/carmen-mola-el-infierno-inteligencia-artificial-entrevista\/\" target=\"_blank\" data-vars-ga-outbound-link=\"https:\/\/www.esquire.com\/es\/actualidad\/libros\/a45431500\/carmen-mola-el-infierno-inteligencia-artificial-entrevista\/\" data-vars-ga-ux-element=\"Hyperlink\" data-vars-ga-call-to-action=\"Carmen Mola\" data-node-id=\"16.3\" class=\"body-link css-1kzkd1m emevuu60\" rel=\"nofollow noopener\">Carmen Mola<\/a>) plantea una historia en la que la ambici\u00f3n, violencia y deshumanizaci\u00f3n se unen de manera perturbadora. C\u00e9sar y Rebeca, una pareja que vive de peque\u00f1os enga\u00f1os, se ven arrastrados a un abismo cuando ella regresa de un viaje en estado catat\u00f3nico, con heridas f\u00edsicas y secretos. <strong data-node-id=\"16.5\">La b\u00fasqueda de respuestas<\/strong> lleva a C\u00e9sar a descubrir que su compa\u00f1era quiz\u00e1 no le ha contado toda la verdad. El pulso en esta novela es tenso y cuestiona hasta d\u00f3nde puede llegar la condici\u00f3n humana cuando se diluyen los l\u00edmites de lo moral.  <\/p>\n<p>Planeta &#8216;El Esplendor&#8217;, de Agust\u00edn Mart\u00ednez<\/p>\n<p><a target=\"_blank\" rel=\"nofollow noopener\" data-theme-key=\"product-image-wrapper\" href=\"https:\/\/www.amazon.es\/dp\/8408297325?tag=esquirespain-21\" aria-label=\"21\u00a0\u20ac en Amazon for &#039;El Esplendor&#039;, de Agust\u00edn Mart\u00ednez\" data-href=\"https:\/\/www.amazon.es\/dp\/8408297325\" data-product-url=\"https:\/\/www.amazon.es\/dp\/8408297325\" data-affiliate=\"true\" data-affiliate-url=\"https:\/\/www.amazon.es\/dp\/8408297325?tag=esquirespain-21\" data-affiliate-network=\"{&quot;afflink_redirect&quot;:&quot;\/_p\/afflink\/xmqR\/amazon-el-esplendor-autor-espanol-e&quot;,&quot;site_id&quot;:&quot;92d07c0b-730d-4727-bddc-68f85354bda9&quot;,&quot;network&quot;:{&quot;name&quot;:&quot;Amazon&quot;},&quot;metadata&quot;:{&quot;links&quot;:{&quot;default&quot;:&quot;https:\/\/www.amazon.es\/dp\/8408297325?tag=esquirespain-21&quot;}}}\" data-vars-ga-call-to-action=\"21\u00a0\u20ac en Amazon\" data-vars-ga-media-role=\"\" data-vars-ga-media-type=\"Single Product Embed\" data-vars-ga-outbound-link=\"https:\/\/www.amazon.es\/dp\/8408297325\" data-vars-ga-product-brand=\"Planeta\" data-vars-ga-product-id=\"3d1a9d66-2b46-4b14-8263-162035d7b22b\" data-vars-ga-product-price=\"20,80\u00a0\u20ac\" data-vars-ga-product-retailer-id=\"79b91914-ec1d-412e-a32a-3a45ef82c44f\" data-vars-ga-product-sem3-category=\"Acci\u00f3n y aventura\" data-vars-ga-link-treatment=\"(not set) | (not set)\" data-vars-ga-sku=\"8408297325\" data-vars-ga-magento-tracking=\"1\" class=\"product-image-link ebgq4gw2 e1b8bpvs0 css-g6od0w e1c1bym14\"><img  alt=\"'El Esplendor', de Agust\u00edn Mart\u00ednez\" title=\"'El Esplendor', de Agust\u00edn Mart\u00ednez\" src=\"https:\/\/www.europesays.com\/es\/wp-content\/uploads\/2025\/09\/1732104026-61IebE2-FaL.jpg\" width=\"1682\" height=\"2560\" decoding=\"async\" loading=\"lazy\"\/><\/a>Features at a Glance<\/p>\n<tr data-theme-key=\"embedded-product-key-specs-line\" class=\"css-0 elexcwx2\">Editorial<\/p>\n<td data-theme-key=\"embedded-product-key-specs-value-item\" class=\"css-1flax12 elexcwx1\">Editorial Planeta<\/td>\n<\/tr>\n<tr data-theme-key=\"embedded-product-key-specs-line\" class=\"css-0 elexcwx2\">N\u00famero de p\u00e1ginas<\/p>\n<td data-theme-key=\"embedded-product-key-specs-value-item\" class=\"css-1flax12 elexcwx1\">416<\/td>\n<\/tr>\n<tr data-theme-key=\"embedded-product-key-specs-line\" class=\"css-0 elexcwx2\">A\u00f1o de edici\u00f3n<\/p>\n<td data-theme-key=\"embedded-product-key-specs-value-item\" class=\"css-1flax12 elexcwx1\">2025<\/td>\n<\/tr>\n<p data-journey-content=\"true\" data-node-id=\"19\" class=\"css-6wxqfj emevuu60\">Estos tres libros conforman una suerte de tr\u00edptico dentro del g\u00e9nero. Uno se alimenta de la memoria hist\u00f3rica y urbana; otro de la inteligencia l\u00fadica del humor; el tercero de la crudeza del thriller m\u00e1s sombr\u00edo. Cada uno, a su manera, muestra <strong data-node-id=\"19.1\">la riqueza de <a href=\"https:\/\/www.esquire.com\/es\/actualidad\/libros\/g62759952\/mejores-libros-novela-negra-2025\/\" target=\"_blank\" data-vars-ga-outbound-link=\"https:\/\/www.esquire.com\/es\/actualidad\/libros\/g62759952\/mejores-libros-novela-negra-2025\/\" data-vars-ga-ux-element=\"Hyperlink\" data-vars-ga-call-to-action=\"la novela negra contempor\u00e1nea\" data-node-id=\"19.1.1\" class=\"body-link css-1kzkd1m emevuu60\" rel=\"nofollow noopener\">la novela negra contempor\u00e1nea<\/a><\/strong>, capaz de reinventarse cada mes. <\/p>\n<p data-journey-content=\"true\" data-node-id=\"21\" class=\"css-6wxqfj emevuu60\">Septiembre, con melancol\u00eda y nueva rutina, es un mes que invita a elegir <strong data-node-id=\"21.1\">lecturas desafiantes, sospechosas y que mantengan a todo lector en alerta.<\/strong> La Casa del Libro nos ofrece en estas tres recomendaciones una clara promesa: adentrarnos en historias que nos van a impedir soltar el libro hasta la \u00faltima l\u00ednea. Pocas sensaciones igualan a la de dejarse arrastrar por un misterio bien contado. <\/p>\n","protected":false},"excerpt":{"rendered":"La rentr\u00e9e literaria suele traer consigo un aire de expectativa. Tras el verano, septiembre se convierte en el&hellip;\n","protected":false},"author":2,"featured_media":124006,"comment_status":"","ping_status":"","sticky":false,"template":"","format":"standard","meta":{"footnotes":""},"categories":[172],"tags":[1655,224,253,146,147,25,24,225,23],"class_list":{"0":"post-124005","1":"post","2":"type-post","3":"status-publish","4":"format-standard","5":"has-post-thumbnail","7":"category-libros","8":"tag-afiliacion","9":"tag-books","10":"tag-discover","11":"tag-entertainment","12":"tag-entretenimiento","13":"tag-es","14":"tag-espana","15":"tag-libros","16":"tag-spain"},"share_on_mastodon":{"url":"","error":""},"_links":{"self":[{"href":"https:\/\/www.europesays.com\/es\/wp-json\/wp\/v2\/posts\/124005","targetHints":{"allow":["GET"]}}],"collection":[{"href":"https:\/\/www.europesays.com\/es\/wp-json\/wp\/v2\/posts"}],"about":[{"href":"https:\/\/www.europesays.com\/es\/wp-json\/wp\/v2\/types\/post"}],"author":[{"embeddable":true,"href":"https:\/\/www.europesays.com\/es\/wp-json\/wp\/v2\/users\/2"}],"replies":[{"embeddable":true,"href":"https:\/\/www.europesays.com\/es\/wp-json\/wp\/v2\/comments?post=124005"}],"version-history":[{"count":0,"href":"https:\/\/www.europesays.com\/es\/wp-json\/wp\/v2\/posts\/124005\/revisions"}],"wp:featuredmedia":[{"embeddable":true,"href":"https:\/\/www.europesays.com\/es\/wp-json\/wp\/v2\/media\/124006"}],"wp:attachment":[{"href":"https:\/\/www.europesays.com\/es\/wp-json\/wp\/v2\/media?parent=124005"}],"wp:term":[{"taxonomy":"category","embeddable":true,"href":"https:\/\/www.europesays.com\/es\/wp-json\/wp\/v2\/categories?post=124005"},{"taxonomy":"post_tag","embeddable":true,"href":"https:\/\/www.europesays.com\/es\/wp-json\/wp\/v2\/tags?post=124005"}],"curies":[{"name":"wp","href":"https:\/\/api.w.org\/{rel}","templated":true}]}}