{"id":124007,"date":"2025-09-18T23:19:08","date_gmt":"2025-09-18T23:19:08","guid":{"rendered":"https:\/\/www.europesays.com\/es\/124007\/"},"modified":"2025-09-18T23:19:08","modified_gmt":"2025-09-18T23:19:08","slug":"buenafuente-vuelve-fuerte-y-se-marca-un-monologo-que-ya-piden-verlo-en-bucle","status":"publish","type":"post","link":"https:\/\/www.europesays.com\/es\/124007\/","title":{"rendered":"Buenafuente vuelve fuerte y se marca un mon\u00f3logo que ya piden verlo \u201cEN BUCLE&#8217;"},"content":{"rendered":"<p>Andreu Buenafuente ha vuelto este jueves a La 1 con la\u00a0<a href=\"https:\/\/eltelevisero.huffingtonpost.es\/2025\/09\/el-futuro-imperfecto-de-buenafuente-vuelve-a-la-1-su-destacada-novedad-y-nuevos-colaboradores\/\" target=\"_blank\" rel=\"nofollow noopener\">segunda temporada de\u00a0Futuro imperfecto<\/a>, el programa donde analiza la actualidad desde una perspectiva humor\u00edstica. Sin embargo, en el estreno de esta noche, el humorista ha sorprendido a muchos con un arranque que nadie se esperaba. Ni chistes f\u00e1ciles, ni bromitas baratas para que el p\u00fablico vaya entrado en calor: sentado en el borde del escenario, ha pedido permiso para hablar \u201cfuera del programa\u201d con un mon\u00f3logo tan crudo como l\u00facido, que muchos, siempre en las redes sociales, ya han bautizado como \u00abun discurso para ver en bucle\u201d una y otra vez.<\/p>\n<p>Buenafuente arranc\u00f3 la noche bromeando, incluso, sobre su edad: \u201cAntes de empezar el programa y desplegar toda la comedia que podamos o sepamos hacer, quer\u00eda compartir con vosotros una peque\u00f1a reflexi\u00f3n. Esto no es programa y si no les importa, me siento un momento, porque quieras que no la edad se va notando\u201d. Fue el primer aviso de que la noche del regreso de Futuro Imperfecto no iba de risas ligeras.<\/p>\n<p>\u201cA partir de ah\u00ed, confes\u00f3 lo que significa estar un tiempo sin programa: \u00abNo hay nada peor que un c\u00f3mico parado. A m\u00ed en mi casa no me escucha nadie, me dan \u00f3rdenes y yo las cumplo. Pero mis opiniones se me van quedando dentro y digo: esto va a petar\u201d, confes\u00f3. Esa fue la mecha de un repaso que ha estado bien lleno de dardos directos y muy poco complacientes contra la pol\u00edtica y el clima \u00abirrespirable\u00bb del mundo. Hubo hasta <a href=\"https:\/\/www.huffingtonpost.es\/global\/jimmy-kimmel-como-donald-trump-supuestos-defensores-libertad-expresion-han-censurado-dos-presentadores-criticos.html\" title=\"Jimmy Kimmel o c\u00f3mo Donald Trump y los supuestos defensores de la libertad de expresi\u00f3n han censurado ya a dos presentadores cr\u00edticos\" rel=\"nofollow noopener\" target=\"_blank\">un gui\u00f1o a la &#8216;cancelaci\u00f3n&#8217; de Jimmy Kimmel:<\/a> \u201cSi no mira lo que le ha pasado, que esta ma\u00f1ana le han dicho, \u00bfsabes contar? Pues no cuentes con nosotros. Le han suspendido el programa. S\u00ed, s\u00ed, s\u00ed\u201d, recordaba Buenafuente.<\/p>\n<p>No obstante, el grueso del mon\u00f3logo de Andreu Buenafuente se concentr\u00f3 en la pol\u00edtica espa\u00f1ola, contra la que carg\u00f3 por la deriva verbal de algunos representantes: \u201cCuando un responsable pol\u00edtico de primer nivel compara <a href=\"https:\/\/www.huffingtonpost.es\/virales\/ayuso-dice-madrid-parecia-un-sarajevo-guerra-perezreverte-le-recuerda-par-cosas.html\" title=\"Ayuso dice que Madrid parec\u00eda \" un=\"\" sarajevo=\"\" en=\"\" guerra=\"\" y=\"\" p=\"\" le=\"\" recuerda=\"\" par=\"\" de=\"\" cosas=\"\" rel=\"nofollow noopener\" target=\"_blank\">las protestas de Madrid en la Vuelta a Espa\u00f1a con el cerco de Sarajevo<\/a>, donde murieron miles de personas, se convierte autom\u00e1ticamente en un irresponsable pol\u00edtico. Y no veo humor ah\u00ed\u201d. Poco despu\u00e9s, volv\u00eda a disparar otra andanada de reproches: \u201cCuando otro habla de enterrar un partido en una fosa, a m\u00ed me agrede personalmente. Tampoco hay humor ah\u00ed. No hay humor\u201d, se\u00f1alaba en alusi\u00f3n a las <a href=\"https:\/\/www.huffingtonpost.es\/politica\/hasta-pedro-sanchez-respondido-inmediato-polemica-afirmacion-miguel-tellado-gobierno.html\" title=\"Hasta Pedro S\u00e1nchez ha respondido de inmediato a esta pol\u00e9mica afirmaci\u00f3n de Miguel Tellado contra el Gobierno\" rel=\"nofollow noopener\" target=\"_blank\">palabras de Miguel Tellado contra el Gobierno<\/a> realizadas en un acto del PP celebrado en Pamplona este verano.<\/p>\n<p>La referencia no era gratuita. Buenafuente record\u00f3 a su abuelo, fusilado, y que a\u00fan est\u00e1 enterrado, sin identificar, en una fosa: \u201cMi abuelo Mariano sigue sin poder ser identificado en alg\u00fan campo del Maestrazgo, como miles y miles de soldados republicanos que cayeron en combate. As\u00ed que por favor, no hablen as\u00ed de las fosas\u201d. Desde ese momento, el presentador de Futuro Imperfecto trazaba\u00a0un diagn\u00f3stico demoledor de la pol\u00edtica en Espa\u00f1a: \u201cLa banalizaci\u00f3n de la ignorancia nos hace peores. No tenemos valores, no tenemos pasado y, por lo tanto, no tenemos presente. O el presente que tenemos es una mierda\u201d, remataba entre aplausos.<\/p>\n<p>No se olvid\u00f3 de las cat\u00e1strofes naturales que han sacudido Espa\u00f1a recientemente: \u201cLos peores incendios de nuestra historia han dejado un reguero de escaqueos. Aqu\u00ed siempre la culpa es del otro, como la DANA. Esto es una doctrina trumpista: no admitas un error, no debatas, simplemente ataca, ataca, ataca, muerde y destroza\u00bb, antes de rematar con la idea de que la pol\u00edtica ha \u00abconseguido que no haya rivales, solo enemigos\u00bb.\u00a0<\/p>\n<p>\u00abYo no me he peleado nunca. Ahora, el d\u00eda que me pelee va a salir todo. Pero pelearme, yo no me he peleado nunca. Yo no quiero enemigos. Yo solo quiero que mi pa\u00eds sea un sitio justo y razonable\u00bb, porque, continuaba Buenafuente, \u00aba m\u00ed no me gusta un pa\u00eds donde se normaliza y se celebra llamar hijo de puta a tu presidente. No estoy a gusto, me agrede. Que responda por sus actos en las urnas o en los tribunales. \u00bfQu\u00e9 hay corrupci\u00f3n? Que se investigue, se juzgue, venga de donde venga. Igual eso es lo \u00fanico en lo que estamos de acuerdo\u201d, apuntaba entre aplausos.<\/p>\n<p>El discurso de Buenafuente tampoco esquiv\u00f3 el tema central de la pol\u00edtica internacional y denunci\u00f3 la falta de reacci\u00f3n internacional por el asedio de Israel sobre Gaza: \u201cPor no hablar del<a href=\"https:\/\/www.huffingtonpost.es\/politica\/el-alcalde-madrid-jose-luis-martinezalmeida-no-hay-genocidio-gaza.html\" title=\"El alcalde de Madrid, Jos\u00e9 Luis Mart\u00ednez-Almeida: \" no=\"\" hay=\"\" genocidio=\"\" en=\"\" gaza=\"\" rel=\"nofollow noopener\" target=\"_blank\"> funambulismo de muchos por no admitir el genocidio<\/a>, que hasta la propia ONU ya lo acaba de cualificar hace pocas horas. \u00bfQui\u00e9n es la ONU para decirlo? \u00a1Co\u00f1o, la ONU!\u201d, apunt\u00f3 con sorna el presentador de Futuro Imperfecto:\u00a0\u201cYo veo las im\u00e1genes de Gaza y, como decimos en Catalu\u00f1a, em cau un coll\u00f3 per cada camal. Que, traducido, es se me cae un huevo por cada pernera\u201d, lo que provoc\u00f3 una ovaci\u00f3n del p\u00fablico.<\/p>\n<p>Hubo tambi\u00e9n una declaraci\u00f3n de principios sobre la propia televisi\u00f3n: \u201cLo que s\u00ed hemos dicho este a\u00f1o es no dejemos entrar a todo lo que atente contra los m\u00ednimos valores de humanidad y de civismo. El exabrupto, la declaraci\u00f3n para llenar telediarios. Con tu pan, te la comas\u201d, al que le sigui\u00f3 un cierre que suena a leitmotiv de temporada: \u00abEsto no va de partidos, va de no sentir verg\u00fcenza ajena\u201d, despidi\u00f3 Buenafuente.<\/p>\n<p>\u201cSimplemente genial\u00bb<\/p>\n<p>El discurso de Buenafuente ha empezado a correr como la p\u00f3lvora en las redes sociales en las que lo ha compartido TVE, donde son muchos los usuarios que han compartido comentarios muy en sinton\u00eda con el tono del discurso: \u201cEl mon\u00f3logo de Buenafuente en #FuturoImperfecto es para verlo EN BUCLE\u201d, se\u00f1alaba uno de los m\u00e1s repetidos.<\/p>\n<p>Otros celebraban el giro serio y el retrato de la crispaci\u00f3n pol\u00edtica: \u201cSimplemente genial. Por fortuna, la sensatez va ganando terreno. Y lo que venimos viendo una respuesta desmesurada..un genocidio, lo estamos denunciando cada vez con m\u00e1s fuerza\u201d, resum\u00eda otro espectador. \u201cYo creo que somos muchos los que nos sentimos as\u00ed de avergonzados por el circo que tenemos delante, lleno de odio. Bravo, bravo y bravo\u201d, apuntaba otro.<\/p>\n<p>Incluso hubo quien tir\u00f3 de iron\u00eda para subrayar el contraste entre el papel del c\u00f3mico y el de los pol\u00edticos: \u201cTiene narices que tenga que venir un \u2018payaso\u2019 (entonado como a \u00e9l le gusta, y dicho con todo el cari\u00f1o) a soltar verdades, a poner cordura y a recuperar la decencia que muchos medios te\u00f3ricamente serios han perdido\u201d.<\/p>\n<p><a href=\"https:\/\/eltelevisero.huffingtonpost.es\/2025\/09\/los-5-atronadores-titulares-de-andreu-buenafuente-en-futuro-imperfecto-con-palos-a-ayuso-israel-tellado-y-al-hijo-de-puta\/\" target=\"_blank\" rel=\"nofollow noopener\">El arranque de Andreu Buenafuente<\/a> encaja a las mil maravillas con la gran novedad de esta temporada: Futuro imperfecto se graba ahora los jueves por la tarde, apenas unas horas antes de su emisi\u00f3n. TVE quiere evitar fiascos como el de la primera temporada, cuando la dimisi\u00f3n de Santos Cerd\u00e1n pill\u00f3 al programa grabado y tuvieron que avisar a los espectadores con un r\u00f3tulo: \u201cPrograma grabado antes de la dimisi\u00f3n de Santos Cerd\u00e1n. Rogamos a los pol\u00edticos que respeten nuestro calendario de producci\u00f3n\u201d.<\/p>\n<p>Adem\u00e1s, RTVE coloca a Buenafuente de nuevo frente a Supervivientes y La Revuelta en una batalla del prime time que promete guerra. La p\u00fablica llega en buen momento tras el estreno de Los archivos secretos del NO-DO y refuerza el formato con caras conocidas como Silvia Abril, Tamara Garc\u00eda Romero, Ra\u00fal Cimas o Sergi Estella, a los que se sumar\u00e1n c\u00f3micos invitados. Incluso se han guardado una novedad: por primera vez el programa saldr\u00e1 de Terrassa para grabar en otra ciudad.<\/p>\n<p>La primera entrega, titulada \u201cEstamos de vuelta\u201d, repas\u00f3 el verano con m\u00fasica, s\u00e1tira y las colaboraciones habituales. Pero lo que se lleva todos los titulares es ese pr\u00f3logo inesperado: ocho minutos de mon\u00f3logo serio que ya circulan por redes sociales como prueba de que Buenafuente ha vuelto m\u00e1s inc\u00f3modo y m\u00e1s libre que nunca.<\/p>\n","protected":false},"excerpt":{"rendered":"Andreu Buenafuente ha vuelto este jueves a La 1 con la\u00a0segunda temporada de\u00a0Futuro imperfecto, el programa donde analiza&hellip;\n","protected":false},"author":2,"featured_media":124008,"comment_status":"","ping_status":"","sticky":false,"template":"","format":"standard","meta":{"footnotes":""},"categories":[171],"tags":[2058,146,147,25,24,2061,694,20754,40577,40574,40576,518,10791,40575,23,3947,6056,214],"class_list":{"0":"post-124007","1":"post","2":"type-post","3":"status-publish","4":"format-standard","5":"has-post-thumbnail","7":"category-tv","8":"tag-andreu-buenafuente","9":"tag-entertainment","10":"tag-entretenimiento","11":"tag-es","12":"tag-espana","13":"tag-futuro-imperfecto","14":"tag-gaza","15":"tag-jimmy-kimmel","16":"tag-la-vuelta-ciclista","17":"tag-monologo-buenafuente","18":"tag-prime-time-tve","19":"tag-rtve","20":"tag-sarajevo","21":"tag-segunda-temporada-futuro-imperfecto","22":"tag-spain","23":"tag-supervivientes","24":"tag-television-espanola","25":"tag-tv"},"share_on_mastodon":{"url":"","error":""},"_links":{"self":[{"href":"https:\/\/www.europesays.com\/es\/wp-json\/wp\/v2\/posts\/124007","targetHints":{"allow":["GET"]}}],"collection":[{"href":"https:\/\/www.europesays.com\/es\/wp-json\/wp\/v2\/posts"}],"about":[{"href":"https:\/\/www.europesays.com\/es\/wp-json\/wp\/v2\/types\/post"}],"author":[{"embeddable":true,"href":"https:\/\/www.europesays.com\/es\/wp-json\/wp\/v2\/users\/2"}],"replies":[{"embeddable":true,"href":"https:\/\/www.europesays.com\/es\/wp-json\/wp\/v2\/comments?post=124007"}],"version-history":[{"count":0,"href":"https:\/\/www.europesays.com\/es\/wp-json\/wp\/v2\/posts\/124007\/revisions"}],"wp:featuredmedia":[{"embeddable":true,"href":"https:\/\/www.europesays.com\/es\/wp-json\/wp\/v2\/media\/124008"}],"wp:attachment":[{"href":"https:\/\/www.europesays.com\/es\/wp-json\/wp\/v2\/media?parent=124007"}],"wp:term":[{"taxonomy":"category","embeddable":true,"href":"https:\/\/www.europesays.com\/es\/wp-json\/wp\/v2\/categories?post=124007"},{"taxonomy":"post_tag","embeddable":true,"href":"https:\/\/www.europesays.com\/es\/wp-json\/wp\/v2\/tags?post=124007"}],"curies":[{"name":"wp","href":"https:\/\/api.w.org\/{rel}","templated":true}]}}