{"id":124023,"date":"2025-09-18T23:27:08","date_gmt":"2025-09-18T23:27:08","guid":{"rendered":"https:\/\/www.europesays.com\/es\/124023\/"},"modified":"2025-09-18T23:27:08","modified_gmt":"2025-09-18T23:27:08","slug":"venezuela-aprueba-un-tratado-de-asociacion-estrategica-con-rusia-en-plena-crisis-militar-con-estados-unidos","status":"publish","type":"post","link":"https:\/\/www.europesays.com\/es\/124023\/","title":{"rendered":"Venezuela aprueba un \u201ctratado de asociaci\u00f3n estrat\u00e9gica\u201d con Rusia en plena crisis militar con Estados Unidos"},"content":{"rendered":"<p class=\"\">La Asamblea Nacional de Venezuela, controlada ampliamente por la bancada chavista, ha aprobado, en primera discusi\u00f3n, la que ha llamado Ley Aprobatoria del Tratado de Asociaci\u00f3n Estrat\u00e9gica y Cooperaci\u00f3n entre Venezuela y Rusia, como rezaba en el orden del d\u00eda. Esta alianza surge en plena escalada militar con Estados Unidos, que ya ha pulverizado tres embarcaciones salidas de costas venezolanas y ha repetido en varias ocasiones que Nicol\u00e1s Maduro, su presidente, deber\u00e1 responder ante la justicia estadounidense por liderar, supuestamente, un c\u00e1rtel de la droga. <\/p>\n<p class=\"\">La medida supone un instrumento legal que ampliar\u00eda el campo para la cooperaci\u00f3n pol\u00edtica y econ\u00f3mica con el gigante euroasi\u00e1tico, pa\u00eds con el cual ya existen importantes acuerdos en materia militar. Por ejemplo, en Venezuela opera una f\u00e1brica de fusiles AK-103 Kal\u00e1shnikov con licencia nacional.<\/p>\n<p class=\"\">El presidente ruso, Vlad\u00edmir Putin, y su hom\u00f3logo venezolano han tenido este a\u00f1o un par de encuentros personales, en los cuales <a href=\"https:\/\/elpais.com\/elpais\/2019\/02\/09\/opinion\/1549735263_214274.html\" target=\"_self\" rel=\"nofollow noopener\" title=\"https:\/\/elpais.com\/elpais\/2019\/02\/09\/opinion\/1549735263_214274.html\">el exagente de la KGB ha celebrado la presencia de Maduro en el poder<\/a>, ha elogiado el estatus actual de la cooperaci\u00f3n entre ambos pa\u00edses, y ha manifestado la voluntad de ambos gobiernos de profundizarlas.<\/p>\n<p class=\"\">El oficialista Partido Socialista Unido de Venezuela adelanta esta iniciativa mientras aumenta la tensi\u00f3n militar y pol\u00edtica con Estados Unidos. Algunos de los miembros m\u00e1s importantes del Gobierno de Donald Trump \u2014como el secretario de Estado, Marco Rubio\u2014 no esconden su animadversi\u00f3n a Maduro y al resto de la nomenclatura chavista. Rubio ha sido muy enf\u00e1tico a la hora de pedir el derrocamiento del presidente venezolano, que el 28 de julio del a\u00f1o pasado cometi\u00f3 un fraude electoral para reelegirse. Putin se ha mantenido en silencio en medio de este duro intercambio verbal que mantiene Caracas con el Gobierno estadounidense de Donald Trump, que se ha traducido en <a href=\"https:\/\/elpais.com\/america\/2025-09-15\/el-chavismo-frena-por-ahora-la-ruptura-interna-y-se-prepara-para-una-posible-invasion-de-ee-uu.html\" target=\"_self\" rel=\"nofollow noopener\" title=\"https:\/\/elpais.com\/america\/2025-09-15\/el-chavismo-frena-por-ahora-la-ruptura-interna-y-se-prepara-para-una-posible-invasion-de-ee-uu.html\">una in\u00e9dita crisis pol\u00edtica.<\/a><\/p>\n<p class=\"\">Las acusaciones a Maduro como l\u00edder del C\u00e1rtel de los Soles y promotor del Tren de Aragua, organizaciones criminales venezolanas, son negadas diariamente por los dirigentes de la revoluci\u00f3n bolivariana, quienes aseguran que el pa\u00eds es territorio libre en materia de cultivos, y sostienen que estos se\u00f1alamientos buscan producir un incidente que busque forzar un cambio de r\u00e9gimen en Venezuela.<\/p>\n<p class=\"\">El chavismo ha querido este jueves exhibir su poder de fuego. La Aviaci\u00f3n Militar Bolivariana (AMB) ha difundido im\u00e1genes de aviones de caza de fabricaci\u00f3n rusa, los Sukhoi Su-30, equipados con misiles antibuque. En unas im\u00e1genes en Instagram, los cazas est\u00e1n alineados en una pista y toman vuelo. A su vez, 2.500 efectivos de \u00e9lite de la Fuerza Armada Nacional Bolivariana, y parte importante del material b\u00e9lico de la armada venezolana, han sido convocados a la isla de la Orchila, en el caribe venezolano. All\u00ed se van a ejecutar una serie de ejercicios militares de tres d\u00edas en estado de alerta, que estar\u00eda previendo escenarios hostiles en alta mar. Se trata de la operaci\u00f3n que el chavismo ha bautizado como Caribe Soberano 200.<\/p>\n<p class=\"\">Son semanas de m\u00e1xima agitaci\u00f3n en Caracas ante el temor de una invasi\u00f3n. Maduro instal\u00f3 lo que ha llamado el Consejo Nacional por la Soberan\u00eda y la Paz, un foro integrado por actores civiles chavistas e independientes (igualmente chavistas), empresarios vinculados al r\u00e9gimen, universidades privadas y p\u00fablicas, sindicatos y pol\u00edticos opositores tolerados por el Gobierno, en la cual se hizo un nuevo llamado a procurar la paz y defender la integridad de la patria.<\/p>\n<p class=\"\">Mientras, Trump neg\u00f3 ayer ante la prensa a bordo del avi\u00f3n presidencial Air Force One que haya mantenido conversaciones con miembros de su Gobierno para planear \u201cun cambio de r\u00e9gimen\u201d, informa Efe.<\/p>\n<p class=\"\">Como suele suceder en momentos de presi\u00f3n, el liderazgo chavista adopt\u00f3 un discurso plural y unitario. Al mismo tiempo, el PSUV hace un enorme esfuerzo por vincular a la poblaci\u00f3n al problema, y ha organizado m\u00faltiples jornadas pol\u00edticas con el argumento de la defensa nacional.<\/p>\n<p class=\"\">Maduro y Diosdado Cabello, los dos jerarcas del chavismo en el poder, han advertido en varias ocasiones que \u201cuna agresi\u00f3n a Venezuela\u201d, traer\u00eda consigo \u201cun escenario de lucha armada, bajo el criterio de la resistencia permanente prolongada\u201d. Un escenario en el cual las exigencias militares podr\u00edan desbordarse sobre la cotidianidad civil.<\/p>\n<p class=\"\">Cabello ha hecho algunas alusiones muy espec\u00edficas a sus adversarios en el marco pol\u00edtico venezolano actual: \u201cLos enemigos de la patria que est\u00e1n dentro, los caballos de troya, tiene que saber que ser\u00e1n tratados como tales en un escenario de agresi\u00f3n extranjera. Yo no s\u00e9 d\u00f3nde se van a meter\u201d. Rubio y senadores republicanos han advertido a los dirigentes chavistas que emprender alguna acci\u00f3n contra Mar\u00eda Corina Machado, la l\u00edder de la oposici\u00f3n, ser\u00eda fatal para ellos.<\/p>\n","protected":false},"excerpt":{"rendered":"La Asamblea Nacional de Venezuela, controlada ampliamente por la bancada chavista, ha aprobado, en primera discusi\u00f3n, la que&hellip;\n","protected":false},"author":2,"featured_media":124024,"comment_status":"","ping_status":"","sticky":false,"template":"","format":"standard","meta":{"footnotes":""},"categories":[42],"tags":[889,17,18,6191,629,13,14,11,61,62,63,64,19,20,1804,9,1194,10,15,16,1614,2573,32075,12,21,22,1192,65,66,67],"class_list":{"0":"post-124023","1":"post","2":"type-post","3":"status-publish","4":"format-standard","5":"has-post-thumbnail","7":"category-internacional","8":"tag-america","9":"tag-breaking-news","10":"tag-breakingnews","11":"tag-caracas","12":"tag-estados-unidos","13":"tag-featured-news","14":"tag-featurednews","15":"tag-headlines","16":"tag-internacional","17":"tag-international","18":"tag-international-news","19":"tag-internationalnews","20":"tag-latest-news","21":"tag-latestnews","22":"tag-latinoamerica","23":"tag-news","24":"tag-nicolas-maduro","25":"tag-noticias","26":"tag-noticias-destacadas","27":"tag-noticiasdestacadas","28":"tag-rusia","29":"tag-sudamerica","30":"tag-tensiones-territoriales","31":"tag-titulares","32":"tag-ultimas-noticias","33":"tag-ultimasnoticias","34":"tag-venezuela","35":"tag-world","36":"tag-world-news","37":"tag-worldnews"},"share_on_mastodon":{"url":"","error":""},"_links":{"self":[{"href":"https:\/\/www.europesays.com\/es\/wp-json\/wp\/v2\/posts\/124023","targetHints":{"allow":["GET"]}}],"collection":[{"href":"https:\/\/www.europesays.com\/es\/wp-json\/wp\/v2\/posts"}],"about":[{"href":"https:\/\/www.europesays.com\/es\/wp-json\/wp\/v2\/types\/post"}],"author":[{"embeddable":true,"href":"https:\/\/www.europesays.com\/es\/wp-json\/wp\/v2\/users\/2"}],"replies":[{"embeddable":true,"href":"https:\/\/www.europesays.com\/es\/wp-json\/wp\/v2\/comments?post=124023"}],"version-history":[{"count":0,"href":"https:\/\/www.europesays.com\/es\/wp-json\/wp\/v2\/posts\/124023\/revisions"}],"wp:featuredmedia":[{"embeddable":true,"href":"https:\/\/www.europesays.com\/es\/wp-json\/wp\/v2\/media\/124024"}],"wp:attachment":[{"href":"https:\/\/www.europesays.com\/es\/wp-json\/wp\/v2\/media?parent=124023"}],"wp:term":[{"taxonomy":"category","embeddable":true,"href":"https:\/\/www.europesays.com\/es\/wp-json\/wp\/v2\/categories?post=124023"},{"taxonomy":"post_tag","embeddable":true,"href":"https:\/\/www.europesays.com\/es\/wp-json\/wp\/v2\/tags?post=124023"}],"curies":[{"name":"wp","href":"https:\/\/api.w.org\/{rel}","templated":true}]}}