{"id":124025,"date":"2025-09-18T23:31:10","date_gmt":"2025-09-18T23:31:10","guid":{"rendered":"https:\/\/www.europesays.com\/es\/124025\/"},"modified":"2025-09-18T23:31:10","modified_gmt":"2025-09-18T23:31:10","slug":"paco-urena-tengo-mucha-ilusion-de-torear-en-la-condomina-como-lo-siento-de-verdad","status":"publish","type":"post","link":"https:\/\/www.europesays.com\/es\/124025\/","title":{"rendered":"Paco Ure\u00f1a: \u00abTengo mucha ilusi\u00f3n de torear en La Condomina como lo siento de verdad\u00bb"},"content":{"rendered":"<p>Hablamos con Ure\u00f1a la tarde antes de hacer su segundo pase\u00edllo en la feria de Murcia. Se encuentra tranquilo y lo encontramos haciendo labores de  &#8230; padre, despu\u00e9s de cumplir con su rutina diaria de entrenamiento. El final de temporada, despu\u00e9s de un inicio complicado, viene con el viento soplando a favor. Ure\u00f1a est\u00e1 en racha, firmando el pasado s\u00e1bado una faena memorable en la feria de Albacete, paseando dos orejas y un rabo e indultando al toro &#8216;Diablillo&#8217;, de Daniel Ruiz, y corroborando su gran momento en Murcia el martes, saliendo a hombros junto a Roca Rey por la puerta grande de La Condomina. <\/p>\n<p class=\"v-p\">\u2013Vamos d\u00eda a d\u00eda. Poquito a poco. Lo cierto es que me han dado mucha moral estas dos \u00faltimas corridas. Pero, a\u00fan estando bien y haber triunfado en Murcia todos estos a\u00f1os, todav\u00eda tengo mi espinita que quitarme en Murcia. Tengo mucha ilusi\u00f3n de torear un toro en La Condomina como lo siento de verdad. Creo que todav\u00eda no he podido hacer una faena como yo siento el toreo en esta plaza. \u00a1Ojal\u00e1 que pueda darse este viernes!<\/p>\n<p class=\"v-p\"><strong>\u2013Es su segunda tarde en la Feria de Murcia. Por segundo a\u00f1o consecutivo Ure\u00f1a es pilar del abono. El \u00fanico torero que hace doblete.<\/strong><\/p>\n<p class=\"v-p\">\u2013El algo que me hace feliz, pues es muy complicado estar acartelado dos tardes al ser una feria donde las corridas de toros en los \u00faltimos a\u00f1os se han reducido y es muy dif\u00edcil entrar con la cantidad de buenos toreros que quieren venir. Me siento muy afortunado de poder hacerlo.<\/p>\n<p class=\"v-p\"><strong>\u2013El cartel del martes de Romer\u00eda puso por segundo a\u00f1o consecutivo el cartel de \u00abno hay billetes\u00bb, con Talavante, Ure\u00f1a y Roca Rey. No se espera tanta demanda para hoy, pero se trata de una corrida especial, la del 1.200 aniversariode la fundaci\u00f3n de Murcia. \u00bfQu\u00e9 mensaje puede trasmitir a los aficionados para que acudan a la plaza?<\/strong><\/p>\n<p class=\"v-p\">\u2013Se trata, como bien dices, de una corrida especial. De celebraci\u00f3n para la ciudad. Es verdad que el ambiente del martes es muy dif\u00edcil de conseguir. S\u00e9 que el viernes es un d\u00eda laborable, pero espero que el aficionado y la gente responda como corresponde a un cartel como el anunciado, que es de cualquier feria de Espa\u00f1a.<\/p>\n<p>\nAGRADECIDO A LA EMPRESA\n<\/p>\n<p>\u00abTorear dos tardes en la Feria de Murcia me hace muy feliz. Las dos corridas me dan mucha moral\u00bb<\/p>\n<p class=\"v-p\"><strong>\u2013Respecto a la corrida del pasado martes, los toros de Victoriano del R\u00edo no tuvieron la misma calidad que el a\u00f1o pasado. Estuvo fenomenal con su primero. Su segundo fue muy complicado y peligroso. Si acierta con la espada le hubiera cortado las orejas como a su primero. Pese al peligro del animal, no le vimos pasar miedo.<\/strong><\/p>\n<p class=\"v-p\">\u2013Fue un toro muy exigente, que no se defini\u00f3 nunca y result\u00f3 muy complejo. Como estas ganader\u00edas tienen un fondo bravo, confi\u00e9 y pude estructurar la faena, aunque es verdad que me pas\u00e9 de faena y ten\u00eda que haber entrado a matar un poco antes. Esperemos que la corrida de hoy podamos tener una actuaci\u00f3n m\u00e1s redonda todav\u00eda.<\/p>\n<p class=\"v-p\"><strong>\u2013La corrida de hoy es de El Parralejo, una ganader\u00eda que debuta en Murcia.<\/strong><\/p>\n<p class=\"v-p\">\u2013Tenemos much\u00edsima fe en la corrida. Luego, Dios dir\u00e1 lo que los toros llevan dentro y lo que los toreros seamos capaces de expresar. Es una ganader\u00eda que viene en un momento excelente y con triunfos muy importantes.<\/p>\n<p class=\"v-p\"><strong>\u2013Con Miguel \u00c1ngel Perera y Daniel Luque. Toreros de ferias.<\/strong><\/p>\n<p class=\"v-p\">\u2013Es un cartel de cualquier feria con mucho atractivo, con tres toreros que est\u00e1n en una etapa de madurez, rondando los veinte a\u00f1os de alternativa, pero que cada uno mantiene su inter\u00e9s y, sobre todo, su esplendor. Tanto Miguel \u00c1ngel como Daniel est\u00e1n en todo su esplendor como toreros.<\/p>\n<p>\nSOBRE LA TEMPORADA\n<\/p>\n<p>\u00abMe he sentido frustrado por no poder demostrar mi progresi\u00f3n como torero\u00bb<\/p>\n<p class=\"v-p\"><strong>\u2013Anteayer cumpl\u00eda 19 a\u00f1os de alternativa. Ha sido una temporada compleja para Ure\u00f1a, en la que las cosas no sal\u00edan como esperaba y en la que no ten\u00eda nada de suerte con los toros. En Madrid tore\u00f3 tres tardes y no hubo un toro que le diera opci\u00f3n alguna.<\/strong><\/p>\n<p class=\"v-p\">\u2013Esto es muy dif\u00edcil. Siendo muy consecuente con mis circunstancias, yo dependo mucho de las primeras ferias de la temporada, como las Fallas de Valencia o San Isidro en Madrid. En Valencia no pude torear porque se suspendi\u00f3 la corrida de toros por la lluvia y en Madrid tuvimos muy poquitas opciones. Al final, por unas razones u otras las cosas no terminaban de salir. Era frustrante porque yo en el campo ve\u00eda que hab\u00eda avanzado con mi tauromaquia, que hab\u00eda mejorado mucho con el capote, con la muleta, con la espada, y que estaba en un proceso de progresi\u00f3n muy bueno. Hab\u00eda dado un paso adelante y sobre todo me encontraba con mucha ilusi\u00f3n. Eso se ve\u00eda claramente en el campo, pero en la plaza, por una cosa o por otra, no acababa de plasmarlo y ha habido una fase de la temporada en la que me he sentido muy frustrado por eso. <\/p>\n<p class=\"v-p\"><strong>\u2013Hasta esta fase final de temporada, que est\u00e1 resultando magn\u00edfica. \u00bfC\u00f3mo se supera esa frustraci\u00f3n?<\/strong><\/p>\n<p class=\"v-p\">\u2013Manteniendo la calma y siendo consciente que el momento va a llegar. Luego tambi\u00e9n hay que tener esa pizca de suerte para que los toros te colaboren un poquito, como pas\u00f3 en Albacete, y que ojal\u00e1 sigan las cosas as\u00ed hasta final de temporada.<\/p>\n<p class=\"v-cnt-m__t\">\nLa corrida del viernes: 1.200 aniversario de Murcia\n<\/p>\n<p><img decoding=\"async\" loading=\"lazy\" src=\"https:\/\/www.europesays.com\/es\/wp-content\/uploads\/2025\/09\/205248926-kauG--225x157@La Verdad.jpg\" class=\"v-a-img\" width=\"225\" height=\"157\" alt=\"Poderoso en plena madurez\"\/><\/p>\n<p>Poderoso en plena madurez<\/p>\n<p class=\"v-p\">\nMiguel \u00c1ngel Perera D\u00edaz naci\u00f3 en La Puebla de Prior (Badajoz) el 27 de noviembre de 1983. Tom\u00f3 la alternativa en Badajoz con el toro \u00abMiliciano\u00bb, de Jandilla, el 23 de junio de 2004, de manos de El Juli, con Mat\u00edas Tejela de testigo. Torero veterano, en sus m\u00e1s de 20 a\u00f1os de alternativa, es uno de los nombres presentes en todas las grandes ferias. Ha triunfado en las principales plazas del planeta taurino. Prueba de su capacidad son las seis salidas a hombros que suma en Las Ventas. El a\u00f1o pasado consegu\u00eda salir por la Puerta del Pr\u00edncipe de Sevilla, al cortar tres orejas a sus toros de El Parralejo, precisamente la misma ganader\u00eda que se lidia hoy en Murcia. Perera es un diestro que por su estatura, valor, capacidad, solvencia y poder\u00edo luce much\u00edsimo con el toro m\u00e1s exigente y de mayor volumen. Su toreo se distingue por un gran conocimiento del toro, un temple profundo, dominio absoluto de los terrenos, quietud impactante y ligaz\u00f3n poderosa, logrando faenas de intensidad creciente. Sus n\u00fameros de 2025: puesto en el escalaf\u00f3n: 9; corridas toreadas: 32; trofeos: 37 orejas y 1 rabo.\n<\/p>\n<p><img decoding=\"async\" loading=\"lazy\" src=\"https:\/\/www.europesays.com\/es\/wp-content\/uploads\/2025\/09\/205248924-kauG--225x157@La Verdad.jpg\" class=\"v-a-img\" width=\"225\" height=\"157\" alt=\"En racha de triunfos: pura verdad\"\/><\/p>\n<p>En racha de triunfos: pura verdad<\/p>\n<p class=\"v-p\">\nFrancisco Jos\u00e9 Ure\u00f1a Valero naci\u00f3 en Lorca el 26 de diciembre de 1982. Ayer cumpli\u00f3 19 a\u00f1os de alternativa, que tom\u00f3 en su tierra de manos de Javier Conde, con Morante de testigo. Confirm\u00f3 en Madrid el 26 de agosto de 2013. Sali\u00f3 a hombros en Las Ventas el 15 de junio de 2019. Es el principal referente de los toreros de la Regi\u00f3n de Murcia. En Albacete indult\u00f3 al toro &#8216;Diablillo&#8217; de Daniel Ruiz y el martes sali\u00f3 a hombros de La Condomina tras cortar dos orejas del primer toro de su lote. Sus n\u00fameros de 2025: Puesto en el escalaf\u00f3n: 27; corridas toreadas: 14; trofeos: 12 orejas y un rabo.\n<\/p>\n<p><img decoding=\"async\" loading=\"lazy\" src=\"https:\/\/www.europesays.com\/es\/wp-content\/uploads\/2025\/09\/205248922-kauG--225x157@La Verdad.jpg\" class=\"v-a-img\" width=\"225\" height=\"157\" alt=\"Torero largo\"\/><\/p>\n<p>Torero largo<\/p>\n<p class=\"v-p\">\nDaniel Ruffo Luque, naci\u00f3 el 21 de noviembre de 1988 en Gerena (Sevilla). Fue figura de la noviller\u00eda, tomando la alternativa en Nimes el 24 de mayo de 2007, con El Juli y Sebasti\u00e1n Castella, con toros de El Pilar. En aquel anfiteatro cort\u00f3 un rabo a un toro de Valdefresno en 2009, la tarde que invent\u00f3 la luquesina. Para el recuerdo de los aficionados de Murcia qued\u00f3 su presentaci\u00f3n como matador de toros en La Condomina, en la feria de 2008, cuando firm\u00f3 una excelente faena y pase\u00f3 los m\u00e1ximos trofeos de un toro de Pereda. Despu\u00e9s de pasar por unos a\u00f1os duros, lleva varias temporadas en las ferias. Su clasicismo, el temple natural y la elegancia que atesora se enriquecen con la profundidad que le ha dado a su toreo. Su inteligencia, entrega y capacidad t\u00e9cnica le convierten en uno de los diestros m\u00e1s completos del escalaf\u00f3n. Sus n\u00fameros de 2025: puesto en el escalaf\u00f3n: 11; corridas toreadas: 28; trofeos: 48 orejas.\n<\/p>\n<p class=\"v-p\"><strong>\u2013Lo que dec\u00eda que sent\u00eda en el campo lo ha demostrado y en cuanto ha tenido un toro para ello ha salido el mejor Ure\u00f1a.<\/strong><\/p>\n<p class=\"v-p\">\u2013S\u00ed. Por eso estaba frustrado, por no poder plasmar ese momento que estaba notando y viviendo por dentro. Afortunadamente lo estoy pudiendo sacar ahora.<\/p>\n<p class=\"v-p\"><strong>\u2013Un detalle. Hac\u00eda tiempo que no le ve\u00eda quitarse las zapatillas para torear, y en Albacete volvi\u00f3 a quit\u00e1rselas en la desgarrada faena al toro indultado<\/strong><\/p>\n<p class=\"v-p\">\u2013No s\u00e9 por qu\u00e9 me las quit\u00e9. No sabr\u00eda explicarte por qu\u00e9 lo hice. A lo mejor fue al entrar en ese momento de \u00e9xtasis y de concentraci\u00f3n m\u00e1xima, que motiv\u00f3 que me abandonara para torear a ese animal y me llevara a torear descalzo.<\/p>\n<p class=\"v-p\"><strong>\u2013Al principio lo hac\u00eda porque entrenaba descalzo.<\/strong><\/p>\n<p class=\"v-p\">\u2013S\u00ed. Es como m\u00e1s natural estoy.<\/p>\n<p class=\"v-p\"><strong>\u2013Hablando de entrenamiento, otros compa\u00f1eros suyos se machacan practicando deporte, saliendo a correr, etc. De Ure\u00f1a, me dicen que es una bestia con la bicicleta.<\/strong><\/p>\n<p class=\"v-p\">\u2013Por mis lesiones, es el \u00fanico deporte que puedo practicar. A ello se une que me apasiona la bici. <\/p>\n<p class=\"v-p\"><strong>\u2013\u00bfY su bici qu\u00e9 tal es, porque una buena ya vale un buen dinero?<\/strong><\/p>\n<p class=\"v-p\">\u2013Lo que te quieras gastar. Es como los coches. Lo considero una inversi\u00f3n y la m\u00eda no es mala (r\u00ede).<\/p>\n<p class=\"v-p\"><strong>\u2013Despu\u00e9s de esta corrida en Murcia, vuelve a su plaza de Sutullena el domingo.<\/strong><\/p>\n<p class=\"v-p\">\u2013Me gusta ir paso a paso. Hoy mi pensamiento est\u00e1 en Murcia y cuando termine la corrida de Murcia empezar\u00e9 a pensar en Lorca, que es muy importante para m\u00ed. <\/p>\n<p class=\"v-p\"><strong>\u2013En sus redes sociales hizo un sorteo de entradas para la corrida de hoy y para la del domingo en Lorca dirigido a menores de 25 a\u00f1os.<\/strong><\/p>\n<p class=\"v-p\">\u2013Hemos hecho un sorteo para promocionar esta corrida y la de Lorca entre la gente joven. Me parece una iniciativa bonita y ojal\u00e1 acerque a m\u00e1s gente joven a las plazas. Es muy importante que la gente joven se aficione. <\/p>\n<ol class=\"v-cmp-u-b__u\">\n<li class=\"v-cmp-u-b__l\">\n<p>El cartel del domingo en Lorca queda en un mano a mano entre Ure\u00f1a y Juan Ortega<\/p>\n<\/li>\n<\/ol>\n<p class=\"v-p\">El Ayuntamiento de Lorca, organizador de la corrida de toros de la feria del domingo 21 de septiembre, ha dado a conocer la decisi\u00f3n de dejar el cartel en un mano a mano entre Paco Ure\u00f1a y Juan Ortega, ante la obligada baja de Jos\u00e9 Mar\u00eda Manzanares, que sufri\u00f3 el lunes en Murcia una cogida, con una fractura de la octava costilla izquierda. El cartel queda as\u00ed en un duelo entre el torero de Lorca, Paco Ure\u00f1a, y el estilista sevillano, Juan Ortega, que se enfrentar\u00e1n a seis toros de \u00c1lvaro N\u00fa\u00f1ez.<\/p>\n","protected":false},"excerpt":{"rendered":"Hablamos con Ure\u00f1a la tarde antes de hacer su segundo pase\u00edllo en la feria de Murcia. Se encuentra&hellip;\n","protected":false},"author":2,"featured_media":124026,"comment_status":"","ping_status":"","sticky":false,"template":"","format":"standard","meta":{"footnotes":""},"categories":[277],"tags":[373,38449,168,25,24,3814,8019,23,167,19428,374,24195],"class_list":{"0":"post-124025","1":"post","2":"type-post","3":"status-publish","4":"format-standard","5":"has-post-thumbnail","7":"category-toreo","8":"tag-bullfighting","9":"tag-condomina","10":"tag-deportes","11":"tag-es","12":"tag-espana","13":"tag-ilusion","14":"tag-siento","15":"tag-spain","16":"tag-sports","17":"tag-torear","18":"tag-toreo","19":"tag-verdad"},"share_on_mastodon":{"url":"","error":""},"_links":{"self":[{"href":"https:\/\/www.europesays.com\/es\/wp-json\/wp\/v2\/posts\/124025","targetHints":{"allow":["GET"]}}],"collection":[{"href":"https:\/\/www.europesays.com\/es\/wp-json\/wp\/v2\/posts"}],"about":[{"href":"https:\/\/www.europesays.com\/es\/wp-json\/wp\/v2\/types\/post"}],"author":[{"embeddable":true,"href":"https:\/\/www.europesays.com\/es\/wp-json\/wp\/v2\/users\/2"}],"replies":[{"embeddable":true,"href":"https:\/\/www.europesays.com\/es\/wp-json\/wp\/v2\/comments?post=124025"}],"version-history":[{"count":0,"href":"https:\/\/www.europesays.com\/es\/wp-json\/wp\/v2\/posts\/124025\/revisions"}],"wp:featuredmedia":[{"embeddable":true,"href":"https:\/\/www.europesays.com\/es\/wp-json\/wp\/v2\/media\/124026"}],"wp:attachment":[{"href":"https:\/\/www.europesays.com\/es\/wp-json\/wp\/v2\/media?parent=124025"}],"wp:term":[{"taxonomy":"category","embeddable":true,"href":"https:\/\/www.europesays.com\/es\/wp-json\/wp\/v2\/categories?post=124025"},{"taxonomy":"post_tag","embeddable":true,"href":"https:\/\/www.europesays.com\/es\/wp-json\/wp\/v2\/tags?post=124025"}],"curies":[{"name":"wp","href":"https:\/\/api.w.org\/{rel}","templated":true}]}}