{"id":124027,"date":"2025-09-18T23:32:07","date_gmt":"2025-09-18T23:32:07","guid":{"rendered":"https:\/\/www.europesays.com\/es\/124027\/"},"modified":"2025-09-18T23:32:07","modified_gmt":"2025-09-18T23:32:07","slug":"cuando-pelea-victor-valenzuela-el-nuevo-chileno-que-estara-en-el-dwcs-de-la-ufc","status":"publish","type":"post","link":"https:\/\/www.europesays.com\/es\/124027\/","title":{"rendered":"\u00bfCu\u00e1ndo pelea V\u00edctor Valenzuela, el nuevo chileno que estar\u00e1 en el DWCS de la UFC?"},"content":{"rendered":"<p>Esta tarde, mientras todo Chile festejaba las <strong>fiestas patrias<\/strong> a punta de empanadas, choripanes, anticuchos y m\u00e1s, se confirm\u00f3 una gran noticia para las artes marciales mixtas de nuestro pa\u00eds. <\/p>\n<p>Y es que el peleador de 31 a\u00f1os,<strong> V\u00edctor \u201cSikosis\u201d Valenzuela<\/strong>, fue confirmado para pelear en el <strong>Dana White\u2019s Contender Series<\/strong> en busca de un contrato con la<a href=\"https:\/\/bolavip.com\/cl\/tema\/ufc\" target=\"_blank\" title=\" UFC\" rel=\"nofollow noopener\"> UFC<\/a>, y podr\u00eda sumarse a nuestro compatriota Ignacio \u201cJaula\u201d Bahamondes. <\/p>\n<p>Semanas atr\u00e1s, otro de nuestros exponentes<a href=\"https:\/\/bolavip.com\/cl\/tema\/tanke-ewert\" target=\"_blank\" title=\", Christopher \u201cTanke\u201d Ewert,\" rel=\"nofollow noopener\">, Christopher \u201cTanke\u201d Ewert,<\/a> dio un gran espect\u00e1culo ante el ruso <strong>Yuri Panferov<\/strong> tambi\u00e9n en Contender Series, sin embargo, el rival de nuestro exponente busc\u00f3 la victoria de la forma menos vistosa posible, lo que priv\u00f3 al chileno de llevarse el triunfo y el contrato. <\/p>\n<p>Esta vez, nuestro pa\u00eds podr\u00eda tener a otro gran peleador nacional en la m\u00e1xima empresa de artes marciales mixtas en el mundo. <\/p>\n<p> \u00bfCu\u00e1ndo pelea el chileno V\u00edctor \u201cSikosis\u201d Valenzuela por un contrato con la UFC? <\/p>\n<p>El peleador nacional, <strong>V\u00edctor \u201cSikosis\u201d Valenzuela<\/strong>, pelear\u00e1 dentro de cerca de cuatro semanas, precisamente el d\u00eda <strong>martes 14 de octubre<\/strong> en horario a\u00fan por definir. <\/p>\n<p>  <img decoding=\"async\" alt=\"\" aria-hidden=\"true\" class=\"i-amphtml-intrinsic-sizer\" role=\"presentation\" src=\"data:image\/svg+xml;base64,PHN2ZyBoZWlnaHQ9IjU3NiIgd2lkdGg9IjEwMjQiIHhtbG5zPSJodHRwOi8vd3d3LnczLm9yZy8yMDAwL3N2ZyIgdmVyc2lvbj0iMS4xIi8+\"\/> V\u00edctor \u201cSikosis\u201d Valenzuela estar\u00e1 representando a Chile en el DWCS de UFC. Ir\u00e1 en busca de un contrato con la compa\u00f1\u00eda.  \u00bfQui\u00e9n ser\u00e1 el rival de V\u00edctor Valenzuela en el DWCS de UFC? <\/p>\n<p>El rival del exponente nacional llega invicto con la misma ambici\u00f3n de hambre que nuestro compatriota. Se trata del brasile\u00f1o <strong>Michael Oliveira,<\/strong> quien llegar\u00e1 con un notable 8-0 en su historia. <\/p>\n","protected":false},"excerpt":{"rendered":"Esta tarde, mientras todo Chile festejaba las fiestas patrias a punta de empanadas, choripanes, anticuchos y m\u00e1s, se&hellip;\n","protected":false},"author":2,"featured_media":124028,"comment_status":"","ping_status":"","sticky":false,"template":"","format":"standard","meta":{"footnotes":""},"categories":[276],"tags":[168,20520,25,24,40581,23,167,343,40530],"class_list":{"0":"post-124027","1":"post","2":"type-post","3":"status-publish","4":"format-standard","5":"has-post-thumbnail","7":"category-ufc","8":"tag-deportes","9":"tag-dwcs","10":"tag-es","11":"tag-espana","12":"tag-siko-valenzuela","13":"tag-spain","14":"tag-sports","15":"tag-ufc","16":"tag-victor-valenzuela"},"share_on_mastodon":{"url":"","error":""},"_links":{"self":[{"href":"https:\/\/www.europesays.com\/es\/wp-json\/wp\/v2\/posts\/124027","targetHints":{"allow":["GET"]}}],"collection":[{"href":"https:\/\/www.europesays.com\/es\/wp-json\/wp\/v2\/posts"}],"about":[{"href":"https:\/\/www.europesays.com\/es\/wp-json\/wp\/v2\/types\/post"}],"author":[{"embeddable":true,"href":"https:\/\/www.europesays.com\/es\/wp-json\/wp\/v2\/users\/2"}],"replies":[{"embeddable":true,"href":"https:\/\/www.europesays.com\/es\/wp-json\/wp\/v2\/comments?post=124027"}],"version-history":[{"count":0,"href":"https:\/\/www.europesays.com\/es\/wp-json\/wp\/v2\/posts\/124027\/revisions"}],"wp:featuredmedia":[{"embeddable":true,"href":"https:\/\/www.europesays.com\/es\/wp-json\/wp\/v2\/media\/124028"}],"wp:attachment":[{"href":"https:\/\/www.europesays.com\/es\/wp-json\/wp\/v2\/media?parent=124027"}],"wp:term":[{"taxonomy":"category","embeddable":true,"href":"https:\/\/www.europesays.com\/es\/wp-json\/wp\/v2\/categories?post=124027"},{"taxonomy":"post_tag","embeddable":true,"href":"https:\/\/www.europesays.com\/es\/wp-json\/wp\/v2\/tags?post=124027"}],"curies":[{"name":"wp","href":"https:\/\/api.w.org\/{rel}","templated":true}]}}