{"id":124029,"date":"2025-09-18T23:33:16","date_gmt":"2025-09-18T23:33:16","guid":{"rendered":"https:\/\/www.europesays.com\/es\/124029\/"},"modified":"2025-09-18T23:33:16","modified_gmt":"2025-09-18T23:33:16","slug":"jon-rahm-salva-un-dia-agitado-en-wentworth","status":"publish","type":"post","link":"https:\/\/www.europesays.com\/es\/124029\/","title":{"rendered":"Jon Rahm salva un d\u00eda agitado en Wentworth"},"content":{"rendered":"<p>\n        <a href=\"https:\/\/www.deia.eus\/tags\/jon-rahm\/\" title=\"Jon Rahm\" class=\"link copy\" rel=\"nofollow noopener\" target=\"_blank\">Jon Rahm<\/a> s<strong>alv\u00f3 a lo grande la primera vuelta del BMW PGA Championship que se le complic\u00f3 mucho en los once primeros hoyos de Wentworth <\/strong>en una <strong>jornada<\/strong> complicada que se vio <strong>interrumpida durante casi hora y media por amenaza de tormenta<\/strong> y que se desarroll\u00f3 con ratos de fuerte viento alternado con lluvia. <strong>Los jugadores del turno matinal salieron favorecidos en sus tarjetas y por la tarde hubo que resistir para no perder el hilo del juego.<\/strong>\n<\/p>\n<p class=\"article-body__text \">\n        Es lo que le toc\u00f3 hacer al barrikoztarra, que durante muchos hoyos se mostr\u00f3 impreciso en sus golpes y desajustado en las distancias, sin poder compensarlo tampoco en los greenes. As\u00ed, <strong>en el hoyo 11 acumulaba tres sobre par con cuatro bogeys y solo un birdie en el primero de los pares 5<\/strong>. A su lado, Rory McIlroy y Shane Lowry tampoco estaban muy finos, pero los tres lograron salvar el d\u00eda y no alejarse demasiado de los l\u00edderes.\n<\/p>\n<p><strong>BMW  Championship<\/strong><\/p>\n<p><strong>Primera jornada<\/strong><\/p>\n<p>1. Tom Vaillant\t-8<\/p>\n<p>1. Ludwig Aberg\t-8<\/p>\n<p>3. Casey Jarvis\t-7<\/p>\n<p>4. Antoine Rozner\t-6<\/p>\n<p>4. Matt Fitzpatrick\t-6<\/p>\n<p>4. Richie Ramsay\t-6<\/p>\n<p>4. Joakim Lagergren\t-6<\/p>\n<p>8. Justin Rose\t-5<\/p>\n<p>8. Adri\u00e1n Otaegui\t-5<\/p>\n<p>67. Jon Rahm\t-1<\/p>\n<p class=\"article-body__text \">\n        En el hoyo 12, otro par 5, Rahm pudo descontar otro golpe, pero el verdadero punto de inflexi\u00f3n lleg\u00f3 en el 13. Con un gran putt desde diez metros salv\u00f3 el par despu\u00e9s de cargar con un golpe de penalizaci\u00f3n por mover accidentalmente su bola antes de ejecutar el segundo. Despu\u00e9s, en el 15 hizo birdie al embocar desde el bunker, que no era sencillo en una arena apelmazada. En el 16, jug\u00f3 de manual y tambi\u00e9n descont\u00f3, lo mismo que en el 17. No pudo hacer el pleno en los pares porque en el 18,  buscando llegar a green de dos golpes, mand\u00f3 su bola al agua, igual que le ocurri\u00f3 a McIlroy. Rahm tuvo que embocar desde algo m\u00e1s de tres metros para salvar el par y marcharse  a la casa club con mejores sensaciones que un par de horas antes cuando la desesperaci\u00f3n pareci\u00f3 apoderarse de su juego.<strong> Hoy le tocar\u00e1 madrugar en busca de salvar el corte y recortar distancias en un torneo en el que \u00e9l, como el resto de los jugadores europeos de la Ryder Cup, tiene muchos ojos encima. <\/strong><\/p>\n","protected":false},"excerpt":{"rendered":"Jon Rahm salv\u00f3 a lo grande la primera vuelta del BMW PGA Championship que se le complic\u00f3 mucho&hellip;\n","protected":false},"author":2,"featured_media":124030,"comment_status":"","ping_status":"","sticky":false,"template":"","format":"standard","meta":{"footnotes":""},"categories":[275],"tags":[40582,168,978,25,24,329,2650,330,10439,23,167,36268],"class_list":{"0":"post-124029","1":"post","2":"type-post","3":"status-publish","4":"format-standard","5":"has-post-thumbnail","7":"category-golf","8":"tag-agitado","9":"tag-deportes","10":"tag-dia","11":"tag-es","12":"tag-espana","13":"tag-golf","14":"tag-jon","15":"tag-rahm","16":"tag-salva","17":"tag-spain","18":"tag-sports","19":"tag-wentworth"},"share_on_mastodon":{"url":"","error":""},"_links":{"self":[{"href":"https:\/\/www.europesays.com\/es\/wp-json\/wp\/v2\/posts\/124029","targetHints":{"allow":["GET"]}}],"collection":[{"href":"https:\/\/www.europesays.com\/es\/wp-json\/wp\/v2\/posts"}],"about":[{"href":"https:\/\/www.europesays.com\/es\/wp-json\/wp\/v2\/types\/post"}],"author":[{"embeddable":true,"href":"https:\/\/www.europesays.com\/es\/wp-json\/wp\/v2\/users\/2"}],"replies":[{"embeddable":true,"href":"https:\/\/www.europesays.com\/es\/wp-json\/wp\/v2\/comments?post=124029"}],"version-history":[{"count":0,"href":"https:\/\/www.europesays.com\/es\/wp-json\/wp\/v2\/posts\/124029\/revisions"}],"wp:featuredmedia":[{"embeddable":true,"href":"https:\/\/www.europesays.com\/es\/wp-json\/wp\/v2\/media\/124030"}],"wp:attachment":[{"href":"https:\/\/www.europesays.com\/es\/wp-json\/wp\/v2\/media?parent=124029"}],"wp:term":[{"taxonomy":"category","embeddable":true,"href":"https:\/\/www.europesays.com\/es\/wp-json\/wp\/v2\/categories?post=124029"},{"taxonomy":"post_tag","embeddable":true,"href":"https:\/\/www.europesays.com\/es\/wp-json\/wp\/v2\/tags?post=124029"}],"curies":[{"name":"wp","href":"https:\/\/api.w.org\/{rel}","templated":true}]}}