{"id":124031,"date":"2025-09-18T23:35:11","date_gmt":"2025-09-18T23:35:11","guid":{"rendered":"https:\/\/www.europesays.com\/es\/124031\/"},"modified":"2025-09-18T23:35:11","modified_gmt":"2025-09-18T23:35:11","slug":"participacion-equipo-israel-o-gran-camino","status":"publish","type":"post","link":"https:\/\/www.europesays.com\/es\/124031\/","title":{"rendered":"PARTICIPACI\u00d3N EQUIPO ISRAEL O GRAN CAMI\u00d1O"},"content":{"rendered":"<p class=\"ft-text\">Despu\u00e9s de las multitudinarias protestas propalestinas por la participaci\u00f3n del equipo <strong>Israel-Premier Tech<\/strong> en La Vuelta a Espa\u00f1a, que obligaron a recortar varias etapas y que <a class=\"ft-link ft-link--decoration\" href=\"https:\/\/www.elcorreogallego.es\/espana\/2025\/09\/16\/agentes-suficientes-vallas-adecuadas-tumultos-simultaneos-protesta-vencio-seguridad-vuelta-ciclista-121613440.html\" target=\"_blank\" rel=\"nofollow noopener\"><strong>impidieron que los corredores terminaran la ronda ciclista en Madrid<\/strong><\/a>, los organizadores de <strong>O Gran Cami\u00f1o<\/strong>, principal competici\u00f3n de ciclismo en ruta de Galicia, <strong>no prev\u00e9 invitar al equipo Israel-Premier Tech -ganador de la clasificaci\u00f3n general individual este a\u00f1o- a la pr\u00f3xima edici\u00f3n de esta prueba,<\/strong> seg\u00fan han informado este jueves <strong>Ezequiel Mosquera<\/strong>, responsable de la empresa promotora del evento deportivo.<\/p>\n<p class=\"ft-text\">\u00abAhora mismo cualquier organizaci\u00f3n donde ellos compitiesen el a\u00f1o pasado se estar\u00e1 haciendo las mismas preguntas que nos hacemos nosotros\u00bb, ha declarado el exciclista, que ampara esta decisi\u00f3n en <strong>su af\u00e1n de \u00abproteger\u00bb a la competici\u00f3n<\/strong>. El Israel-Premier Tech, <strong>que ya<\/strong> <strong>estuvo en la edici\u00f3n inaugural<\/strong> de O Gran Cami\u00f1o en el a\u00f1o 2022, <strong>se alz\u00f3 con la clasificaci\u00f3n general<\/strong> de este a\u00f1o gracias al ciclista canadiense <strong>Derek Gee.<\/strong><\/p>\n<p class=\"ft-text\">La participaci\u00f3n del equipo, al que diversas organizaciones propalestinas se\u00f1alan como \u00abun intento m\u00e1s de lavar con la bandera del deporte la realidad del &#8216;apartheid&#8217; y el genocidio contra Palestina\u00bb, ya despert\u00f3 pol\u00e9mica en Galicia durante la \u00faltima edici\u00f3n, <strong>en la que se sucedieron concentraciones de menor escala<\/strong> a las vividas en la pasada Vuelta a Espa\u00f1a.<\/p>\n<p class=\"ft-text\">A diferencia de lo que ocurre con la ronda ciclista espa\u00f1ola, <strong>O Gran Cami\u00f1o no forma parte del circuito World Tour<\/strong>, por lo que el equipo israel\u00ed <strong>no est\u00e1 autom\u00e1ticamente invitado a competir<\/strong>.<\/p>\n<p class=\"ft-text\"><strong>\u00abNo es una situaci\u00f3n f\u00e1cil para nadie\u00bb<\/strong>, ha se\u00f1alado Mosquera, que apunta que la vivida durante la Vuelta fue una <strong>\u00absituaci\u00f3n de m\u00e1xima tensi\u00f3n\u00bb<\/strong> para corredores, directores y organizaci\u00f3n; en unas circunstancias que son, ha concluido, <strong>\u00abmuy dif\u00edciles de gestionar\u00bb<\/strong>.<\/p>\n<p class=\"ft-text\">En cualquier caso, el responsable de EmeSports apunt\u00f3 que el principal objetivo de O Gran Cami\u00f1o es <strong>la promoci\u00f3n patrimonial y tur\u00edstica de Galicia<\/strong>, combinada con la competici\u00f3n deportiva, por lo que liga su intenci\u00f3n de no invitar a este equipo con el esfuerzo por casar ambas facetas desde <strong>\u00abel rigor\u00bb<\/strong> y <strong>\u00abla m\u00e1xima objetividad\u00bb<\/strong>.<\/p>\n<p class=\"ft-text\">Ahora es una inc\u00f3gnita saber si Derek Gee <strong>podr\u00e1 revalidar su triunfo<\/strong> en las carreteras gallegas. Por dos motivos. El primero es que el ciclista canadiense<strong> rescindi\u00f3 de forma unilateral<\/strong> a finales del mes de agosto \u2013hace apenas veinte d\u00edas\u2013 su contrato con la escuadra de Israel, pese a que el equipo mantiene que su vinculaci\u00f3n permanecer\u00e1<strong> hasta el a\u00f1o 2028<\/strong>. El ciclista hab\u00eda quedado cuarto en el Giro de Italia y distintas fuentes apuntan que su decisi\u00f3n estuvo motivada en el hecho de no ser convocado para la Vuelta a Espa\u00f1a e incluso avanzan que podr\u00eda tener conversaciones con el Ineos para incorporarse al conjunto brit\u00e1nico. No se sabe, por lo tanto, con quien correr\u00e1 en la pr\u00f3xima temporada.<\/p>\n","protected":false},"excerpt":{"rendered":"Despu\u00e9s de las multitudinarias protestas propalestinas por la participaci\u00f3n del equipo Israel-Premier Tech en La Vuelta a Espa\u00f1a,&hellip;\n","protected":false},"author":2,"featured_media":124032,"comment_status":"","ping_status":"","sticky":false,"template":"","format":"standard","meta":{"footnotes":""},"categories":[273],"tags":[5141,313,312,168,25,24,816,3956,74,23,167],"class_list":{"0":"post-124031","1":"post","2":"type-post","3":"status-publish","4":"format-standard","5":"has-post-thumbnail","7":"category-ciclismo","8":"tag-camino","9":"tag-ciclismo","10":"tag-cycling","11":"tag-deportes","12":"tag-es","13":"tag-espana","14":"tag-galicia","15":"tag-gran","16":"tag-israel","17":"tag-spain","18":"tag-sports"},"share_on_mastodon":{"url":"","error":""},"_links":{"self":[{"href":"https:\/\/www.europesays.com\/es\/wp-json\/wp\/v2\/posts\/124031","targetHints":{"allow":["GET"]}}],"collection":[{"href":"https:\/\/www.europesays.com\/es\/wp-json\/wp\/v2\/posts"}],"about":[{"href":"https:\/\/www.europesays.com\/es\/wp-json\/wp\/v2\/types\/post"}],"author":[{"embeddable":true,"href":"https:\/\/www.europesays.com\/es\/wp-json\/wp\/v2\/users\/2"}],"replies":[{"embeddable":true,"href":"https:\/\/www.europesays.com\/es\/wp-json\/wp\/v2\/comments?post=124031"}],"version-history":[{"count":0,"href":"https:\/\/www.europesays.com\/es\/wp-json\/wp\/v2\/posts\/124031\/revisions"}],"wp:featuredmedia":[{"embeddable":true,"href":"https:\/\/www.europesays.com\/es\/wp-json\/wp\/v2\/media\/124032"}],"wp:attachment":[{"href":"https:\/\/www.europesays.com\/es\/wp-json\/wp\/v2\/media?parent=124031"}],"wp:term":[{"taxonomy":"category","embeddable":true,"href":"https:\/\/www.europesays.com\/es\/wp-json\/wp\/v2\/categories?post=124031"},{"taxonomy":"post_tag","embeddable":true,"href":"https:\/\/www.europesays.com\/es\/wp-json\/wp\/v2\/tags?post=124031"}],"curies":[{"name":"wp","href":"https:\/\/api.w.org\/{rel}","templated":true}]}}