{"id":124037,"date":"2025-09-18T23:38:09","date_gmt":"2025-09-18T23:38:09","guid":{"rendered":"https:\/\/www.europesays.com\/es\/124037\/"},"modified":"2025-09-18T23:38:09","modified_gmt":"2025-09-18T23:38:09","slug":"una-nueva-baja-atormenta-al-malaga-cf","status":"publish","type":"post","link":"https:\/\/www.europesays.com\/es\/124037\/","title":{"rendered":"Una nueva baja atormenta al M\u00e1laga CF"},"content":{"rendered":"<p><a href=\"https:\/\/www.merchanendirecto.es\/wp-content\/uploads\/2025\/09\/larrubia-chupete-joaquin-munoz-scaled.webp\" data-caption=\"Foto: M\u00e1laga CF\" rel=\"nofollow noopener\" target=\"_blank\"><img loading=\"lazy\" decoding=\"async\" width=\"696\" height=\"392\" class=\"entry-thumb td-modal-image\" src=\"https:\/\/www.europesays.com\/es\/wp-content\/uploads\/2025\/09\/larrubia-chupete-joaquin-munoz-696x392.webp.webp\"   alt=\"\" title=\"larrubia chupete joaqu\u00edn mu\u00f1oz\"\/><\/a>Foto: M\u00e1laga CF<\/p>\n<p>No hay un d\u00eda tranquilo en Martiricos. Los problemas musculares siguen acechando al combinado malacitano y ahora el que suma a la lista es <strong>Joaqu\u00edn Mu\u00f1oz<\/strong>. El extremo malague\u00f1o se ha ausentado del entrenamiento vespertino de hoy jueves acusando una <strong>lesi\u00f3n en el aductor de su pierna derecha<\/strong>. Queda pendientes de pruebas diagn\u00f3sticas que confirmen la dolencia y el tiempo de baja del futbolista. Se une a la amplia lista de ausencias que tendr\u00e1 el M\u00e1laga CF ante el C\u00e1diz conformada por <strong>\u00c1lex Pastor, Moussa Diarra, Carlos Puga, Izan Merino, Ram\u00f3n y Luismi S\u00e1nchez<\/strong>. Una nueva baja atormenta al <a href=\"http:\/\/malagacf.com\" rel=\"nofollow noopener\" target=\"_blank\">M\u00e1laga CF<\/a>.<\/p>\n<p>Sin duda alguna, una p\u00e9sima noticia para Sergio Pellicer y para el equipo, que vuelve sumar hasta <strong>siete bajas<\/strong> en el plantel. <strong>El caso de Izan Merino sigue igual<\/strong>. Lleva toda la semana sin entrenar con el grupo y hoy tampoco lo ha hecho. Resguardado en el gimnasio, el \u201923\u2019 prosigue con su proceso de recuperaci\u00f3n con el llamado de la <a href=\"https:\/\/www.merchanendirecto.es\/malaga-cf\/izan-merino-sin-avances-dias-sin-entrenar-y-con-el-mundial-a-la-vuelta-de-la-esquina\/\" target=\"_blank\" rel=\"noreferrer noopener nofollow\">Selecci\u00f3n Espa\u00f1ola Sub-20<\/a> para ir al Mundial pegando en la puerta. Ma\u00f1ana el equipo volver\u00e1 a entrenar, esta vez por la ma\u00f1ana (10:30 horas). <\/p>\n<p>Art\u00edculo anterior<a href=\"https:\/\/www.merchanendirecto.es\/unicaja\/horario-y-television-del-unicaja-utsonomiya-brex-de-la-copa-intercontinental-1\/\" rel=\"nofollow noopener\" target=\"_blank\">Horario y Televisi\u00f3n del Unicaja \u2013 Utsunomiya Brex de la Copa Intercontinental<\/a>Art\u00edculo siguiente<a href=\"https:\/\/www.merchanendirecto.es\/unicaja\/james-webb-iii-el-estreno-oficial-de-mejor-nota-en-el-unicaja\/\" rel=\"nofollow noopener\" target=\"_blank\">James Webb III, el estreno oficial de mejor nota en el Unicaja<\/a>            <a href=\"https:\/\/www.merchanendirecto.es\/author\/pablo-del-pino\/\" aria-label=\"author-photo\" rel=\"nofollow noopener\" target=\"_blank\"><img loading=\"lazy\" width=\"96\" height=\"96\" src=\"https:\/\/www.europesays.com\/es\/wp-content\/uploads\/2025\/07\/r6ALHqlV_400x400-96x96.jpg\" class=\"avatar avatar-96 photo\" alt=\"Pablo del Pino\" decoding=\"async\"  \/><\/a>                    <\/p>\n","protected":false},"excerpt":{"rendered":"Foto: M\u00e1laga CF No hay un d\u00eda tranquilo en Martiricos. Los problemas musculares siguen acechando al combinado malacitano&hellip;\n","protected":false},"author":2,"featured_media":124038,"comment_status":"","ping_status":"","sticky":false,"template":"","format":"standard","meta":{"footnotes":""},"categories":[268],"tags":[168,8346,25,24,280,282,35229,1963,9007,281,23,167],"class_list":{"0":"post-124037","1":"post","2":"type-post","3":"status-publish","4":"format-standard","5":"has-post-thumbnail","7":"category-futbol","8":"tag-deportes","9":"tag-entrenamiento","10":"tag-es","11":"tag-espana","12":"tag-football","13":"tag-futbol","14":"tag-joaquin-munoz","15":"tag-malaga-cf","16":"tag-sergio-pellicer","17":"tag-soccer","18":"tag-spain","19":"tag-sports"},"share_on_mastodon":{"url":"","error":""},"_links":{"self":[{"href":"https:\/\/www.europesays.com\/es\/wp-json\/wp\/v2\/posts\/124037","targetHints":{"allow":["GET"]}}],"collection":[{"href":"https:\/\/www.europesays.com\/es\/wp-json\/wp\/v2\/posts"}],"about":[{"href":"https:\/\/www.europesays.com\/es\/wp-json\/wp\/v2\/types\/post"}],"author":[{"embeddable":true,"href":"https:\/\/www.europesays.com\/es\/wp-json\/wp\/v2\/users\/2"}],"replies":[{"embeddable":true,"href":"https:\/\/www.europesays.com\/es\/wp-json\/wp\/v2\/comments?post=124037"}],"version-history":[{"count":0,"href":"https:\/\/www.europesays.com\/es\/wp-json\/wp\/v2\/posts\/124037\/revisions"}],"wp:featuredmedia":[{"embeddable":true,"href":"https:\/\/www.europesays.com\/es\/wp-json\/wp\/v2\/media\/124038"}],"wp:attachment":[{"href":"https:\/\/www.europesays.com\/es\/wp-json\/wp\/v2\/media?parent=124037"}],"wp:term":[{"taxonomy":"category","embeddable":true,"href":"https:\/\/www.europesays.com\/es\/wp-json\/wp\/v2\/categories?post=124037"},{"taxonomy":"post_tag","embeddable":true,"href":"https:\/\/www.europesays.com\/es\/wp-json\/wp\/v2\/tags?post=124037"}],"curies":[{"name":"wp","href":"https:\/\/api.w.org\/{rel}","templated":true}]}}