{"id":124039,"date":"2025-09-18T23:41:12","date_gmt":"2025-09-18T23:41:12","guid":{"rendered":"https:\/\/www.europesays.com\/es\/124039\/"},"modified":"2025-09-18T23:41:12","modified_gmt":"2025-09-18T23:41:12","slug":"anagrama-lanza-caja-baja-una-iniciativa-gratuita-de-lectura-para-jovenes","status":"publish","type":"post","link":"https:\/\/www.europesays.com\/es\/124039\/","title":{"rendered":"Anagrama lanza Caja baja, una iniciativa gratuita de lectura para j\u00f3venes"},"content":{"rendered":"<p>La editorial Anagrama ha lanzado Caja baja, una iniciativa gratuita de lectura para j\u00f3venes que busca compartir la lectura y fomentar el pensamiento cr\u00edtico, libre de ruido digital. Este nuevo proyecto de lectura colectiva est\u00e1 dirigido a j\u00f3venes de entre 18 y 30 a\u00f1os y, seg\u00fan ha explicado Anagrama a trav\u00e9s de un comunicado, tiene como objetivo \u00abimpulsar la lectura entre las nuevas generaciones y ofrecer un espacio sostenido de conversaci\u00f3n literaria, libre de algoritmos y ruido digital, reforzando el papel de la lectura como pr\u00e1ctica cr\u00edtica, compartida y transformadora\u00bb.<\/p>\n<p class=\"paragraph\" data-gtm-element-container=\"modulo-texto-link\" data-mrf-recirculation=\"Enlaces en p\u00e1rrafos\">El grupo de participantes estar\u00e1 constituido por un m\u00ednimo de veinticinco y un m\u00e1ximo de cuarenta personas que a lo largo de 2026 recibir\u00e1n un libro mensualmente del cat\u00e1logo de Anagrama \u2014ya sea una novedad o un t\u00edtulo de fondo\u2014 sobre el que debatir\u00e1n en l\u00ednea a trav\u00e9s de la plataforma Discord.<\/p>\n<p class=\"paragraph\" data-gtm-element-container=\"modulo-texto-link\" data-mrf-recirculation=\"Enlaces en p\u00e1rrafos\">Adem\u00e1s, la editorial organizar\u00e1 actividades complementarias, como encuentros con autores o sesiones tem\u00e1ticas virtuales.<\/p>\n<p>El plazo de inscripci\u00f3n estar\u00e1 abierto entre el 1 y el 31 de octubre de 2025. Los interesados deber\u00e1n enviar una carta o un v\u00eddeo de motivaci\u00f3n en el que expliquen su inter\u00e9s en participar y su relaci\u00f3n con la lectura. Se aceptar\u00e1n distintos formatos \u2013texto, gr\u00e1fico o audiovisual\u2013 siempre que se ajusten a las condiciones: las cartas escritas no podr\u00e1n superar los 3.000 caracteres, los v\u00eddeos tendr\u00e1n un m\u00e1ximo de 90 segundos y los materiales gr\u00e1ficos deber\u00e1n presentarse en un \u00fanico PDF. En todos los casos queda excluido el uso de im\u00e1genes de rostros, contenido violento o material generado por inteligencia artificial. Las solicitudes se gestionar\u00e1n a trav\u00e9s de <a href=\"https:\/\/cajabaja.anagrama-ed.es\/\" target=\"_blank\" rel=\"noopener nofollow\">la web del proyecto<\/a>.<\/p>\n<p>La participaci\u00f3n es gratuita y la editorial comunicar\u00e1 la selecci\u00f3n definitiva en noviembre de 2025. La primera lectura comenzar\u00e1 en enero de 2026.<\/p>\n<p class=\"paragraph\" data-gtm-element-container=\"modulo-texto-link\" data-mrf-recirculation=\"Enlaces en p\u00e1rrafos\">Caja baja forma parte de una l\u00ednea de acciones impulsadas por la editorial para fortalecer el v\u00ednculo con nuevas generaciones, desde una mirada coherente con los valores que han definido su trayectoria: \u00abliteratura exigente, pensamiento cr\u00edtico y comunidad lectora\u00bb, a\u00f1ade la editorial. Iniciativas interesantes para reconectar con el p\u00fablico lector y seguir trabajando en elevar la imagen de una editorial a\u00fan marcad por la crisis reputacional provocado por el anuncio del libro de Luisg\u00e9 Mart\u00edn sobre Jos\u00e9 Bret\u00f3n, El odio, que finalmente nunca ver\u00eda la luz.<\/p>\n<p class=\"paragraph\" data-gtm-element-container=\"modulo-texto-link\" data-mrf-recirculation=\"Enlaces en p\u00e1rrafos\">Un proyecto plausible y, al mismo tiempo muy interesante como estrategia de marketing ya que, no solo permite a Anagrama acercar a un grupo amplio de j\u00f3venes su editorial, sino que al mismo tiempo le ofrecer\u00e1 un panorama claro de los gustos de un p\u00fablico muy importante en el sector editorial.<\/p>\n<p class=\"paragraph\" data-gtm-element-container=\"modulo-texto-link\" data-mrf-recirculation=\"Enlaces en p\u00e1rrafos\">El nombre del proyecto, explica Anagrama, hace referencia al lenguaje tipogr\u00e1fico, \u00ableer desde abajo, sin alardes, con atenci\u00f3n y profundidad\u00bb.<\/p>\n","protected":false},"excerpt":{"rendered":"La editorial Anagrama ha lanzado Caja baja, una iniciativa gratuita de lectura para j\u00f3venes que busca compartir la&hellip;\n","protected":false},"author":2,"featured_media":124040,"comment_status":"","ping_status":"","sticky":false,"template":"","format":"standard","meta":{"footnotes":""},"categories":[172],"tags":[224,146,147,25,24,225,23],"class_list":{"0":"post-124039","1":"post","2":"type-post","3":"status-publish","4":"format-standard","5":"has-post-thumbnail","7":"category-libros","8":"tag-books","9":"tag-entertainment","10":"tag-entretenimiento","11":"tag-es","12":"tag-espana","13":"tag-libros","14":"tag-spain"},"share_on_mastodon":{"url":"","error":""},"_links":{"self":[{"href":"https:\/\/www.europesays.com\/es\/wp-json\/wp\/v2\/posts\/124039","targetHints":{"allow":["GET"]}}],"collection":[{"href":"https:\/\/www.europesays.com\/es\/wp-json\/wp\/v2\/posts"}],"about":[{"href":"https:\/\/www.europesays.com\/es\/wp-json\/wp\/v2\/types\/post"}],"author":[{"embeddable":true,"href":"https:\/\/www.europesays.com\/es\/wp-json\/wp\/v2\/users\/2"}],"replies":[{"embeddable":true,"href":"https:\/\/www.europesays.com\/es\/wp-json\/wp\/v2\/comments?post=124039"}],"version-history":[{"count":0,"href":"https:\/\/www.europesays.com\/es\/wp-json\/wp\/v2\/posts\/124039\/revisions"}],"wp:featuredmedia":[{"embeddable":true,"href":"https:\/\/www.europesays.com\/es\/wp-json\/wp\/v2\/media\/124040"}],"wp:attachment":[{"href":"https:\/\/www.europesays.com\/es\/wp-json\/wp\/v2\/media?parent=124039"}],"wp:term":[{"taxonomy":"category","embeddable":true,"href":"https:\/\/www.europesays.com\/es\/wp-json\/wp\/v2\/categories?post=124039"},{"taxonomy":"post_tag","embeddable":true,"href":"https:\/\/www.europesays.com\/es\/wp-json\/wp\/v2\/tags?post=124039"}],"curies":[{"name":"wp","href":"https:\/\/api.w.org\/{rel}","templated":true}]}}