{"id":124054,"date":"2025-09-18T23:54:10","date_gmt":"2025-09-18T23:54:10","guid":{"rendered":"https:\/\/www.europesays.com\/es\/124054\/"},"modified":"2025-09-18T23:54:10","modified_gmt":"2025-09-18T23:54:10","slug":"lea-fandi-y-curro-duran-salen-a-hombros-en-cazorla","status":"publish","type":"post","link":"https:\/\/www.europesays.com\/es\/124054\/","title":{"rendered":"Lea, Fandi y Curro Dur\u00e1n salen a hombros en Cazorla"},"content":{"rendered":"<p>            <a href=\"https:\/\/www.lascosasdeltoro.com\/wp-content\/uploads\/2025\/09\/Lea-Fandi-y-Curro-Duran-salen-a-hombros-en-Cazorla.jpeg\" data-caption=\"\" rel=\"nofollow noopener\" target=\"_blank\"><img loading=\"lazy\" decoding=\"async\" width=\"696\" height=\"493\" class=\"entry-thumb td-modal-image\" src=\"https:\/\/www.europesays.com\/es\/wp-content\/uploads\/2025\/09\/Lea-Fandi-y-Curro-Duran-salen-a-hombros-en-Cazorla-696x493.jpeg\"   alt=\"\" title=\"Lea, Fandi y Curro Dur\u00e1n salen a hombros en Cazorla\"\/><\/a><\/p>\n<p><strong>Plaza de Toros de Cazorla (Ja\u00e9n)<\/strong>.- <\/p>\n<p>Se lidi\u00f3 un encierro de Toros de <strong>Soto de la Fuente<\/strong>, para rejones, y <strong>Julio de la Puerta<\/strong> para la rejoneadora <strong>Lea Vicens <\/strong>y los diestros <strong>David Fandila \u00abEl Fandi\u00bb y Curro Dur\u00e1n.<\/strong> <\/p>\n<p>Entretenido festejo mixto en la localidad jienense de Cazorla, con la francesa Lea, el granadino Fandi y el sevillano Curro Dur\u00e1n. La terna pase\u00f3 un  total de diez orejas y dos rabos, un publico entregado que llen\u00f3 en tres cuartas partes el aforo del cos jienense, mantuvo la tensi\u00f3n en todo momento por los vivido en el ruedo. <\/p>\n<p><strong>Ficha del Festejo<\/strong><\/p>\n<p>Toros de <strong>Soto de la Fuente<\/strong>, para rejones, y <strong>Julio de la Puerta<\/strong>, para la lidia a pie, de variado juego. <\/p>\n<p><strong>Lea Vicens,<\/strong>\u00a0dos orejas \/ dos orejas y rabo<\/p>\n<p>David Fandila \u00ab<strong>El Fandi\u00bb,\u00a0<\/strong>dos orejas \/ dos orejas y rabo<\/p>\n<p><strong>Curro Dur\u00e1n,\u00a0<\/strong>ovaci\u00f3n \/ dos orejas<\/p>\n<p><strong>Incidencias.<\/strong>\u2013 Tres cuartos de entrada.<\/p>\n<p><a href=\"#\"><img decoding=\"async\" src=\"https:\/\/www.lascosasdeltoro.com\/wp-content\/uploads\/2016\/10\/rec728.jpg\"\/><\/a>        <\/p>\n","protected":false},"excerpt":{"rendered":"Plaza de Toros de Cazorla (Ja\u00e9n).- Se lidi\u00f3 un encierro de Toros de Soto de la Fuente, para&hellip;\n","protected":false},"author":2,"featured_media":124055,"comment_status":"","ping_status":"","sticky":false,"template":"","format":"standard","meta":{"footnotes":""},"categories":[277],"tags":[373,168,25,24,23,167,374],"class_list":{"0":"post-124054","1":"post","2":"type-post","3":"status-publish","4":"format-standard","5":"has-post-thumbnail","7":"category-toreo","8":"tag-bullfighting","9":"tag-deportes","10":"tag-es","11":"tag-espana","12":"tag-spain","13":"tag-sports","14":"tag-toreo"},"share_on_mastodon":{"url":"","error":""},"_links":{"self":[{"href":"https:\/\/www.europesays.com\/es\/wp-json\/wp\/v2\/posts\/124054","targetHints":{"allow":["GET"]}}],"collection":[{"href":"https:\/\/www.europesays.com\/es\/wp-json\/wp\/v2\/posts"}],"about":[{"href":"https:\/\/www.europesays.com\/es\/wp-json\/wp\/v2\/types\/post"}],"author":[{"embeddable":true,"href":"https:\/\/www.europesays.com\/es\/wp-json\/wp\/v2\/users\/2"}],"replies":[{"embeddable":true,"href":"https:\/\/www.europesays.com\/es\/wp-json\/wp\/v2\/comments?post=124054"}],"version-history":[{"count":0,"href":"https:\/\/www.europesays.com\/es\/wp-json\/wp\/v2\/posts\/124054\/revisions"}],"wp:featuredmedia":[{"embeddable":true,"href":"https:\/\/www.europesays.com\/es\/wp-json\/wp\/v2\/media\/124055"}],"wp:attachment":[{"href":"https:\/\/www.europesays.com\/es\/wp-json\/wp\/v2\/media?parent=124054"}],"wp:term":[{"taxonomy":"category","embeddable":true,"href":"https:\/\/www.europesays.com\/es\/wp-json\/wp\/v2\/categories?post=124054"},{"taxonomy":"post_tag","embeddable":true,"href":"https:\/\/www.europesays.com\/es\/wp-json\/wp\/v2\/tags?post=124054"}],"curies":[{"name":"wp","href":"https:\/\/api.w.org\/{rel}","templated":true}]}}