{"id":124058,"date":"2025-09-18T23:58:04","date_gmt":"2025-09-18T23:58:04","guid":{"rendered":"https:\/\/www.europesays.com\/es\/124058\/"},"modified":"2025-09-18T23:58:04","modified_gmt":"2025-09-18T23:58:04","slug":"vuelta-a-espana-2025-rafal-majka-aconseja-a-juan-ayuso-antes-de-su-salida-del-uae-debe-esforzarse-y-dar-el-100","status":"publish","type":"post","link":"https:\/\/www.europesays.com\/es\/124058\/","title":{"rendered":"Vuelta a Espa\u00f1a 2025 | Rafal Majka aconseja a Juan Ayuso antes de su salida del UAE: \u00abDebe esforzarse y dar el 100%\u00bb"},"content":{"rendered":"<p>Rafal Majka pondr\u00e1 fin a su carrera deportiva <b data-testid=\"body-text-bold\">al cierre de 2025<\/b> y, en una entrevista con Bici.pro, ha aprovechado para hacer <b data-testid=\"body-text-bold\">balance de su trayectoria<\/b>. Adem\u00e1s, ha querido dedicar unas palabras especiales a <b data-testid=\"body-text-bold\">Juan Ayuso<\/b>, quien tambi\u00e9n abandonar\u00e1 el <b data-testid=\"body-text-bold\">UAE Team Emirates XRG<\/b> al final de esa temporada. Su consejo fue claro: <b data-testid=\"body-text-bold\">\u00abDebe ir a tope y darlo todo\u00bb<\/b>.<\/p>\n<p><img decoding=\"async\" class=\"text-transparent h-full w-full object-cover\" src=\"https:\/\/www.europesays.com\/es\/wp-content\/uploads\/2025\/09\/image-d5b5d7f5-12cc-44e8-b565-ba1ae2a12bd8-85-2560-1440.jpeg\" alt=\"picture\" data-testid=\"image-high-res\"\/><\/p>\n<p class=\"caption-s6-fx\">Final 12\u00aa etapa: Ayuso vuelve a ser el &#8216;gallo&#8217; de la fuga y frustra a Romo y Movistar en Cantabria<\/p>\n<p class=\"caption-s6-fx\">Autor del v\u00eddeo: Eurosport<\/p>\n<p>El polaco <b data-testid=\"body-text-bold\">conf\u00eda plenamente en el potencial <\/b>del joven espa\u00f1ol: <b data-testid=\"body-text-bold\">\u00abPuede triunfar en cualquier equipo\u00bb<\/b>. Aunque a\u00fan no es oficial, todo apunta a que Ayuso se unir\u00e1 al<b data-testid=\"body-text-bold\"> Lidl-Trek <\/b>a partir de 2025. Majka le ha recomendado <b data-testid=\"body-text-bold\">\u00abentrenar al 100%\u00bb<\/b> si quiere alcanzar sus objetivos en los pr\u00f3ximos a\u00f1os.<\/p>\n<p>Tambi\u00e9n ha elogiado a <b data-testid=\"body-text-bold\">Isaac del Toro<\/b>. El veterano corredor asegur\u00f3 que compartir equipo con j\u00f3venes talentos como el mexicano o el propio Ayuso ha sido una experiencia muy enriquecedora: <b data-testid=\"body-text-bold\">\u00ab<\/b>Me han dado la<b data-testid=\"body-text-bold\"> energ\u00eda para seguir hasta el final de mi carrera\u00bb<\/b>, afirm\u00f3, satisfecho por haber dejado huella como <b data-testid=\"body-text-bold\">mentor<\/b>, adem\u00e1s de como <b data-testid=\"body-text-bold\">gregario de lujo<\/b>.<\/p>\n<p><img decoding=\"async\" class=\"text-transparent h-full w-full object-cover\" src=\"https:\/\/www.europesays.com\/es\/wp-content\/uploads\/2025\/08\/image-0820c809-e061-4e90-8c7d-b5932235eb1d-85-2560-1440.jpeg\" alt=\"picture\" data-testid=\"image-high-res\"\/><\/p>\n<p class=\"caption-s6-fx\">Del Toro sigue a otro nivel: Su ataque desbocado en Erlaitz al que solo pudo responder Ciccone<\/p>\n<p class=\"caption-s6-fx\">Autor del v\u00eddeo: Eurosport<\/p>\n<p>GREGARIO DE CONTADOR, SAGAN Y POGACAR<\/p>\n<p>En un repaso a los grandes l\u00edderes que ha acompa\u00f1ado a lo largo de su carrera, <b data-testid=\"body-text-bold\">Rafal Majka<\/b> se ha detenido en la comparaci\u00f3n entre <b data-testid=\"body-text-bold\">Alberto Contador<\/b>, <b data-testid=\"body-text-bold\">Peter Sagan<\/b> y <b data-testid=\"body-text-bold\">Tadej Poga\u010dar<\/b>, destacando que los tres comparten una cualidad clave: <b data-testid=\"body-text-bold\">\u00abSon incre\u00edblemente fuertes de cabeza\u00bb<\/b>. Sobre <b data-testid=\"body-text-bold\">Contador<\/b>, record\u00f3 que \u00ab<b data-testid=\"body-text-bold\">cuando se propon\u00eda ganar el Giro, el Tour o La Vuelta, lo consegu\u00eda<\/b>\u00ab. En cuanto a <b data-testid=\"body-text-bold\">Poga\u010dar<\/b>, con quien ha compartido muchos de sus mayores \u00e9xitos, se\u00f1al\u00f3 una curiosidad que lo define: <b data-testid=\"body-text-bold\">\u00abNo habla mucho, pero lo gana todo\u00bb<\/b>.<\/p>\n<p><img decoding=\"async\" class=\"text-transparent h-full w-full object-cover\" src=\"https:\/\/www.europesays.com\/es\/wp-content\/uploads\/2025\/09\/image-9e01b728-99ef-4c75-91de-ffb5cc753176-85-2560-1440.jpeg\" alt=\"picture\" data-testid=\"image-high-res\"\/><\/p>\n<p class=\"caption-s6-fx\">Rafal Majka junto a Alberto Contador en el Tour 2015<\/p>\n<p class=\"caption-s6-fx\">Fuente de la imagen: Getty Images<\/p>\n","protected":false},"excerpt":{"rendered":"Rafal Majka pondr\u00e1 fin a su carrera deportiva al cierre de 2025 y, en una entrevista con Bici.pro,&hellip;\n","protected":false},"author":2,"featured_media":124059,"comment_status":"","ping_status":"","sticky":false,"template":"","format":"standard","meta":{"footnotes":""},"categories":[273],"tags":[313,312,168,25,24,4657,23,167,5411],"class_list":{"0":"post-124058","1":"post","2":"type-post","3":"status-publish","4":"format-standard","5":"has-post-thumbnail","7":"category-ciclismo","8":"tag-ciclismo","9":"tag-cycling","10":"tag-deportes","11":"tag-es","12":"tag-espana","13":"tag-juan-ayuso","14":"tag-spain","15":"tag-sports","16":"tag-vuelta-a-espana"},"share_on_mastodon":{"url":"","error":""},"_links":{"self":[{"href":"https:\/\/www.europesays.com\/es\/wp-json\/wp\/v2\/posts\/124058","targetHints":{"allow":["GET"]}}],"collection":[{"href":"https:\/\/www.europesays.com\/es\/wp-json\/wp\/v2\/posts"}],"about":[{"href":"https:\/\/www.europesays.com\/es\/wp-json\/wp\/v2\/types\/post"}],"author":[{"embeddable":true,"href":"https:\/\/www.europesays.com\/es\/wp-json\/wp\/v2\/users\/2"}],"replies":[{"embeddable":true,"href":"https:\/\/www.europesays.com\/es\/wp-json\/wp\/v2\/comments?post=124058"}],"version-history":[{"count":0,"href":"https:\/\/www.europesays.com\/es\/wp-json\/wp\/v2\/posts\/124058\/revisions"}],"wp:featuredmedia":[{"embeddable":true,"href":"https:\/\/www.europesays.com\/es\/wp-json\/wp\/v2\/media\/124059"}],"wp:attachment":[{"href":"https:\/\/www.europesays.com\/es\/wp-json\/wp\/v2\/media?parent=124058"}],"wp:term":[{"taxonomy":"category","embeddable":true,"href":"https:\/\/www.europesays.com\/es\/wp-json\/wp\/v2\/categories?post=124058"},{"taxonomy":"post_tag","embeddable":true,"href":"https:\/\/www.europesays.com\/es\/wp-json\/wp\/v2\/tags?post=124058"}],"curies":[{"name":"wp","href":"https:\/\/api.w.org\/{rel}","templated":true}]}}