{"id":124060,"date":"2025-09-18T23:59:09","date_gmt":"2025-09-18T23:59:09","guid":{"rendered":"https:\/\/www.europesays.com\/es\/124060\/"},"modified":"2025-09-18T23:59:09","modified_gmt":"2025-09-18T23:59:09","slug":"f1-bomba-el-pesado-medio-frances-que-opera-contra-colapinto-y-busca-desestabilizar-a-alpine","status":"publish","type":"post","link":"https:\/\/www.europesays.com\/es\/124060\/","title":{"rendered":"F1: \u00a1Bomba! El pesado medio franc\u00e9s que opera contra Colapinto y busca desestabilizar a Alpine"},"content":{"rendered":"<p><strong>Franco Colapinto<\/strong> est\u00e1 a horas de disputar su d\u00e9cima carrera de <strong>F\u00f3rmula 1 <\/strong>junto a Alpine cuando se ponga en marcha la acci\u00f3n del <strong>Gran Premio de Azerbaiy\u00e1n<\/strong> en el circuito callejero de Bak\u00fa. Sin embargo, los rumores relacionados en torno a su futuro siguen dando vuelta, a pesar de que el rendimiento del piloto argentino mostr\u00f3 una mejora en las \u00faltimas competencias.<\/p>\n<p>&#13;<br \/>\n&#13;<\/p>\n<p><strong><a href=\"https:\/\/www.carburando.com\/notas\/f1-con-la-camiseta-de-boca-puesta-colapinto-festejo-el-cumpleanos-de-su-ingeniero-stuart-barlow\" rel=\"nofollow noopener\" target=\"_blank\">Leer adem\u00e1s: Con la camiseta de Boca, Colapinto festej\u00f3 el cumplea\u00f1os de su ingeniero Stuart Barlow<\/a><\/strong><\/p>\n<p>&#13;<br \/>\n&#13;<\/p>\n<p><strong>El reconocido medio L\u2019Equipe public\u00f3 un an\u00e1lisis sobre cu\u00e1l es la mejor opci\u00f3n que tiene el equipo franc\u00e9s para acompa\u00f1ar a Pierre Gasly en 2026<\/strong>, a\u00f1o donde entrar\u00e1 en vigencia el nuevo reglamento t\u00e9cnico y la escuadra de Enstone contar\u00e1 con la motorizaci\u00f3n de Mercedes Benz. La publicaci\u00f3n gala evalu\u00f3 distintos nombres que podr\u00edan estar en la lista de Flavio Briatore para la temporada que viene.<\/p>\n<p>&#13;<br \/>\n&#13;<\/p>\n<p><img decoding=\"async\" alt=\"Imagen\" src=\"https:\/\/www.europesays.com\/es\/wp-content\/uploads\/2025\/09\/G1IMjwPWYAAvuaG\" style=\"height:510px; width:800px\"\/><\/p>\n<p>&#13;<br \/>\n&#13;<\/p>\n<p><strong>L\u2019Equipe pone a Colapinto como la \u201copci\u00f3n m\u00e1s l\u00f3gica\u201d para mantenerse como coequiper de Gasly, pero se\u00f1ala que \u201csu rendimiento no estuvo a la altura\u201d<\/strong>. En tanto, el informe pone dentro de la n\u00f3mina a <strong>Jack Doohan<\/strong>, quien fue reemplazado por el joven de Pilar luego de cinco competencias y volvi\u00f3 a ocupar el rol de reserva.<\/p>\n<p>&#13;<br \/>\n&#13;<\/p>\n<p><strong><a href=\"https:\/\/www.carburando.com\/notas\/f1-colapinto-saco-a-relucir-lo-que-sabe-de-futbol-y-le-hizo-una-broma-a-gasly-con-qatar-2022\" rel=\"nofollow noopener\" target=\"_blank\">Leer adem\u00e1s: La broma de Colapinto le hizo a Gasly en un juego de redes sociales<\/a><\/strong><\/p>\n<p>&#13;<br \/>\n&#13;<\/p>\n<p><strong>Paul Aron<\/strong> es otro de los nombres que el sitio de deportes destaca como candidato. <strong>El medio indica que el estonio de 21 a\u00f1os goza de buena estima por parte de Briatore<\/strong> y que eso se vio traducido en la posibilidad que le dieron de girar junto a Sauber en los entrenamientos de Silverstone y Hungr\u00eda y en la chance que tuvo a bordo del A525 de Colapinto en Monza. Adem\u00e1s, el europeo realiz\u00f3 varios test de TPC a lo largo de este a\u00f1o.<\/p>\n<p>&#13;<br \/>\n&#13;<\/p>\n<p><img decoding=\"async\" src=\"https:\/\/www.europesays.com\/es\/wp-content\/uploads\/2025\/09\/GusjXTaXAAAhnoi\" style=\"height:418px; width:800px\"\/><\/p>\n<p>&#13;<br \/>\n&#13;<br \/>\n<strong>\u00bfLo quieren imponer a Mick Schumacher?<\/strong>&#13;<br \/>\n&#13;<\/p>\n<p>Otro de los que se\u00f1alan es <strong>Mick Schumacher<\/strong>, que es puesto desde hace tiempo como candidato, pero a ciencia cierta no se sabe de sus posibilidades, aunque es parte de Alpine dentro del programa del Mundial de Endurance (WEC). <strong>Sin embargo, el alem\u00e1n sufri\u00f3 un rev\u00e9s cuando Briatore declar\u00f3 tiempo atr\u00e1s que no lo ten\u00eda en sus planes.<\/strong><\/p>\n<p>&#13;<br \/>\n&#13;<\/p>\n<p><a href=\"https:\/\/www.carburando.com\/notas\/laura-villars-la-primera-mujer-en-presentarse-como-candidata-a-presidente-de-la-fia\" rel=\"nofollow noopener\" target=\"_blank\"><strong>Leer adem\u00e1s: \u00bfQui\u00e9n es la primera mujer que se postula para presidir la FIA?<\/strong><\/a><\/p>\n<p>&#13;<br \/>\n&#13;<\/p>\n<p>Dentro de su an\u00e1lisis, L\u2019Equipe tambi\u00e9n pone como posible a<strong> Yuki Tsunoda,<\/strong> quien podr\u00eda alejarse de Red Bull si es reemplazado por Isack Hadjar. En tanto,<strong> Liam Lawson <\/strong>podr\u00eda entrar en el bolillero, aunque seg\u00fan indica el diario galo, tiene menos chances que el nip\u00f3n. Por \u00faltimo, dos debutantes como <strong>Alex Dunne<\/strong>, que es protegido de McLaren, y<strong> Leonardo Fornaroli <\/strong>estar\u00edan en danza tambi\u00e9n.<\/p>\n<p>&#13;<br \/>\n&#13;<\/p>\n<p><img decoding=\"async\" alt=\"Imagen\" src=\"https:\/\/www.europesays.com\/es\/wp-content\/uploads\/2025\/09\/GpAb6mZXAAA_Ce_\" style=\"height:1000px; width:800px\"\/><\/p>\n<p>&#13;<br \/>\n&#13;<br \/>\n<strong>\u00bfQu\u00e9 papel juega Gasly en la elecci\u00f3n de su compa\u00f1ero?<\/strong>&#13;<br \/>\n&#13;<\/p>\n<p><strong>Pierre Gasly<\/strong> y Alpine anunciaron en el GP de Italia que extendieron su v\u00ednculo hasta 2028 y con eso se confirm\u00f3 la importancia del ex Red Bull dentro de la estructura que dirige Briatore. <strong>El galo fue consultado durante el Media Day sobre lo que busca de su compa\u00f1ero para el campeonato 2026.<\/strong><\/p>\n<p>&#13;<br \/>\n&#13;<\/p>\n<p><a href=\"http:\/\/carburando.com\/notas\/f1-colapinto-firme-sobre-los-rumores-de-su-futuro-ese-ruido-externo-no-es-algo-que-me-este-influyendo-mucho\" rel=\"nofollow noopener\" target=\"_blank\"><strong>Leer adem\u00e1s: Colapinto se mostr\u00f3 firme frente a los rumores de su futuro para 2026<\/strong><\/a><\/p>\n<p>&#13;<br \/>\n&#13;<\/p>\n<p>\u00ab<strong>Me piden mi opini\u00f3n; despu\u00e9s, se trata m\u00e1s de mantener conversaciones abiertas con el equipo<\/strong>. Con Flavio (Briatore), tenemos una relaci\u00f3n muy honesta y abierta, no hay nada oculto. Adem\u00e1s, \u00e9l es igual de abierto y honesto en lo que dice a la prensa\u00bb, expres\u00f3 Gasly.<\/p>\n<p>&#13;<br \/>\n&#13;<\/p>\n<p>Y concluy\u00f3: \u00ab<strong>Como siempre he dicho, se necesita al piloto m\u00e1s r\u00e1pido posible, que tambi\u00e9n sea eficiente en cuanto a retroalimentaci\u00f3n t\u00e9cnica y que pueda ayudar con las estrategias<\/strong>. Cuando luchas m\u00e1s en cabeza con dos coches, puedes disfrutarlo un poco m\u00e1s y probar m\u00e1s estrategias\u00bb.<\/p>\n<p>&#13;<br \/>\n&#13;<\/p>\n<p><img decoding=\"async\" src=\"https:\/\/www.europesays.com\/es\/wp-content\/uploads\/2025\/09\/sd_5KDFC\" style=\"height:448px; width:800px\"\/><\/p>\n","protected":false},"excerpt":{"rendered":"Franco Colapinto est\u00e1 a horas de disputar su d\u00e9cima carrera de F\u00f3rmula 1 junto a Alpine cuando se&hellip;\n","protected":false},"author":2,"featured_media":124061,"comment_status":"","ping_status":"","sticky":false,"template":"","format":"standard","meta":{"footnotes":""},"categories":[270],"tags":[168,25,24,4636,306,271,272,23,167],"class_list":{"0":"post-124060","1":"post","2":"type-post","3":"status-publish","4":"format-standard","5":"has-post-thumbnail","7":"category-formula-1","8":"tag-deportes","9":"tag-es","10":"tag-espana","11":"tag-frmula-1","12":"tag-f1","13":"tag-formula-1","14":"tag-formula1","15":"tag-spain","16":"tag-sports"},"share_on_mastodon":{"url":"","error":""},"_links":{"self":[{"href":"https:\/\/www.europesays.com\/es\/wp-json\/wp\/v2\/posts\/124060","targetHints":{"allow":["GET"]}}],"collection":[{"href":"https:\/\/www.europesays.com\/es\/wp-json\/wp\/v2\/posts"}],"about":[{"href":"https:\/\/www.europesays.com\/es\/wp-json\/wp\/v2\/types\/post"}],"author":[{"embeddable":true,"href":"https:\/\/www.europesays.com\/es\/wp-json\/wp\/v2\/users\/2"}],"replies":[{"embeddable":true,"href":"https:\/\/www.europesays.com\/es\/wp-json\/wp\/v2\/comments?post=124060"}],"version-history":[{"count":0,"href":"https:\/\/www.europesays.com\/es\/wp-json\/wp\/v2\/posts\/124060\/revisions"}],"wp:featuredmedia":[{"embeddable":true,"href":"https:\/\/www.europesays.com\/es\/wp-json\/wp\/v2\/media\/124061"}],"wp:attachment":[{"href":"https:\/\/www.europesays.com\/es\/wp-json\/wp\/v2\/media?parent=124060"}],"wp:term":[{"taxonomy":"category","embeddable":true,"href":"https:\/\/www.europesays.com\/es\/wp-json\/wp\/v2\/categories?post=124060"},{"taxonomy":"post_tag","embeddable":true,"href":"https:\/\/www.europesays.com\/es\/wp-json\/wp\/v2\/tags?post=124060"}],"curies":[{"name":"wp","href":"https:\/\/api.w.org\/{rel}","templated":true}]}}