{"id":124066,"date":"2025-09-19T00:02:09","date_gmt":"2025-09-19T00:02:09","guid":{"rendered":"https:\/\/www.europesays.com\/es\/124066\/"},"modified":"2025-09-19T00:02:09","modified_gmt":"2025-09-19T00:02:09","slug":"los-looks-de-las-invitadas-al-desfile-de-carolina-herrera-en-madrid","status":"publish","type":"post","link":"https:\/\/www.europesays.com\/es\/124066\/","title":{"rendered":"los looks de las invitadas al desfile de Carolina Herrera en Madrid"},"content":{"rendered":"\n<p> <strong>Espa\u00f1a como cuna de la moda<\/strong>, un sue\u00f1o f\u00e1cilmente testable. Dior lo prob\u00f3 <a href=\"https:\/\/www.vanitatis.elconfidencial.com\/estilo\/moda\/2022-06-17\/desfile-crucero-dior-sevilla_3443621\/\" target=\"_self\" rel=\"nofollow noopener\">en Sevilla con su colecci\u00f3n crucero<\/a> hace tan solo tres a\u00f1os y hoy, 18 de septiembre de 2025, Carolina Herrera cumple de nuevo con este mantra a trav\u00e9s de<strong> su propuesta de primavera-verano 2026, inspirada y <a href=\"https:\/\/www.vanitatis.elconfidencial.com\/estilo\/moda\/2025-09-03\/desvelan-el-desfile-de-carolina-herrera-plaza-mayor_4201332\/\" target=\"_self\" rel=\"nofollow noopener\">presentada en la Plaza Mayor de Madrid<\/a><\/strong>. S\u00ed, tal y como leen, <a href=\"https:\/\/www.vanitatis.elconfidencial.com\/famosos\/2025-09-16\/wes-gordon-descubre-madrid-carolina-adriana-herrera-lugares_4210259\/\" target=\"_self\" rel=\"nofollow noopener\">Wes Gordon, director creativo de la firma<\/a>, ha tenido un flechazo con el hist\u00f3rico enclave dise\u00f1ado por Juan G\u00f3mez de Mora en el coraz\u00f3n de la capital hace cuatro siglos y que entremezcla elementos cl\u00e1sicos y barrocos. <\/p>\n<p> <strong><a href=\"https:\/\/www.vanitatis.elconfidencial.com\/estilo\/moda\/2025-04-23\/carolina-herrera-desfile-madrid-tendencia-moda_4114335\/\" target=\"_self\" rel=\"nofollow noopener\">Un show para la historia<\/a><\/strong>, al menos de nuestro pa\u00eds, que, como no pod\u00eda ser de otra manera, ha contado con la presencia de las mejores clientas y embajadoras de la marca. De esta manera, rostros nacionales e internacionales<strong> han ocupado el front-row <\/strong>situado frente a la Casa de la Panader\u00eda, ataviados en looks de ensue\u00f1o imposibles de olvidar. Entre la lista de invitadas se han encontrado<strong> nombres de la talla de Paloma Cuevas, Margarita Vargas<\/strong>, Aitana S\u00e1nchez Gij\u00f3n, Eugenia Mart\u00ednez de Irujo e incluso las \u2018insiders\u2019 Alexa Chung y Olivia Palermo. <\/p>\n<p>            Carolina Adriana y Patricia Cristina Herrera             Carolina Adriana y Patricia Cristina Herrera, anfritrionas del desfile de Carolina Herrera en Espa\u00f1a. (Limited Pictures)             <\/p>\n<p> <strong>Carolina Adriana Herrera<\/strong>, la mujer de la noche, escogi\u00f3 <strong>un vestido ajustado con fruncidos en color negro<\/strong> con estampado floral en diferentes tonos de azul. Tiene cuello redondo y manga larga (que lleva como si fuera tres cuartos) y la falda recta de un largo midi (que en el dise\u00f1o original era tambi\u00e9n larga). <\/p>\n<p> Su hermana<strong> Patricia Cristina <\/strong>escogi\u00f3 un dise\u00f1o mucho m\u00e1s discreto, que no sencillo. Se trata de<strong> un vestido ajustado negro<\/strong> con escote coraz\u00f3n y espalda abierta. <\/p>\n<p>            Eugenia Mart\u00ednez de Irujo             Eugenia Mart\u00ednez de Irujo y Narc\u00eds Rebollo,             <\/p>\n<p> Respaldada por <a href=\"https:\/\/www.vanitatis.elconfidencial.com\/famosos\/2024-10-21\/narcis-rebollo-marido-de-eugenia-martinez-irujo-trabajo_3987235\/\" target=\"_self\" rel=\"nofollow noopener\">su pareja Narc\u00eds Rebollo<\/a>, <strong>Eugenia Mart\u00ednez de Irujo <\/strong>ha conquistado los &#8216;flashes&#8217; de la prensa acreditada con <strong>un animado vestido largo de tirantes sin mangas<\/strong>, confeccionado en jacquard de seda azul pastel con estampaci\u00f3n floral roja. A este ha incorporado un mant\u00f3n de manila a modo de fular, sumando un toque m\u00e1s espa\u00f1ol a su look. <\/p>\n<p>            Nieves \u00c1lvarez             Nieves \u00c1lvarez, en el desfile de Carolina Herrera en Madrid. (Limited Pictures)             <\/p>\n<p> Nieves \u00c1lvarez, <a href=\"https:\/\/www.vanitatis.elconfidencial.com\/famosos\/2025-09-10\/primeras-palabras-nieves-alvarez-compromiso-bill-saad_4206341\/\" target=\"_self\" rel=\"nofollow noopener\">una de nuestras \u2018tops\u2019 m\u00e1s internacionales<\/a>, escogi\u00f3 <strong>un rom\u00e1ntico vestido de encaje de guipur<\/strong>, confeccionado con elaborados apliques de <strong>flores de organza de seda y lazadas dimensionales<\/strong>. Cuenta con tirantes anchos, escote caja cuerpo ajustado y un falda de largo midi con corte sirena. <\/p>\n<p>            Margarita Vargas             Margarita Vargas, en el desfile de Carolina Herrera en Madrid. (Limited Pictures)             <\/p>\n<p> <strong>Margarita Vargas<\/strong>, esposa de Luis Alfonso de Borb\u00f3n, escogi\u00f3 <strong>un vestido negro en tul adornado con escote palabra de hono<\/strong>r y sin mangas. De silueta ajustada, cuenta con falda acampanada de largo midi. <\/p>\n<p>                Aitana S\u00e1nchez Gij\u00f3n             Aitana S\u00e1nchez Gij\u00f3n, en el desfile de Carolina Herrera en Madrid. (Limited Pictures)             <\/p>\n<p> Aludiendo a la esencia de la ciudad de Madrid de la mano de Carolina Herrera, <strong><a href=\"https:\/\/www.vanitatis.elconfidencial.com\/estilo\/moda\/2023-11-05\/aitana-sanchez-gijon-55-cumpleanos-claves-de-estilo-look-entrevista_3766820\/\" target=\"_self\" rel=\"nofollow noopener\">Aitana S\u00e1nchez Gij\u00f3n<\/a><\/strong> <strong>ha posado con un vestido midi<\/strong> de tirantes y falda de vuelo, confeccionado en un <strong>tejido de estampaci\u00f3n de violetas, <\/strong>el cual ha completado con unas sandalias de tac\u00f3n de tonalidad oro. <\/p>\n<p>            Alexa Chung             Alexa Chung, en el desfile de Carolina Herrera en Madrid. (Limited Pictures)             <\/p>\n<p> La &#8216;it girl&#8217; brit\u00e1nica <strong>Alexa Chung<\/strong> ha rendido homenaje a sus or\u00edgenes orientales con<strong> un vestido midi de manga sisa, cuello barco y falda tubo <\/strong>con cintura ajustada, confeccionado en Italia en jacquard de seda de estampaci\u00f3n floral tropical en tonos beige. Por supuesto, firmado por Carolina Herrera. <\/p>\n<p>            Olivia Palermo             Olivia Palermo, en el desfile de Carolina Herrera en Madrid. (Limited Pictures)             <\/p>\n<p> <a href=\"https:\/\/www.vanitatis.elconfidencial.com\/estilo\/moda\/2023-12-01\/olivia-palermo-colaboracion-scalpers-coleccion_3784004\/\" target=\"_self\" rel=\"nofollow noopener\">La dise\u00f1adora Olivia Palermo <\/a><strong>ha sumado un toque de color y diversi\u00f3n al show<\/strong> mediante un dos piezas de punto de la marca, conformado por un jersey crop rosa chicle y una falda tubo verde. <\/p>\n<p>                Mar\u00eda Pombo             Mar\u00eda Pombo, en el desfile de Carolina Herrera en Madrid. (Limited Pictures)             <\/p>\n<p> La influencer <strong>Mar\u00eda Pombo <\/strong>escogi\u00f3 uno de los dise\u00f1os favoritos de Wes Gordon. Se trata de<strong> un vestido largo minimalista en un impoluto color blanco<\/strong> con escote palabra de honor y sin mangas , con un drapeado superpuesto en el delantero y un corpi\u00f1o tipo cors\u00e9 interno. Lo complemement\u00f3 con un bolso de mano en color verde lima con una enorme flor tridimensional. <\/p>\n<p>            Lola Lolita             Lola Lolita, en el desfile de Carolina Herrera en Madrid. (Limited Pictures)             <\/p>\n<p> La influencer<strong> Lola Lolita ha llevado a Carolina Herrera al estilo &#8216;Gen Z&#8217;<\/strong> a trav\u00e9s de un &#8216;coquette&#8217; minivestido sesentero de pata de gallo, manga sisa y patr\u00f3n recto, cuyo frontal se encontraba bordado por tres ramos de margaritas cuyas cl\u00e1sicas hojas blancas han sido sustituidas por lentejuelas rosas. <\/p>\n<p>            Carmen Lomana             Carmen Lomana posa a su llegada al desfile de Carolina Herrera. (EFE\/Daniel Gonz\u00e1lez)             <\/p>\n<p> <strong><a href=\"https:\/\/www.vanitatis.elconfidencial.com\/famosos\/2025-07-02\/entrevista-carmen-lomana-memorias-album-familiar-recuerdos_4162593\/\" target=\"_self\" rel=\"nofollow noopener\">Carmen Lomana<\/a> llev\u00f3 un minivestido en el color por excelencia de la firma, el rojo<\/strong>. Se trata de un vestido confeccionado en tafeta sin mangas de cuerpo entallado y falda con volumen con pliegues con efecto de paneles superpuestos y bolsillos laterales. Destaca tambi\u00e9n el cintur\u00f3n que consigue un enorme lazo en la parte delantera. <\/p>\n<p>                Lucy Hale             Lucy Hale, en el desfile de Carolina Herrera en Madrid. (Limited Pictures)             <\/p>\n<p> La actriz <strong>Lucy Hale<\/strong>, reconocida internacionalmente por protagonizar la serie \u2018Peque\u00f1as Mentirosas\u2019, se ha aliado con uno de los modelos cl\u00e1sicos de la marca. Nos referimos a un sofisticado<strong> vestido rojo, de corte midi, falda tubo<\/strong> y escote palabra de honor puntiagudo, reforzado por un cors\u00e9 interno. <\/p>\n<p>            Karolina Kurkova             Karolina Kurkova, en el desfile de Carolina Herrera en Madrid. (Limited Pictures)             <\/p>\n<p> La supermodelo internacional<strong> Karolina Kurkova escogi\u00f3 un vestido de la colecci\u00f3n primavera\/verano 2022 <\/strong>de la firma. Se trata de un minivestido palabra de honor confeccionado seda enmarcado en unas llamativas mangas drapeadas y una cola hasta el suelo. Es en color blanco con estampado de lunares negros y flores rojas. <\/p>\n<p>            Eugenia Osborne             Eugenia Osborne, en el desfile de Carolina Herrera en Madrid. (Limited Pictures)             <\/p>\n<p> <a href=\"https:\/\/www.vanitatis.elconfidencial.com\/famosos\/2025-09-10\/eugenia-osborne-hija-bertin-pisos-de-lujo-giro_4205399\/\" target=\"_self\" rel=\"nofollow noopener\">Eugenia Osborne <\/a>ha seleccionado para la cita<strong> un minivestido floral de un solo hombro de Carolina Herrera<\/strong>, que se encuentra realizado en Estados Unidos y presenta una falda asim\u00e9trica detallada con un lazo en la cintura y un dobladillo con ribete de malla. <\/p>\n<p>                Hiba Abouk             Hiba Abouk, en el desfile de Carolina Herrera en Madrid. (Limited Pictures)             <\/p>\n<p> La actriz Hiba Abouk luci\u00f3 un look de pasarela de la <strong>colecci\u00f3n primavera\/verano 2025<\/strong>. Se trata de un top fruncido con cuello halter y pronunciado escote en V combinado con unos pantalones de inspiraci\u00f3n torera con bordados dimensionales con motivos florales en rafia, cuentas y lentejuelas. <\/p>\n<p>            Najwa Nimri             Najwa Nimri posa a su llegada al desfile de Carolina Herrera. (EFE\/Daniel Gonz\u00e1lez)             <\/p>\n<p> <a href=\"https:\/\/www.vanitatis.elconfidencial.com\/famosos\/2022-02-14\/najwa-nimri-actriz-polemica-curiosidades_3373839\/\" target=\"_self\" rel=\"nofollow noopener\">Najwa Nimri<\/a> llev\u00f3 un look de pasarela de la <strong>colecci\u00f3n primavera\/verano 2025<\/strong>. Se trata de un conjunto de una blusa de tul efecto capa corta con mangas tres cuartos y un pronunciado escote en V y unos pantalones capri ajustados. <\/p>\n<p>            Marta Hazas             Marta Hazas posa este jueves a su llegada al desfile de Carolina Herrera. (EFE\/Daniel Gonz\u00e1lez)             <\/p>\n<p> <a href=\"https:\/\/www.vanitatis.elconfidencial.com\/estilo\/moda\/2023-07-29\/marta-hazas-entrevista-moda-looks-dioriviera_3707293\/\" target=\"_self\" rel=\"nofollow noopener\">La actriz Marta Hazas<\/a> ha seleccionado un<strong> vestido largo de la colecci\u00f3n de primavera-verano 2025<\/strong>, protagonizado por su atrevido estampado floral azul sobre tejido de punto. Una pieza, que abraza la figura femenina, a trav\u00e9s de un delicado fruncido por toda la prenda y la potencia con un escote bardot de hombros al descubierto. <\/p>\n<p>                Macarena Garc\u00eda             Macarena Garc\u00eda, en el desfile de Carolina Herrera en Madrid. (Limited Pictures)             <\/p>\n<p> La actriz <strong>Macarena Garc\u00eda<\/strong> escogi\u00f3 una sensual combinaci\u00f3n de la firma. Se trata de <strong>un bustier negro con varillas vistas <\/strong>cojuntando con un sencillo pantal\u00f3n negro de tiro medio y corte recto. <\/p>\n<p>            Ana Rujas             Ana Rujas, en el desfile de Carolina Herrera en Madrid. (Limited Pictures)             <\/p>\n<p> La actriz<strong> Ana Rujas<\/strong> ha hecho gala del poder del minimalismo, la concepci\u00f3n m\u00e1s cl\u00e1sica de la elegancia, a trav\u00e9s de <strong>un vestido midi negro ce\u00f1ido<\/strong> de escote palabra de honor y patr\u00f3n recto presidido<strong> por un frontal completamente fruncido.<\/strong> <\/p>\n<p>            Amaia             Amaia, en el desfile de Carolina Herrera en Madrid. (Limited Pictures)             <\/p>\n<p> La cantante<strong> Amaia Romero <\/strong>escogi\u00f3 un dise\u00f1o de archivo de la marca, <strong>de la colecci\u00f3n primavera\/verano 2020.<\/strong> Se trata de un minivestido camisero con manga larga y minifalda de tablas. <\/p>\n<p>                Rigoberta Bandini             Rigoberta Bandini, en el desfile de Carolina Herrera en Madrid. (Limited Pictures)             <\/p>\n<p> <a href=\"https:\/\/www.vanitatis.elconfidencial.com\/estilo\/ocio\/2025-03-25\/rigoberta-bandini-critica-jesucrista-superstar_4092799\/\" target=\"_self\" rel=\"nofollow noopener\">La cantante Rigoberta Bandini <\/a><strong>escogi\u00f3 un conjunto bicolor en blanco y negro <\/strong>en listas diagonales a lo largo de las dos prendas, un top de cuello redondo y manga larga y una falda l\u00e1piz larga hasta los tobillos. A los pies, unos mules negro de tac\u00f3n bajo. <\/p>\n<p>            Silvia Alonso             Silvia Alonso, en el desfile de Carolina Herrera en Madrid. (Limited Pictures)             <\/p>\n<p> La actriz <strong>Silvia Alonso<\/strong> se ha decantado por uno de los conjuntos de noche de la marca. <strong>Hablamos de un dos piezas negro<\/strong> de falda de corte midi con cinturilla marcada y corte evas\u00e9 y un top de tirantes con flores 3D bordadas y confeccionadas en lentejuelas. <\/p>\n<p>            Elena Rivera             Elena Rivera, en el desfile de Carolina Herrera en Madrid. (Limited Pictures)              <\/p>\n<p> La actriz <strong>Elena Rivera<\/strong> ha posado con un rom\u00e1ntico, a la par que coquette,<strong> minivestido rojo de corte A<\/strong>, escote bustier, sin mangas, tirantes para atar y largo por encima de la rodilla. <\/p>\n<p>                Gala Gonz\u00e1lez             Gala Gonz\u00e1lez, en el desfile de Carolina Herrera en Madrid. (Limited Pictures)             <\/p>\n<p> <strong>Gala Gonz\u00e1lez <\/strong>escogi\u00f3 una prenda <strong>con el binomio m\u00e1s ic\u00f3nico de Carolina Herrera: rosa y rojo. <\/strong>Se trata de un vestido de seda con una silueta ajustada de cintura baja y con una preciosa ca\u00edda. El corpi\u00f1o fruncido cuenta con escote en forma de coraz\u00f3n y la falda asim\u00e9trica cuenta con vuelo y una abertura delantera. <\/p>\n<p>            \u00c1gueda L\u00f3pez             El cantante y bailar\u00edn  Luis Fonsi y su mujer, la modelo \u00c1gueda L\u00f3pez posan a su llegada al desfile de Carolina Herrera. (EFE\/Daniel Gonz\u00e1lez)             <\/p>\n<p> Acompa\u00f1ada por su marido, el cantante Luis Fonsi, y tras protagonizar el desfile de Claro Couture en la MBFWM, <a href=\"https:\/\/www.vanitatis.elconfidencial.com\/famosos\/2025-06-15\/entrevista-agueda-lopez-primer-libro-bullying_4150718\/\" target=\"_self\" rel=\"nofollow noopener\">la modelo \u00c1gueda L\u00f3pez<\/a> ha acudido al desfile de la colecci\u00f3n primavera-verano 2026 de Carolina Herrera,<strong> ataviada en un total look de inspiraci\u00f3n nupcial.<\/strong> Este se encontraba compuesto por un minivestido con bomber a conjunto, confeccionados en encaje floral blanco. <\/p>\n<p>            Alejandra Dom\u00ednguez             Alejandra Dom\u00ednguez, en el desfile de Carolina Herrera en Madrid. (Limited Pictures)             <\/p>\n<p> <strong>Alejandra Dom\u00ednguez escogi\u00f3 un minivestido naranja<\/strong> con cuello redondo y escote en forma de gota gracias a un fruncido que simula un lazo. De corte A, cuenta con mangas largas y la minifalda deja todo el protagonismo a las piernas. <\/p>\n","protected":false},"excerpt":{"rendered":"Espa\u00f1a como cuna de la moda, un sue\u00f1o f\u00e1cilmente testable. Dior lo prob\u00f3 en Sevilla con su colecci\u00f3n&hellip;\n","protected":false},"author":2,"featured_media":124067,"comment_status":"","ping_status":"","sticky":false,"template":"","format":"standard","meta":{"footnotes":""},"categories":[174],"tags":[255,146,147,25,24,256,23],"class_list":{"0":"post-124066","1":"post","2":"type-post","3":"status-publish","4":"format-standard","5":"has-post-thumbnail","7":"category-famosos","8":"tag-celebrities","9":"tag-entertainment","10":"tag-entretenimiento","11":"tag-es","12":"tag-espana","13":"tag-famosos","14":"tag-spain"},"share_on_mastodon":{"url":"","error":""},"_links":{"self":[{"href":"https:\/\/www.europesays.com\/es\/wp-json\/wp\/v2\/posts\/124066","targetHints":{"allow":["GET"]}}],"collection":[{"href":"https:\/\/www.europesays.com\/es\/wp-json\/wp\/v2\/posts"}],"about":[{"href":"https:\/\/www.europesays.com\/es\/wp-json\/wp\/v2\/types\/post"}],"author":[{"embeddable":true,"href":"https:\/\/www.europesays.com\/es\/wp-json\/wp\/v2\/users\/2"}],"replies":[{"embeddable":true,"href":"https:\/\/www.europesays.com\/es\/wp-json\/wp\/v2\/comments?post=124066"}],"version-history":[{"count":0,"href":"https:\/\/www.europesays.com\/es\/wp-json\/wp\/v2\/posts\/124066\/revisions"}],"wp:featuredmedia":[{"embeddable":true,"href":"https:\/\/www.europesays.com\/es\/wp-json\/wp\/v2\/media\/124067"}],"wp:attachment":[{"href":"https:\/\/www.europesays.com\/es\/wp-json\/wp\/v2\/media?parent=124066"}],"wp:term":[{"taxonomy":"category","embeddable":true,"href":"https:\/\/www.europesays.com\/es\/wp-json\/wp\/v2\/categories?post=124066"},{"taxonomy":"post_tag","embeddable":true,"href":"https:\/\/www.europesays.com\/es\/wp-json\/wp\/v2\/tags?post=124066"}],"curies":[{"name":"wp","href":"https:\/\/api.w.org\/{rel}","templated":true}]}}