{"id":124084,"date":"2025-09-19T00:15:16","date_gmt":"2025-09-19T00:15:16","guid":{"rendered":"https:\/\/www.europesays.com\/es\/124084\/"},"modified":"2025-09-19T00:15:16","modified_gmt":"2025-09-19T00:15:16","slug":"varapalo-a-cerdan-y-abalos","status":"publish","type":"post","link":"https:\/\/www.europesays.com\/es\/124084\/","title":{"rendered":"varapalo a Cerd\u00e1n y \u00c1balos"},"content":{"rendered":"\n<p> El Servicio de Criminal\u00edstica de la Guardia Civil ha concluido que los audios grabados por Koldo Garc\u00eda Izaguirre en los que se escucha a <strong>Santos Cerd\u00e1n <\/strong>y <strong>Jos\u00e9 Luis \u00c1balos<\/strong> hablar del <a href=\"https:\/\/www.elconfidencial.com\/espana\/2025-06-13\/audios-uco-reparto-obras-publicas-santos_4150839\/\" target=\"_self\" rel=\"nofollow noopener\">reparto de presuntas comisiones ilegales<\/a> por la adjudicaci\u00f3n de obra p\u00fablica <strong>no han sido manipulados<\/strong>. El informe, que ya en poder del Tribunal Supremo, apuntala la validez de las grabaciones y oscurece el futuro de los dos \u00faltimos secretarios de Organizaci\u00f3n del PSOE y del <a href=\"https:\/\/www.elconfidencial.com\/espana\/2025-06-20\/descontrol-psoe-cerdan-abalos-imputacion-psoe_4153104\/\" target=\"_self\" rel=\"nofollow noopener\">propio partido<\/a>. \u00abNo se han identificado trazas que evidencien alteraciones, manipulaciones o comportamientos an\u00f3malos\u00bb, indica el informe en poder de El Confidencial. <\/p>\n<p> La pericial ha sido realizada por el Departamento de Ingenier\u00eda Digital del <a href=\"https:\/\/web.guardiacivil.es\/es\/institucional\/conocenos\/especialidades\/InvestigacionCientifica\/\" target=\"_self\" rel=\"nofollow noopener\">Servicio de Criminal\u00edstica<\/a> (Secrim) del Instituto Armado y fue <a href=\"https:\/\/www.elconfidencial.com\/espana\/2025-07-17\/juez-acuerda-pericial-audios-koldo-manipulados-peticion-cerdan_4175035\/\" target=\"_self\" rel=\"nofollow noopener\">ordenada por el instructor<\/a> del caso Koldo en el Supremo, <strong>Leopoldo Puente,<\/strong> a petici\u00f3n de los abogados de Cerd\u00e1n, que intentan desacreditar los <a href=\"https:\/\/www.elconfidencial.com\/espana\/2025-06-13\/audios-uco-hijo-puta-santos-dinero-abalos-koldo_4150761\/\" target=\"_self\" rel=\"nofollow noopener\">ocho audios localizados<\/a> en dispositivos del antiguo asesor del Ministerio de Transportes que <strong>fueron fundamentales para la imputaci\u00f3n y el ingreso en prisi\u00f3n<\/strong> provisional del pol\u00edtico navarro el pasado 30 de junio. <\/p>\n<p> Los especialistas del Secrim <strong>no han detectado ninguna anomal\u00eda<\/strong> que evidencie que las grabaciones realizadas por Koldo e incorporadas al procedimiento hayan sido cortadas o editadas. Los peritos tambi\u00e9n consideran que no hay razones para cuestionar que las grabaciones no procedan de los dispositivos electr\u00f3nicos intervenidos al antiguo asesor de \u00c1balos, como<a href=\"https:\/\/www.elconfidencial.com\/espana\/2025-09-17\/anticorrupcion-cerdan-carcel-diciembre_4210226\/\" target=\"_self\" rel=\"nofollow noopener\"> tambi\u00e9n ha denunciado la defensa de Cerd\u00e1n<\/a>. A juicio del Secrim, no se aprecia ning\u00fan motivo razonable para rebatir la autenticidad de los archivos e invalidar las afirmaciones que se vierten en ellos. <\/p>\n<p> El informe especifica que se ha llevado a cabo \u00abla verificaci\u00f3n de integridad mediante el cotejo de los valores hash (algoritmos MD5 y SHA-256) obtenidos por las herramientas forenses empleadas en la extracci\u00f3n de la informaci\u00f3n contenida en los dispositivos, con los valores hash generados a partir de los indicios digitales remitidos, utilizando la herramienta HashMyFiles\u00bbhttps:\/\/www.elconfidencial.com\/espana\/2025-09-18\/criminalistica-8-audios-koldo-abalos-santos-cerdan_4211603\/.\u00bbEl <strong>resultado del proceso de comparaci\u00f3n ha sido positivo<\/strong>, confirmando la integridad y autenticidad\u00bb, destaca. <\/p>\n<p>              <img decoding=\"async\" class=\"inTextNews__img\" alt=\"Foto: el-juez-a-cerdan-en-prision-al-persistir-el-riesgo-de-destruccion-de-pruebas\" src=\"https:\/\/www.europesays.com\/es\/wp-content\/uploads\/2025\/09\/f.elconfidencial.com\/original\/d0f\/da8\/7b7\/d0fda87b76b102e50d7e385c216a6949.jpg\"  \/>     <\/p>\n<p>TE PUEDE INTERESAR<\/p>\n<p>      <a class=\"inTextNews__title\" href=\"https:\/\/www.elconfidencial.com\/espana\/2025-09-18\/el-juez-a-cerdan-en-prision-al-persistir-el-riesgo-de-destruccion-de-pruebas_4211630\/\" onclick=\"window.ECCO.emit(&#039;amplitude&#039;, { dataEventName: &#039;click_related_article_module&#039;, data: { related_article_url: &#039;https:\/\/www.elconfidencial.com\/espana\/2025-09-18\/el-juez-a-cerdan-en-prision-al-persistir-el-riesgo-de-destruccion-de-pruebas_4211630\/&#039;, related_article_author: &#039;Beatriz Parera&#039;, related_article_section: &#039;espana&#039; } })\" rel=\"nofollow noopener\" target=\"_blank\"> El juez mantiene en prisi\u00f3n a Cerd\u00e1n al persistir el riesgo de destrucci\u00f3n de pruebas <\/a>   <\/p>\n<p>    Beatriz Parera   <\/p>\n<p> El resultado del informe es <strong>una mala noticia para los investigados<\/strong>. La <a href=\"https:\/\/www.elconfidencial.com\/espana\/2025-06-23\/sanchez-uco-guardia-civil-cerdan-begona-gomez_4153614\/\" target=\"_self\" rel=\"nofollow noopener\">Unidad Central Operativa<\/a> (UCO) revel\u00f3 la existencia de estos ocho audios el pasado 5 de junio en su \u00faltimo informe sobre la trama corrupta vinculada al Gobierno de <strong>Pedro S\u00e1nchez<\/strong>. Los sonidos fueron registrados por Koldo entre abril de 2019 y diciembre de 2023 y forman parte de un paquete de archivos mucho m\u00e1s amplio que el antiguo portero de prost\u00edbulo guardaba aparentemente para evitar que Moncloa y el PSOE lo dejaran caer. <\/p>\n<p> Tras conocerse el informe, la defensa de Santos Cerd\u00e1n ha incidido en que <strong>el informe presenta puntos que alientan sus hip\u00f3tesis<\/strong> en lugar de desactivarlas. Se refieren, en concreto, a la falta de metadatos temporales en algunos de los audios e interpreta que algunos \u00abhan sido editados\u00bb. Adelantan que en los pr\u00f3ximos d\u00edas contar\u00e1n con una pericial propia que han encargado e insisten en que, con estos resultados, \u00abdeber\u00edan acordar de oficio la libertad\u00bb. <\/p>\n<p>              <img decoding=\"async\" class=\"inTextNews__img\" alt=\"Foto: cerdan-koldo-noran-cooperativa-mercantil-opaca\" src=\"https:\/\/www.europesays.com\/es\/wp-content\/uploads\/2025\/09\/f.elconfidencial.com\/original\/d80\/6e6\/cda\/d806e6cdaa9beebf4d156b86e39ca641.jpg\"  \/>     <\/p>\n<p>TE PUEDE INTERESAR<\/p>\n<p>      <a class=\"inTextNews__title\" href=\"https:\/\/www.elconfidencial.com\/espana\/2025-09-12\/cerdan-koldo-noran-cooperativa-mercantil-opaca_4207271\/\" onclick=\"window.ECCO.emit(&#039;amplitude&#039;, { dataEventName: &#039;click_related_article_module&#039;, data: { related_article_url: &#039;https:\/\/www.elconfidencial.com\/espana\/2025-09-12\/cerdan-koldo-noran-cooperativa-mercantil-opaca_4207271\/&#039;, related_article_author: &#039;Jos\u00e9 Mar\u00eda Olmo&#039;, related_article_section: &#039;espana&#039; } })\" rel=\"nofollow noopener\" target=\"_blank\"> Cerd\u00e1n us\u00f3 a Koldo para ocultar 132.000 \u20ac a trav\u00e9s de una mercantil opaca <\/a>   <\/p>\n<p>    Jos\u00e9 Mar\u00eda Olmo   <\/p>\n<p> Los agentes de Criminal\u00edstica cierran su informe con esta apreciaci\u00f3n. \u00abEs m\u00e1s probable observar los resultados del conjunto de los an\u00e1lisis de autenticidad efectuados sobre los archivos dubitados <strong>si la hip\u00f3tesis de autenticidad es la que se considera verdadera <\/strong>que si se considera verdadera la hip\u00f3tesis contraria\u00bb. <\/p>\n<p>                Audios expl\u00edcitos           <\/p>\n<p> Los audios son <a href=\"https:\/\/www.elconfidencial.com\/espana\/2025-06-13\/audio-koldo-santos-nicoleta-follar-paro_4150728\/\" target=\"_self\" rel=\"nofollow noopener\">extremadamente expl\u00edcitos<\/a>. En uno de noviembre de 2023, por ejemplo, se oye a Koldo reconocerle a \u00c1balos que le deben 450.000 euros. El asesor promete que reclamar\u00e1 130.000 euros y otros 100.000 euros adicionales para el exministro, y acusa al \u201c<strong>hijo de puta de Santos\u201d<\/strong> de haberse quedado con dinero. \u201cLo ha hecho delante de m\u00ed. Me ha utilizado durante 15 a\u00f1os\u201d, afirma Koldo. <\/p>\n<p> En otra conversaci\u00f3n de enero de 2021, cuando \u00c1balos y Koldo a\u00fan estaban en el Ministerio de Transportes, ambos habr\u00edan mantenido un encuentro con Cerd\u00e1n para hablar nuevamente del reparto de sobornos. \u00abQue no voy a decir, que yo traigo el papel lo apuntamos y lo vemos, punto\u00bb, dice Cerd\u00e1n enfadado en un momento. <strong>\u00ab\u00a1Koldo! Que <a href=\"https:\/\/www.elconfidencial.com\/espana\/2025-07-18\/juez-cerdan-uco-informacion_4175213\/\" target=\"_self\" rel=\"nofollow noopener\">no quiero que hables de esto<\/a>, que no se habla\u00bb, insiste el exsecretario de Organizaci\u00f3n.<\/strong> <\/p>\n<p> Ni Cerd\u00e1n ni \u00c1balos han reconocido esas conversaciones, aunque el exministro confes\u00f3 el pasado julio en una entrevista con El Confidencial que <strong>s\u00ed que le suenan algunos pasajes<\/strong>. La negativa de Cerd\u00e1n es m\u00e1s contundente. Sostiene que no reconoce su voz y que nunca particip\u00f3 en conversaciones de ese tipo. Al menos por ahora, los peritos de la Guardia Civil han cerrado esa l\u00ednea de defensa y han abierto la puerta a <a href=\"https:\/\/www.elconfidencial.com\/espana\/2025-06-11\/cerdan-abalos-acciona-vizcaya-navarra-psoe-juez_4148611\/\" target=\"_self\" rel=\"nofollow noopener\">nuevas diligencias<\/a>. <\/p>\n<p>                  <img decoding=\"async\" class=\"inTextNews__img\" alt=\"Foto: audios-koldo-constructora-amano-obras-facturas\" src=\"https:\/\/www.europesays.com\/es\/wp-content\/uploads\/2025\/09\/f.elconfidencial.com\/original\/001\/494\/4b0\/0014944b0a0ab3f267e0586d4c806712.jpg\"  \/>     <\/p>\n<p>TE PUEDE INTERESAR<\/p>\n<p>      <a class=\"inTextNews__title\" href=\"https:\/\/www.elconfidencial.com\/espana\/2025-07-26\/audios-koldo-constructora-amano-obras-facturas_4180513\/\" onclick=\"window.ECCO.emit(&#039;amplitude&#039;, { dataEventName: &#039;click_related_article_module&#039;, data: { related_article_url: &#039;https:\/\/www.elconfidencial.com\/espana\/2025-07-26\/audios-koldo-constructora-amano-obras-facturas_4180513\/&#039;, related_article_author: &#039;Jos\u00e9 Mar\u00eda Olmo,Pablo Gabilondo&#039;, related_article_section: &#039;espana&#039; } })\" rel=\"nofollow noopener\" target=\"_blank\"> Los audios del caso Koldo implican a otra constructora en los ama\u00f1os: \u00abTenemos que hacer factura de 6.000\u00bb <\/a>   <\/p>\n<p>    Jos\u00e9 Mar\u00eda Olmo     Pablo Gabilondo   <\/p>\n<p> Koldo tambi\u00e9n ha intentado <a href=\"https:\/\/www.elconfidencial.com\/espana\/2025-07-02\/koldo-anular-registros-domiciluo-rechazo-juez_4164466\/\" target=\"_self\" rel=\"nofollow noopener\">anular el registro de su casa<\/a> en el que aparecieron estas pruebas, pero el Tribunal Supremo ha tumbado igualmente <strong>las supuestas nulidades que denunciaban<\/strong> sus abogados. <\/p>\n<p> El Servicio de Criminal\u00edstica de la Guardia Civil ha concluido que los audios grabados por Koldo Garc\u00eda Izaguirre en los que se escucha a <strong>Santos Cerd\u00e1n <\/strong>y <strong>Jos\u00e9 Luis \u00c1balos<\/strong> hablar del <a href=\"https:\/\/www.elconfidencial.com\/espana\/2025-06-13\/audios-uco-reparto-obras-publicas-santos_4150839\/\" target=\"_self\" rel=\"nofollow noopener\">reparto de presuntas comisiones ilegales<\/a> por la adjudicaci\u00f3n de obra p\u00fablica <strong>no han sido manipulados<\/strong>. El informe, que ya en poder del Tribunal Supremo, apuntala la validez de las grabaciones y oscurece el futuro de los dos \u00faltimos secretarios de Organizaci\u00f3n del PSOE y del <a href=\"https:\/\/www.elconfidencial.com\/espana\/2025-06-20\/descontrol-psoe-cerdan-abalos-imputacion-psoe_4153104\/\" target=\"_self\" rel=\"nofollow noopener\">propio partido<\/a>. \u00abNo se han identificado trazas que evidencien alteraciones, manipulaciones o comportamientos an\u00f3malos\u00bb, indica el informe en poder de El Confidencial. <\/p>\n","protected":false},"excerpt":{"rendered":"El Servicio de Criminal\u00edstica de la Guardia Civil ha concluido que los audios grabados por Koldo Garc\u00eda Izaguirre&hellip;\n","protected":false},"author":2,"featured_media":124085,"comment_status":"","ping_status":"","sticky":false,"template":"","format":"standard","meta":{"footnotes":""},"categories":[5],"tags":[17,18,25,24,13,14,11,19,20,9,10,15,16,23,12,21,22],"class_list":{"0":"post-124084","1":"post","2":"type-post","3":"status-publish","4":"format-standard","5":"has-post-thumbnail","7":"category-titulares","8":"tag-breaking-news","9":"tag-breakingnews","10":"tag-es","11":"tag-espana","12":"tag-featured-news","13":"tag-featurednews","14":"tag-headlines","15":"tag-latest-news","16":"tag-latestnews","17":"tag-news","18":"tag-noticias","19":"tag-noticias-destacadas","20":"tag-noticiasdestacadas","21":"tag-spain","22":"tag-titulares","23":"tag-ultimas-noticias","24":"tag-ultimasnoticias"},"share_on_mastodon":{"url":"","error":""},"_links":{"self":[{"href":"https:\/\/www.europesays.com\/es\/wp-json\/wp\/v2\/posts\/124084","targetHints":{"allow":["GET"]}}],"collection":[{"href":"https:\/\/www.europesays.com\/es\/wp-json\/wp\/v2\/posts"}],"about":[{"href":"https:\/\/www.europesays.com\/es\/wp-json\/wp\/v2\/types\/post"}],"author":[{"embeddable":true,"href":"https:\/\/www.europesays.com\/es\/wp-json\/wp\/v2\/users\/2"}],"replies":[{"embeddable":true,"href":"https:\/\/www.europesays.com\/es\/wp-json\/wp\/v2\/comments?post=124084"}],"version-history":[{"count":0,"href":"https:\/\/www.europesays.com\/es\/wp-json\/wp\/v2\/posts\/124084\/revisions"}],"wp:featuredmedia":[{"embeddable":true,"href":"https:\/\/www.europesays.com\/es\/wp-json\/wp\/v2\/media\/124085"}],"wp:attachment":[{"href":"https:\/\/www.europesays.com\/es\/wp-json\/wp\/v2\/media?parent=124084"}],"wp:term":[{"taxonomy":"category","embeddable":true,"href":"https:\/\/www.europesays.com\/es\/wp-json\/wp\/v2\/categories?post=124084"},{"taxonomy":"post_tag","embeddable":true,"href":"https:\/\/www.europesays.com\/es\/wp-json\/wp\/v2\/tags?post=124084"}],"curies":[{"name":"wp","href":"https:\/\/api.w.org\/{rel}","templated":true}]}}