{"id":124086,"date":"2025-09-19T00:17:13","date_gmt":"2025-09-19T00:17:13","guid":{"rendered":"https:\/\/www.europesays.com\/es\/124086\/"},"modified":"2025-09-19T00:17:13","modified_gmt":"2025-09-19T00:17:13","slug":"estreno-de-un-documental-dedicado-a-la-figura-de-mondeno","status":"publish","type":"post","link":"https:\/\/www.europesays.com\/es\/124086\/","title":{"rendered":"Estreno de un documental dedicado a la figura de Monde\u00f1o"},"content":{"rendered":"<p>\t\t\t\t\t<img data-recalc-dims=\"1\" fetchpriority=\"high\" decoding=\"async\" aria-describedby=\"caption-attachment-239840\" data-attachment-id=\"239840\" data-permalink=\"https:\/\/sevillatoro.es\/estreno-de-un-documental-dedicado-a-la-figura-de-mondeno\/img_20250917_214439\/\" data-orig-file=\"https:\/\/i0.wp.com\/sevillatoro.es\/wp-content\/uploads\/IMG_20250917_214439.jpg?fit=2425%2C1617&amp;ssl=1\" data-orig-size=\"2425,1617\" data-comments-opened=\"0\" data-image-meta=\"{&quot;aperture&quot;:&quot;1.79&quot;,&quot;credit&quot;:&quot;&quot;,&quot;camera&quot;:&quot;V2041&quot;,&quot;caption&quot;:&quot;??????????????????????????????????????????????????????????????????????????????????????????????????????????????????????????????????????????????????????????????????????????????????????????????????????????????????????????????????????????????????????????????????????????&quot;,&quot;created_timestamp&quot;:&quot;1758145482&quot;,&quot;copyright&quot;:&quot;&quot;,&quot;focal_length&quot;:&quot;4.74&quot;,&quot;iso&quot;:&quot;2138&quot;,&quot;shutter_speed&quot;:&quot;0.02&quot;,&quot;title&quot;:&quot;&quot;,&quot;orientation&quot;:&quot;1&quot;}\" data-image-title=\"IMG_20250917_214439\" data-image-description=\"\" data-image-caption=\"&lt;p&gt;??????????????????????????????????????????????????????????????????????????????????????????????????????????????????????????????????????????????????????????????????????????????????????????????????????????????????????????????????????????????????????????????????????????&lt;\/p&gt;&#10;\" data-medium-file=\"https:\/\/i0.wp.com\/sevillatoro.es\/wp-content\/uploads\/IMG_20250917_214439.jpg?fit=300%2C200&amp;ssl=1\" data-large-file=\"https:\/\/i0.wp.com\/sevillatoro.es\/wp-content\/uploads\/IMG_20250917_214439.jpg?fit=1024%2C683&amp;ssl=1\" class=\"wp-image-239840 size-large\" src=\"https:\/\/www.europesays.com\/es\/wp-content\/uploads\/2025\/09\/IMG_20250917_214439.jpg\" alt=\"\" width=\"1024\" height=\"683\"  \/><\/p>\n<p id=\"caption-attachment-239840\" class=\"wp-caption-text\">Foto: \u00c1lvaro Pastor Torres\u00a0<\/p>\n<p style=\"text-align: justify\"><strong>\u00c1lvaro Pastor Torres.<\/strong>\u2013 En el Centro Cultural Jos\u00e9 Luis Garc\u00eda Palacios de la Fundaci\u00f3n Caja Rural Rural del Sur, y con notable asistencia de p\u00fablico, tuvo lugar en la tarde del mi\u00e9rcoles 17 de septiembre la presentaci\u00f3n del documental \u00abJuan Garc\u00eda \u00abMonde\u00f1o\u00bb El torero m\u00edstico\u00bb, dirigido por M. Rogelio Gordo y Juan Belmonte, con Juan Antonio Navarro como director de fotograf\u00eda, producci\u00f3n de Varsau Broadcasting y con la participaci\u00f3n de Canal Sur. Un ameno y sentido recorrido por la vida del matador de toros de Puerto Real donde qued\u00f3 muy bien trazada tanto su trayectoria profesional, a trav\u00e9s de numerosas fotograf\u00edas y reportajes de sus actuaciones en diversas plazas, como su faceta m\u00e1s personal con testimonios muy cercanos como el de su pareja, la hija de su apoderado o una extensa intervenci\u00f3n del propio Monde\u00f1o, acompa\u00f1ado de Paco Camino y Diego Puerta, en unas jornadas taurinas celebradas en Algeciras.<\/p>\n<p>\u00a0<\/p>\n<p>\u00a0<\/p>\n<p>\u00a0<\/p>\n<p>\u00a0<\/p>\n<p>Me gusta esto:<\/p>\n<p>Me gusta Cargando&#8230;<\/p>\n<p><a class=\"sd-link-color\"\/><\/p>\n<p>\n\tRelacionado<\/p>\n","protected":false},"excerpt":{"rendered":"Foto: \u00c1lvaro Pastor Torres\u00a0 \u00c1lvaro Pastor Torres.\u2013 En el Centro Cultural Jos\u00e9 Luis Garc\u00eda Palacios de la Fundaci\u00f3n&hellip;\n","protected":false},"author":2,"featured_media":124087,"comment_status":"","ping_status":"","sticky":false,"template":"","format":"standard","meta":{"footnotes":""},"categories":[277],"tags":[373,168,25,24,23,167,374],"class_list":{"0":"post-124086","1":"post","2":"type-post","3":"status-publish","4":"format-standard","5":"has-post-thumbnail","7":"category-toreo","8":"tag-bullfighting","9":"tag-deportes","10":"tag-es","11":"tag-espana","12":"tag-spain","13":"tag-sports","14":"tag-toreo"},"share_on_mastodon":{"url":"","error":""},"_links":{"self":[{"href":"https:\/\/www.europesays.com\/es\/wp-json\/wp\/v2\/posts\/124086","targetHints":{"allow":["GET"]}}],"collection":[{"href":"https:\/\/www.europesays.com\/es\/wp-json\/wp\/v2\/posts"}],"about":[{"href":"https:\/\/www.europesays.com\/es\/wp-json\/wp\/v2\/types\/post"}],"author":[{"embeddable":true,"href":"https:\/\/www.europesays.com\/es\/wp-json\/wp\/v2\/users\/2"}],"replies":[{"embeddable":true,"href":"https:\/\/www.europesays.com\/es\/wp-json\/wp\/v2\/comments?post=124086"}],"version-history":[{"count":0,"href":"https:\/\/www.europesays.com\/es\/wp-json\/wp\/v2\/posts\/124086\/revisions"}],"wp:featuredmedia":[{"embeddable":true,"href":"https:\/\/www.europesays.com\/es\/wp-json\/wp\/v2\/media\/124087"}],"wp:attachment":[{"href":"https:\/\/www.europesays.com\/es\/wp-json\/wp\/v2\/media?parent=124086"}],"wp:term":[{"taxonomy":"category","embeddable":true,"href":"https:\/\/www.europesays.com\/es\/wp-json\/wp\/v2\/categories?post=124086"},{"taxonomy":"post_tag","embeddable":true,"href":"https:\/\/www.europesays.com\/es\/wp-json\/wp\/v2\/tags?post=124086"}],"curies":[{"name":"wp","href":"https:\/\/api.w.org\/{rel}","templated":true}]}}