{"id":124096,"date":"2025-09-19T00:24:11","date_gmt":"2025-09-19T00:24:11","guid":{"rendered":"https:\/\/www.europesays.com\/es\/124096\/"},"modified":"2025-09-19T00:24:11","modified_gmt":"2025-09-19T00:24:11","slug":"el-betis-actualiza-el-plan-de-movilidad-para-el-partido-ante-la-real-sociedad","status":"publish","type":"post","link":"https:\/\/www.europesays.com\/es\/124096\/","title":{"rendered":"El Betis actualiza el plan de movilidad para el partido ante la Real Sociedad"},"content":{"rendered":"<p><img decoding=\"async\" class=\"voc-author__img\" src=\"https:\/\/www.europesays.com\/es\/wp-content\/uploads\/2025\/09\/autor-3756-foto-1.png\" alt=\"Al Final de la Palmera\"\/><\/p>\n<p>18\/09\/2025<br \/>\n<br \/><strong><br \/>\nActualizado a las 21:30h.<br \/>\n<\/strong><\/p>\n<p class=\"voc-p\" style=\"\">El <strong>Betis<\/strong> ha realizado una actualizaci\u00f3n del plan movilidad de cara al encuentro ante la <strong>Real Sociedad en la Cartuja<\/strong>, que se disputa este viernes a las 21:00 horas. En coordinaci\u00f3n con el Ayuntamiento de Sevilla y el resto de organismos y entidades p\u00fablicas -TUSSAM, RENFE y Estadio La Cartuja- el club informa de las principales novedades, as\u00ed como los horarios de los trenes de cercan\u00edas tanto para la ida como para la vuelta.<\/p>\n<p class=\"voc-p\" style=\"\">En primer lugar, y como principal novedad,<strong> los aparcamientos<\/strong> P7 Norte, P7 Sur y aparcamientos de la Avenida Carlos III (PB01, PB02, PB03 y PB04, tambi\u00e9n denominados P8.1, P8.2, P8.3 y P8.4) <strong>ser\u00e1n de libre acceso para optimizar su espacio<\/strong>, teniendo en cuenta que muchas de las plazas reservadas quedaban sin ocuparse. Por tanto, no ser\u00e1 necesario reservar previamente como hab\u00eda ocurrido en los partidos ante el  Alav\u00e9s y el Athletic. <strong>El personal de organizaci\u00f3n y control de la Cartuja abrir\u00e1 las puertas a las 15:00 horas<\/strong> y se podr\u00e1 acceder libremente y de forma gratuita hasta completar su capacidad. En caso de que se ocupen en su totalidad, la Polic\u00eda regular\u00e1 el flujo de tr\u00e1fico y derivar\u00e1 a los aficionados a otras zonas. En este sentido, es importante tener en cuenta los accesos a estas plazas para facilitar la llegada y la salida y evitar aglomeraciones.<\/p>\n<p class=\"voc-p\" style=\"\">Tambi\u00e9n habr\u00e1 cambios en la ubicaci\u00f3n de las paradas de autobuses urbanos. <strong>TUSSAM ha informado de las localizaciones de las paradas de las l\u00edneas 2, C1, C2, y las lanzaderas de Sevilla Este, Puente de la Barqueta y Blas Infante<\/strong>, algunas de las cuales ha sufrido modificaciones con respecto a los dos primeros partidos. Las l\u00edneas C1 y C2 se sit\u00faan en la calle Juan Bautista Mu\u00f1oz, frente al Estadio, mientras que la lanzadera hacia Blas Infante se podr\u00e1 tomarse en Camino de los Descubrimientos &#8211; Laboratorios de Ingenier\u00eda. Los trayectos de ida de las l\u00edneas regulares (2, C1 y C2) se reforzar\u00e1n con 12 veh\u00edculos adicionales desde dos horas antes del partido, mientras que la lanzadera Blas Infante &#8211; Estadio empezar\u00e1 a funcionar desde dos horas y media antes.<\/p>\n<p class=\"voc-p\" style=\"\">Adem\u00e1s, <strong>el Ayuntamiento de Sevilla tambi\u00e9n informa de la ampliaci\u00f3n de las zonas de aparcamiento para motocicletas<\/strong> bajo el viaducto de la SE-30, desde el fin del aparcamiento de motos y patinetes actual hasta la entrada Puerta del Sur del Parque del Alamillo.<\/p>\n<p class=\"voc-p\" style=\"\">Del mismo modo, <strong>RENFE ha detallado los horarios del servicio de cercan\u00edas<\/strong> que se pondr\u00e1n en marcha para e encuentro ante la Real Sociedad entre Santa Justa y el estadio, con parada intermedia en San Jer\u00f3nimo. Los Horarios para los trayectos de ida (l\u00ednea C-2) ser\u00e1n 17:08 horas, 18:13, 19:10, 19:40 y 20:30 horas. Para los de vuelta (L\u00ednea C-2, servicio gratuito): 23:15 y 23:20 horas<\/p>\n<p class=\"voc-p\" style=\"\">Los horarios del trayecto de vuelta desde Santa Justa hasta Utrera y Lora del R\u00edo (L\u00ednea C-1): 23:48 horas. Santa Justa &#8211; Utrera (paradas: San Bernardo, Virgen del Roc\u00edo, Jardines de H\u00e9rcules, Bellavista, Dos Hermanas, Cantaelgallo y Utrera). 23:48 horas. Santa Justa &#8211; Lora del R\u00edo (paradas: La Rinconada, El C\u00e1\u00f1amo, Brenes, Cantillana, Los Rosales, Guadajoz y Lora del R\u00edo).<\/p>\n<p class=\"voc-p\" style=\"\">Por \u00faltimo, el<strong> Ayuntamiento ha explicado los cortes que se producir\u00e1n en el PCT Cartuja desde 3 horas antes del comienzo<\/strong> y que ser\u00edan los siguientes: <\/p>\n<p class=\"voc-p\" style=\"\">-Cierre de las entradas en Camino de los Descubrimientos, zona norte y zona sur. Los accesos peatonales de la citada calle permanecer\u00e1n abiertos.<\/p>\n<p class=\"voc-p\" style=\"\">&#8211; Apertura de accesos auxiliares de las puertas peatonales de la zona norte. <\/p>\n<p class=\"voc-p\" style=\"\">&#8211; Cierre del carril de acceso en la confluencia Marie Curie con Leonardo da Vinci direcci\u00f3n norte. La misma confluencia en direcci\u00f3n sur se mantiene en horario habitual. <\/p>\n<p class=\"voc-p\" style=\"\">&#8211; Control de acceso a las pastillas de aparcamiento de Carlos III a trav\u00e9s de Gregor J. Mendel mediante auxiliar y con barreras bajadas, s\u00f3lo con acceso de trabajadores del Parque. <\/p>\n<p class=\"voc-p\" style=\"\">&#8211; Los accesos por Puerta Norte y a Carlos III desde Hermanos d&#8217;Eluyar estar\u00e1n controlados por Polic\u00eda Local. <\/p>\n<p class=\"voc-p\" style=\"\">&#8211; Se proceder\u00e1 al cierre de los accesos a la calle Torricelli desde las bolsas de aparcamiento de Carlos III.<\/p>\n<p class=\"voc-p\" style=\"\">Y, a continuaci\u00f3n,<strong> los cortes de tr\u00e1fico que se producir\u00e1n 2 horas antes del inicio del partido en el PCT Cartuja<\/strong>. <\/p>\n<p class=\"voc-p\" style=\"\">&#8211; Cierre de las salidas en Camino de los Descubrimientos zona norte y la zona sur para facilitar el tr\u00e1nsito de las lanzaderas de TUSSAM. Los accesos peatonales de la citada calle permanecer\u00e1n abiertos.<\/p>\n<p>Reportar un error<\/p>\n","protected":false},"excerpt":{"rendered":"18\/09\/2025 Actualizado a las 21:30h. El Betis ha realizado una actualizaci\u00f3n del plan movilidad de cara al encuentro&hellip;\n","protected":false},"author":2,"featured_media":124097,"comment_status":"","ping_status":"","sticky":false,"template":"","format":"standard","meta":{"footnotes":""},"categories":[268],"tags":[7495,1575,291,168,25,24,280,282,8137,1045,2568,798,281,492,23,167],"class_list":{"0":"post-124096","1":"post","2":"type-post","3":"status-publish","4":"format-standard","5":"has-post-thumbnail","7":"category-futbol","8":"tag-actualiza","9":"tag-ante","10":"tag-betis","11":"tag-deportes","12":"tag-es","13":"tag-espana","14":"tag-football","15":"tag-futbol","16":"tag-movilidad","17":"tag-partido","18":"tag-plan","19":"tag-real","20":"tag-soccer","21":"tag-sociedad","22":"tag-spain","23":"tag-sports"},"share_on_mastodon":{"url":"","error":""},"_links":{"self":[{"href":"https:\/\/www.europesays.com\/es\/wp-json\/wp\/v2\/posts\/124096","targetHints":{"allow":["GET"]}}],"collection":[{"href":"https:\/\/www.europesays.com\/es\/wp-json\/wp\/v2\/posts"}],"about":[{"href":"https:\/\/www.europesays.com\/es\/wp-json\/wp\/v2\/types\/post"}],"author":[{"embeddable":true,"href":"https:\/\/www.europesays.com\/es\/wp-json\/wp\/v2\/users\/2"}],"replies":[{"embeddable":true,"href":"https:\/\/www.europesays.com\/es\/wp-json\/wp\/v2\/comments?post=124096"}],"version-history":[{"count":0,"href":"https:\/\/www.europesays.com\/es\/wp-json\/wp\/v2\/posts\/124096\/revisions"}],"wp:featuredmedia":[{"embeddable":true,"href":"https:\/\/www.europesays.com\/es\/wp-json\/wp\/v2\/media\/124097"}],"wp:attachment":[{"href":"https:\/\/www.europesays.com\/es\/wp-json\/wp\/v2\/media?parent=124096"}],"wp:term":[{"taxonomy":"category","embeddable":true,"href":"https:\/\/www.europesays.com\/es\/wp-json\/wp\/v2\/categories?post=124096"},{"taxonomy":"post_tag","embeddable":true,"href":"https:\/\/www.europesays.com\/es\/wp-json\/wp\/v2\/tags?post=124096"}],"curies":[{"name":"wp","href":"https:\/\/api.w.org\/{rel}","templated":true}]}}