{"id":124125,"date":"2025-09-19T00:47:09","date_gmt":"2025-09-19T00:47:09","guid":{"rendered":"https:\/\/www.europesays.com\/es\/124125\/"},"modified":"2025-09-19T00:47:09","modified_gmt":"2025-09-19T00:47:09","slug":"europa-ya-sabe-quien-es-joan-garcia","status":"publish","type":"post","link":"https:\/\/www.europesays.com\/es\/124125\/","title":{"rendered":"Europa ya sabe qui\u00e9n es Joan Garcia"},"content":{"rendered":"<p class=\"ft-text\"><a class=\"ft-link ft-link--decoration\" href=\"http:\/\/sport.es\/es\/noticias\/barca\/newcastle-fc-barcelona-directo-ultima-hora-champions-league-vivo-121720457\" rel=\"nofollow noopener\" target=\"_blank\">El Bar\u00e7a firm\u00f3 a Joan Garcia para noches como la de Sant James Park<\/a>, donde el meta <strong>debut\u00f3 en la Champions<\/strong> en un encuentro en el que volvi\u00f3 a demostrar que no hay ning\u00fan escenario ni competici\u00f3n que le venga grande. El de Sallent ha encajado en el equipo de <strong>Flick <\/strong>como si hubiera jugado toda la vida de blaugrana. Todo lo que hace lo hace bien.<\/p>\n<p class=\"ft-text\">El portero transmite una seguridad enorme a sus compa\u00f1eros en todas sus acciones, sin fisuras, sin mostrar ning\u00fan tipo de dudas. Lleg\u00f3 al Bar\u00e7a con la etiqueta de ser un portento bajo palos gracias a sus reflejos y envergadura, pero <a class=\"ft-link ft-link--decoration\" href=\"https:\/\/www.sport.es\/es\/noticias\/barca\/joan-garcia-presume-numero-1-120086438\" rel=\"nofollow noopener\" target=\"_blank\">Joan Garcia es complet\u00edsimo en todos los aspectos<\/a>, como se vio en un primer tiempo perfecto.<\/p>\n<p class=\"ft-text\">Nada m\u00e1s arrancar el duelo, desvi\u00f3 con una parada espectacular <strong>un remate de Barnes<\/strong>, que se hab\u00eda quedado solo en el uno contra uno. La jugada fue anulada por fuera de juego, pero el de Sallent ya se hab\u00eda presentado a lo grande en su primera intervenci\u00f3n en la Champions. No fue la \u00fanica porque volvi\u00f3 a ser providencial de nuevo ante <strong>Barnes<\/strong>, que esta vez estaba en posici\u00f3n legal y vio c\u00f3mo el meta blaugrana volv\u00eda a desviar a c\u00f3rner su definici\u00f3n.<\/p>\n<p class=\"ft-text\">El Newcastle apretaba y <a class=\"ft-link ft-link--decoration\" href=\"https:\/\/www.sport.es\/es\/noticias\/barca\/cuenta-pendiente-joan-garcia-121693564\" rel=\"nofollow noopener\" target=\"_blank\">Joan Garcia tuvo m\u00e1s trabajo del que suele ser habitual desde que lleg\u00f3 al conjunto de Hansi Flick<\/a>. La presi\u00f3n de los ingleses le oblig\u00f3 a jugar mucho con los pies, dando continuidad al juego del equipo. Se mostr\u00f3 tambi\u00e9n en esta faceta muy seguro, exhibiendo una enorme seguridad.<\/p>\n<p class=\"ft-text\">Tampoco dio opciones a las segundas jugadas porque bloc\u00f3 todos y cada uno de los balones que llegaban al \u00e1rea, ya fueran centros laterales o balones colgados. <a class=\"ft-link ft-link--decoration\" href=\"https:\/\/www.sport.es\/es\/noticias\/barca\/newcastle-fc-barcelona-directo-ultima-hora-champions-league-vivo-121720457\" rel=\"nofollow noopener\" target=\"_blank\">El portero no pudo mantener la porter\u00eda a cero por tercer partido consecutivo<\/a> porque Gordon, en una contra, sorprendi\u00f3 a la defensa blaugrana con una definici\u00f3n ante la que Joan Garcia no pudo hacer nada.<\/p>\n<p class=\"ft-text\">Pese a ello, el tanto no sirvi\u00f3 para cambiar el signo del partido y el Bar\u00e7a logr\u00f3 debutar en la presente edici\u00f3n de la Champions con una victoria trabajada ante un buen rival y un gran ambiente, demostrando que este equipo va en serio tambi\u00e9n en Europa.<\/p>\n","protected":false},"excerpt":{"rendered":"El Bar\u00e7a firm\u00f3 a Joan Garcia para noches como la de Sant James Park, donde el meta debut\u00f3&hellip;\n","protected":false},"author":2,"featured_media":124126,"comment_status":"","ping_status":"","sticky":false,"template":"","format":"standard","meta":{"footnotes":""},"categories":[268],"tags":[11681,168,25,24,881,280,282,883,1235,281,23,167],"class_list":{"0":"post-124125","1":"post","2":"type-post","3":"status-publish","4":"format-standard","5":"has-post-thumbnail","7":"category-futbol","8":"tag-champions","9":"tag-deportes","10":"tag-es","11":"tag-espana","12":"tag-fc-barcelona","13":"tag-football","14":"tag-futbol","15":"tag-joan-garcia","16":"tag-newcastle","17":"tag-soccer","18":"tag-spain","19":"tag-sports"},"share_on_mastodon":{"url":"","error":""},"_links":{"self":[{"href":"https:\/\/www.europesays.com\/es\/wp-json\/wp\/v2\/posts\/124125","targetHints":{"allow":["GET"]}}],"collection":[{"href":"https:\/\/www.europesays.com\/es\/wp-json\/wp\/v2\/posts"}],"about":[{"href":"https:\/\/www.europesays.com\/es\/wp-json\/wp\/v2\/types\/post"}],"author":[{"embeddable":true,"href":"https:\/\/www.europesays.com\/es\/wp-json\/wp\/v2\/users\/2"}],"replies":[{"embeddable":true,"href":"https:\/\/www.europesays.com\/es\/wp-json\/wp\/v2\/comments?post=124125"}],"version-history":[{"count":0,"href":"https:\/\/www.europesays.com\/es\/wp-json\/wp\/v2\/posts\/124125\/revisions"}],"wp:featuredmedia":[{"embeddable":true,"href":"https:\/\/www.europesays.com\/es\/wp-json\/wp\/v2\/media\/124126"}],"wp:attachment":[{"href":"https:\/\/www.europesays.com\/es\/wp-json\/wp\/v2\/media?parent=124125"}],"wp:term":[{"taxonomy":"category","embeddable":true,"href":"https:\/\/www.europesays.com\/es\/wp-json\/wp\/v2\/categories?post=124125"},{"taxonomy":"post_tag","embeddable":true,"href":"https:\/\/www.europesays.com\/es\/wp-json\/wp\/v2\/tags?post=124125"}],"curies":[{"name":"wp","href":"https:\/\/api.w.org\/{rel}","templated":true}]}}