{"id":12421,"date":"2025-07-29T20:18:10","date_gmt":"2025-07-29T20:18:10","guid":{"rendered":"https:\/\/www.europesays.com\/es\/12421\/"},"modified":"2025-07-29T20:18:10","modified_gmt":"2025-07-29T20:18:10","slug":"el-museo-elisa-cendrero-inaugura-la-muestra-mares-sonados-de-eduardo-corrochano","status":"publish","type":"post","link":"https:\/\/www.europesays.com\/es\/12421\/","title":{"rendered":"El Museo Elisa Cendrero inaugura la muestra Mares so\u00f1ados, de Eduardo Corrochano"},"content":{"rendered":"<p>Mares So\u00f1ados es el t\u00edtulo de la exposici\u00f3n que desde hoy acoge el Museo Elisa Cendrero. Se trata de una muestra de m\u00e1s de 40 obras de Eduardo Corrochano, principalmente en acr\u00edlico y \u00f3leo sobre acr\u00edlico, que ofrecen un tipo \u00abde pintura especial que sale de lo habitual porque de alguna manera busca que la imaginaci\u00f3n del espectador la complete\u00bb. El autor persigue una interacci\u00f3n con los visitantes a trav\u00e9s de tres colores principales (azul, esmeralda y ocre) con los que confiere protagonismo al agua en m\u00faltiples representaciones.<\/p>\n<p>El concejal de Cultura, Pedro Lozano, ha acompa\u00f1ado al autor de la exposici\u00f3n durante la inauguraci\u00f3n celebrada este mediod\u00eda, a la que ha acudido un numeroso grupo de personas. Lozano ha querido ensalzar el valor de la propuesta que hace Eduardo Corrochano en esta primera gran exposici\u00f3n que realiza en solitario en la capital. La muestra, se\u00f1ala el edil, plantea un escenario de \u00abpaisajes con el agua como gran referencia, entendidos desde la proximidad\u00bb. La indefinici\u00f3n del espacio concreto de cada obra es lo que lleva al espectador a interactuar con la creaci\u00f3n, \u00abconect\u00e1ndonos con nuestra memoria\u00bb.<\/p>\n<p>Lozano ha invitado a los ciudadreale\u00f1os a que visiten la muestra \u00abde un artista de nuestra ciudad que est\u00e1 en su momento de apogeo\u00bb, que acaba de exponer recientemente en otras ciudades como Madrid. La exposici\u00f3n Mares so\u00f1ados permanecer\u00e1 abierta en el Museo Elisa Cendrero hasta el d\u00eda 31 de agosto.<\/p>\n<p><img decoding=\"async\" loading=\"lazy\" src=\"https:\/\/www.europesays.com\/es\/wp-content\/uploads\/2025\/07\/81E53EC1-F5A4-411F-9B901C2CFB80DC3E.JPG\" alt=\"El Museo Elisa Cendrero inaugura la muestra Mares so\u00f1ados\" border=\"0\"\/>El Museo Elisa Cendrero inaugura la muestra Mares so\u00f1ados &#8211; Foto: LT<\/p>\n<p>\u00a0<\/p>\n","protected":false},"excerpt":{"rendered":"Mares So\u00f1ados es el t\u00edtulo de la exposici\u00f3n que desde hoy acoge el Museo Elisa Cendrero. Se trata&hellip;\n","protected":false},"author":2,"featured_media":12422,"comment_status":"","ping_status":"","sticky":false,"template":"","format":"standard","meta":{"footnotes":""},"categories":[173],"tags":[229,233,231,230,232,234,146,147,25,24,241,205,8664,23],"class_list":{"0":"post-12421","1":"post","2":"type-post","3":"status-publish","4":"format-standard","5":"has-post-thumbnail","7":"category-arte-y-diseno","8":"tag-arte","9":"tag-arte-y-diseno","10":"tag-arts","11":"tag-arts-and-design","12":"tag-design","13":"tag-diseno","14":"tag-entertainment","15":"tag-entretenimiento","16":"tag-es","17":"tag-espana","18":"tag-exposiciones","19":"tag-madrid","20":"tag-museo-elisa-cendrero","21":"tag-spain"},"share_on_mastodon":{"url":"","error":""},"_links":{"self":[{"href":"https:\/\/www.europesays.com\/es\/wp-json\/wp\/v2\/posts\/12421","targetHints":{"allow":["GET"]}}],"collection":[{"href":"https:\/\/www.europesays.com\/es\/wp-json\/wp\/v2\/posts"}],"about":[{"href":"https:\/\/www.europesays.com\/es\/wp-json\/wp\/v2\/types\/post"}],"author":[{"embeddable":true,"href":"https:\/\/www.europesays.com\/es\/wp-json\/wp\/v2\/users\/2"}],"replies":[{"embeddable":true,"href":"https:\/\/www.europesays.com\/es\/wp-json\/wp\/v2\/comments?post=12421"}],"version-history":[{"count":0,"href":"https:\/\/www.europesays.com\/es\/wp-json\/wp\/v2\/posts\/12421\/revisions"}],"wp:featuredmedia":[{"embeddable":true,"href":"https:\/\/www.europesays.com\/es\/wp-json\/wp\/v2\/media\/12422"}],"wp:attachment":[{"href":"https:\/\/www.europesays.com\/es\/wp-json\/wp\/v2\/media?parent=12421"}],"wp:term":[{"taxonomy":"category","embeddable":true,"href":"https:\/\/www.europesays.com\/es\/wp-json\/wp\/v2\/categories?post=12421"},{"taxonomy":"post_tag","embeddable":true,"href":"https:\/\/www.europesays.com\/es\/wp-json\/wp\/v2\/tags?post=12421"}],"curies":[{"name":"wp","href":"https:\/\/api.w.org\/{rel}","templated":true}]}}