{"id":124211,"date":"2025-09-19T02:00:08","date_gmt":"2025-09-19T02:00:08","guid":{"rendered":"https:\/\/www.europesays.com\/es\/124211\/"},"modified":"2025-09-19T02:00:08","modified_gmt":"2025-09-19T02:00:08","slug":"la-romantica-declaracion-de-amor-de-ivan-gonzalez-a-su-novia-teresa-en-supervivientes-all-stars","status":"publish","type":"post","link":"https:\/\/www.europesays.com\/es\/124211\/","title":{"rendered":"La rom\u00e1ntica declaraci\u00f3n de amor de Iv\u00e1n Gonz\u00e1lez a su novia Teresa en &#8216;Supervivientes All Stars&#8217;"},"content":{"rendered":"<p data-journey-content=\"true\" data-node-id=\"3\" class=\"css-6wxqfj emevuu60\">Apenas se han cumplido 15 d\u00edas desde que la aventura de &#8216;<a href=\"https:\/\/diezminutos.es\/supervivientes-television\" target=\"_blank\" data-node-id=\"3.1\" class=\"css-177bzfx emevuu60\" rel=\"nofollow noopener\">Supervivientes All Stars<\/a>&#8216; comenzara para todos los concursantes en Honduras, pero <strong data-node-id=\"3.3\">la distancia y el aislamiento est\u00e1 afectando mucho a todos ellos, que echan ya de menos a su familia.<\/strong> Y esto se ha visto esta noche con una de las sorpresas que el equipo ha dejado para los tres nominados de esta semana. Despu\u00e9s de la <a href=\"https:\/\/www.diezminutos.es\/teleprograma\/programas-tv\/a66056538\/tony-spina-lagrimas-supervivientes-all-stars-2025-marta-penate\/\" target=\"_blank\" data-vars-ga-outbound-link=\"https:\/\/www.diezminutos.es\/teleprograma\/programas-tv\/a66056538\/tony-spina-lagrimas-supervivientes-all-stars-2025-marta-penate\/\" data-vars-ga-ux-element=\"Hyperlink\" data-vars-ga-call-to-action=\"salvaci\u00f3n de Tony Spina\" data-node-id=\"3.5\" class=\"body-link css-177bzfx emevuu60\" rel=\"nofollow noopener\">salvaci\u00f3n de Tony Spina<\/a>, <a href=\"https:\/\/diezminutos.es\/adara-molinero\" target=\"_blank\" data-node-id=\"3.7\" class=\"css-177bzfx emevuu60\" rel=\"nofollow noopener\">Adara Molinero<\/a>, Elena Rodr\u00edguez e Iv\u00e1n Gonz\u00e1lez se enfrentaban a una nueva ceremonia de salvaci\u00f3n. Y antes de saber que precisamente ser\u00eda Iv\u00e1n el salvado, la organizaci\u00f3n ha permitido que los nominados conectaran con sus defensores en el plat\u00f3. El primero en hacerlo ha sido Iv\u00e1n, quien ha tenido una conexi\u00f3n en directo con su novia, <strong data-node-id=\"3.9\">Teresa, que le ha hecho emocionarse desde el primer minuto. <\/strong><\/p>\n<p><img draggable=\"true\" alt=\"ivan gonzalez supervivientes all stars\" title=\"ivan gonzalez supervivientes all stars\" loading=\"lazy\" width=\"2828\" height=\"1557\" decoding=\"async\" data-nimg=\"1\" style=\"color:transparent;width:100%;height:auto;\"   src=\"https:\/\/www.europesays.com\/es\/wp-content\/uploads\/2025\/09\/ivan-novia-teresa-68cc6f4fe0bcb.jpg\" class=\"css-0 e1g79fud0\"\/><\/p>\n<p>Telecinco<\/p>\n<p data-journey-content=\"true\" data-node-id=\"7\" class=\"css-6wxqfj emevuu60\">Los defensores ten\u00edan tiempo limitado. Solo podr\u00edan hacer un alegato breve y, como era de esperar, Teresa aprovechaba para mandar un mensaje a su chico. <strong data-node-id=\"7.1\">\u00abMe encanta ver c\u00f3mo te abres en canal, expresas tus sentimientos, y te quiero much\u00edsimo. <\/strong>Estamos super contentos con c\u00f3mo lo est\u00e1s haciendo\u00bb, dec\u00eda la joven temblando desde plat\u00f3 y sin evitar llorar.<br data-node-id=\"7.3\"\/><\/p>\n<p data-journey-content=\"true\" data-node-id=\"9\" class=\"css-6wxqfj emevuu60\">Iv\u00e1n, al escucharla, se romp\u00eda en llanto. <strong data-node-id=\"9.1\">\u00abS\u00f3lo con escuchar su voz yo ya soy el hombre m\u00e1s feliz del mundo\u00bb, confesaba<\/strong> el concursante emocionado totalmente. Una declaraci\u00f3n de amor que la completaba tranquilizando a su chica al saber que ella tambi\u00e9n estaba llorando: \u00ab<strong data-node-id=\"9.3\">que no llore porque yo estoy aqu\u00ed super bien<\/strong>, me esta sirviendo para recapacitar, aprender, superarme. <a href=\"https:\/\/www.diezminutos.es\/teleprograma\/programas-tv\/a66057075\/ivan-gonzalez-gloria-camila-historia-supervivientes-all-stars-2025\/\" target=\"_blank\" data-vars-ga-outbound-link=\"https:\/\/www.diezminutos.es\/teleprograma\/programas-tv\/a66057075\/ivan-gonzalez-gloria-camila-historia-supervivientes-all-stars-2025\/\" data-vars-ga-ux-element=\"Hyperlink\" data-vars-ga-call-to-action=\"A veces la convivencia es complicada\" data-node-id=\"9.5\" class=\"body-link css-177bzfx emevuu60\" rel=\"nofollow noopener\">A veces la convivencia es complicada<\/a> pero estoy super bien, que sea fuerte y que todo va a salir genial\u00bb.<\/p>\n<p>Jessica Bueno, emocionada con la conexi\u00f3n<\/p>\n<p data-journey-content=\"true\" data-node-id=\"14\" class=\"css-6wxqfj emevuu60\">La conexi\u00f3n con Teresa hac\u00eda que todos los concursantes se emocionaran al escucharla con la voz de sus respectivas parejas. <strong data-node-id=\"14.1\">\u00abLe ha dedicado unas palabras muy bonitas a su novio\u00bb, <\/strong>bromeaba Jessica Bueno al ver la imagen de sus compa\u00f1eros rotos. La ex de Kiko Rivera confesaba que en su caso sus lagrimas tambi\u00e9n hab\u00edan sido por la cercan\u00eda a su compa\u00f1ero: \u00abEst\u00e1 todo el d\u00eda hablando de Teresa, y es como si la conociera. Sab\u00eda la ilusi\u00f3n que le iba a hacer\u00bb.<\/p>\n<p><img src=\"https:\/\/www.europesays.com\/es\/wp-content\/uploads\/2025\/09\/1758247208_138_323095e3-d675-4360-ad79-c3a735f161a1_1681830139.file\" alt=\"Headshot of Aroa D\u00edaz\" title=\"Headshot of Aroa D\u00edaz\" width=\"100%\" height=\"100%\" decoding=\"async\" loading=\"lazy\" class=\"css-o0wq4v ev8dhu53\"\/><\/p>\n<p>Aroa D\u00edaz es experta en realities, televisi\u00f3n y actualidad en general. No hay momento del d\u00eda en el que no tenga encendida la televisi\u00f3n conociendo los \u00faltimos desvelos de los famosos, disfrutando de los realities como Supervivientes o de los concursos m\u00e1s rocambolescos. Las \u00faltimas novedades de los famosos del coraz\u00f3n son su perdici\u00f3n y la actualidad de las Casas Reales, su gran pasi\u00f3n. \u00a0\u00a0<\/p>\n<p>En sus ratos libres disfruta de las pel\u00edculas y series de moda, y bucea por los cat\u00e1logos de las plataformas de podcast buscando nuevas entrevistas y charlas de famosos.<\/p>\n<p>Adem\u00e1s, no ha parado de formarse en todos los aspectos convirti\u00e9ndose en una periodista 360: locuci\u00f3n, doblaje, grabaci\u00f3n de v\u00eddeo, periodismo m\u00f3vil, producci\u00f3n de podcast y SEO. Actualmente est\u00e1 form\u00e1ndose en el M\u00e1ster universitario de Periodismo y Comunicaci\u00f3n Digital: Datos y Nuevas Narrativas de la UOC.<\/p>\n<p>Graduada en periodismo por la Universidad Rey Juan Carlos, no ha parado de trabajar desde que obtuvo su t\u00edtulo all\u00e1 por el 2013. Despu\u00e9s de un breve impass en Palma de Mallorca, volvi\u00f3 a Legan\u00e9s donde arranc\u00f3 su experiencia con Legan\u00e9s Activo. En este tiempo he pasado por las redacciones de varios medios recayendo finalmente en Hearst Espa\u00f1a (Telenovela, Qu\u00e9 me dices y Diez Minutos). Tambi\u00e9n tiene experiencia en diferentes radios. \u00a0<\/p>\n","protected":false},"excerpt":{"rendered":"Apenas se han cumplido 15 d\u00edas desde que la aventura de &#8216;Supervivientes All Stars&#8216; comenzara para todos los&hellip;\n","protected":false},"author":2,"featured_media":124212,"comment_status":"","ping_status":"","sticky":false,"template":"","format":"standard","meta":{"footnotes":""},"categories":[171],"tags":[253,146,147,25,24,23,214],"class_list":{"0":"post-124211","1":"post","2":"type-post","3":"status-publish","4":"format-standard","5":"has-post-thumbnail","7":"category-tv","8":"tag-discover","9":"tag-entertainment","10":"tag-entretenimiento","11":"tag-es","12":"tag-espana","13":"tag-spain","14":"tag-tv"},"share_on_mastodon":{"url":"","error":""},"_links":{"self":[{"href":"https:\/\/www.europesays.com\/es\/wp-json\/wp\/v2\/posts\/124211","targetHints":{"allow":["GET"]}}],"collection":[{"href":"https:\/\/www.europesays.com\/es\/wp-json\/wp\/v2\/posts"}],"about":[{"href":"https:\/\/www.europesays.com\/es\/wp-json\/wp\/v2\/types\/post"}],"author":[{"embeddable":true,"href":"https:\/\/www.europesays.com\/es\/wp-json\/wp\/v2\/users\/2"}],"replies":[{"embeddable":true,"href":"https:\/\/www.europesays.com\/es\/wp-json\/wp\/v2\/comments?post=124211"}],"version-history":[{"count":0,"href":"https:\/\/www.europesays.com\/es\/wp-json\/wp\/v2\/posts\/124211\/revisions"}],"wp:featuredmedia":[{"embeddable":true,"href":"https:\/\/www.europesays.com\/es\/wp-json\/wp\/v2\/media\/124212"}],"wp:attachment":[{"href":"https:\/\/www.europesays.com\/es\/wp-json\/wp\/v2\/media?parent=124211"}],"wp:term":[{"taxonomy":"category","embeddable":true,"href":"https:\/\/www.europesays.com\/es\/wp-json\/wp\/v2\/categories?post=124211"},{"taxonomy":"post_tag","embeddable":true,"href":"https:\/\/www.europesays.com\/es\/wp-json\/wp\/v2\/tags?post=124211"}],"curies":[{"name":"wp","href":"https:\/\/api.w.org\/{rel}","templated":true}]}}