{"id":124213,"date":"2025-09-19T02:02:09","date_gmt":"2025-09-19T02:02:09","guid":{"rendered":"https:\/\/www.europesays.com\/es\/124213\/"},"modified":"2025-09-19T02:02:09","modified_gmt":"2025-09-19T02:02:09","slug":"orden-cronologico-de-alien-como-ver-todas-las-peliculas-y-series-de-la-saga-correctamente","status":"publish","type":"post","link":"https:\/\/www.europesays.com\/es\/124213\/","title":{"rendered":"Orden cronol\u00f3gico de \u2018Alien\u2019: c\u00f3mo ver todas las pel\u00edculas y series de la saga correctamente"},"content":{"rendered":"<p class=\"\">La que para muchos fue, es y ser\u00e1 siempre una de las mejores pel\u00edculas de <b>ciencia ficci\u00f3n y terror<\/b> de todos los tiempos puso los cimientos en 1979 y el paso de los a\u00f1os dio lugar a una de las franquicias de cine m\u00e1s populares que existen. Primero fue \u2018<a href=\"https:\/\/as.com\/meristation\/cine\/alien-el-octavo-pasajero-tenia-un-nombre-ridiculo-antes-de-convertirse-en-una-obra-maestra-del-terror-espacial-n-3\/\" target=\"_blank\" rel=\"noreferrer nofollow noopener\" title=\"https:\/\/as.com\/meristation\/cine\/alien-el-octavo-pasajero-tenia-un-nombre-ridiculo-antes-de-convertirse-en-una-obra-maestra-del-terror-espacial-n-3\/\">Alien: El octavo pasajero<\/a>\u2019 de <a href=\"https:\/\/as.com\/meristation\/2021\/10\/29\/reportajes\/1635501311_306740.html\" target=\"_blank\" rel=\"noreferrer nofollow noopener\" title=\"https:\/\/as.com\/meristation\/2021\/10\/29\/reportajes\/1635501311_306740.html\">Ridley Scott<\/a> y luego comenzaron a llegar diversas secuelas, precuelas, pel\u00edculas derivadas y, por \u00faltimo, una serie en Disney+. A d\u00eda de hoy, <b>la saga est\u00e1 formada por nueve pel\u00edculas y una serie, \u2018Alien: Planeta Tierra\u2019<\/b>, una cantidad de obras ante las que mucha gente se hace la pregunta del mill\u00f3n: \u00bfcu\u00e1l es el orden cronol\u00f3gico de \u2018Alien\u2019 y c\u00f3mo se deben ver todas sus entregas?<\/p>\n<p><img decoding=\"async\" src=\"https:\/\/www.europesays.com\/es\/wp-content\/uploads\/2025\/09\/4OHRNMZKHNCLXN7O3FMNW7USFI.jpg\" alt=\"alien: romulus fede \u00e1lvarez mejores peliculas de ciencia ficcion terror aliens alien 2 james cameron xenomorfo ridley scott\" class=\"mm__img\"   width=\"1200\" height=\"676\" loading=\"lazy\"\/><\/p>\n<p>Ampliar<\/p>\n<p><b>Ver \u2018Alien\u2019 por orden cronol\u00f3gico<\/b><\/p>\n<p class=\"\">Al igual que sucede en otras grandes franquicias como \u2018Star Wars\u2019, la opci\u00f3n de verlas siguiendo la cronolog\u00eda de la historia <b>permite disfrutar de muchos m\u00e1s detalles y matices, adem\u00e1s de entender mejor la historia<\/b>, ya que obras como \u2018Alien: Romulus\u2019 y la serie \u2018Alien: Planeta Tierra\u2019 se han estrenado varios a\u00f1os despu\u00e9s que las pel\u00edculas, pero su historia se integra antes de los hechos acontecidos en buena parte de ellas. <b>Si ya conoces la saga, esta opci\u00f3n es perfecta para comprender mejor el universo \u2018Alien\u2019<\/b>.<\/p>\n<ol>\n<li>\u2018Alien vs. Predator\u2019 &#8211; Se ambienta en el a\u00f1o 2004<\/li>\n<li>\u2018Aliens vs. Predator 2\u2032 &#8211; Se ambienta en el a\u00f1o 2004 <\/li>\n<li>\u2018Prometheus\u2019 &#8211; Se ambienta en el a\u00f1o 2093<\/li>\n<li>\u2018Alien: Covenant\u2019 &#8211; Se ambienta en el a\u00f1o 2104<\/li>\n<li>\u2018Alien: Planeta Tierra\u2019 &#8211; Se ambienta en el a\u00f1o 2120<\/li>\n<li>\u2018Alien: El octavo pasajero\u2019 &#8211; Se ambienta en el a\u00f1o 2112<\/li>\n<li>\u2018Alien: Romulus\u2019 &#8211; Se ambienta en el a\u00f1o 2142<\/li>\n<li>\u2018Aliens: El regreso\u2019 &#8211; Se ambienta en el a\u00f1o 2179<\/li>\n<li>\u2018Alien 3\u2032 &#8211; Se ambienta en el a\u00f1o 2179<\/li>\n<li>\u2018Alien: Resurrection\u2019 &#8211; Se ambienta en el a\u00f1o 2379<\/li>\n<\/ol>\n<p class=\"\">Al ver las pel\u00edculas y la serie en este orden es posible conocer mejor algunos elementos clave como <a href=\"https:\/\/as.com\/meristation\/cine\/el-origen-de-los-xenomorfos-de-donde-vienen-las-terrorificas-criaturas-de-la-saga-alien-n\/\" target=\"_blank\" rel=\"noreferrer nofollow noopener\" title=\"https:\/\/as.com\/meristation\/cine\/el-origen-de-los-xenomorfos-de-donde-vienen-las-terrorificas-criaturas-de-la-saga-alien-n\/\">el aut\u00e9ntico origen de los Xenomorfos<\/a>, <a href=\"https:\/\/as.com\/meristation\/cine\/alien-romulus-la-razon-por-la-que-este-sintetico-es-diferente-a-otros-androides-de-la-saga-n\/\" target=\"_blank\" rel=\"noreferrer nofollow noopener\" title=\"https:\/\/as.com\/meristation\/cine\/alien-romulus-la-razon-por-la-que-este-sintetico-es-diferente-a-otros-androides-de-la-saga-n\/\">los sint\u00e9ticos<\/a>, <a href=\"https:\/\/as.com\/meristation\/series\/alien-planeta-tierra-introduce-a-los-hibridos-como-lo-ha-interpretado-su-protagonista-n\/\" target=\"_blank\" rel=\"noreferrer nofollow noopener\" title=\"https:\/\/as.com\/meristation\/series\/alien-planeta-tierra-introduce-a-los-hibridos-como-lo-ha-interpretado-su-protagonista-n\/\">los h\u00edbridos<\/a> y las corporaciones que pelean por hacerse con el control del futuro.<\/p>\n<p><b>Ver \u2018Alien\u2019 por fecha de estreno<\/b><\/p>\n<p class=\"\">Este es el orden en el que se estrenaron todas las pel\u00edculas de la saga, por lo que <b>los primerizos deber\u00edan apostar por esta opci\u00f3n<\/b>. A pesar de que el trasfondo de la historia y la trama de algunas entregas son relativamente complejas, lo cierto es que todas las pel\u00edculas \u2014y la serie\u2014 se pueden disfrutar de manera independiente sin mayor problema.<\/p>\n<ol>\n<li>\u2018Alien, el octavo pasajero\u2019 &#8211; Estreno: 1979<\/li>\n<li>\u2018Aliens: El regreso\u2019 &#8211; Estreno: 1986<\/li>\n<li>\u2018Alien 3\u2032 &#8211; Estreno: 1992<\/li>\n<li>\u2018Alien: Resurrecci\u00f3n\u2019 &#8211; Estreno: 1997<\/li>\n<li>\u2018Alien vs. Predator\u2019 &#8211; Estreno: 2004<\/li>\n<li>\u2018Aliens vs. Predator 2\u2032 &#8211; Estreno: 2007<\/li>\n<li>\u2018Prometheus\u2019 &#8211; Estreno: 2012<\/li>\n<li>\u2018Alien: Covenant\u2019 &#8211; Estreno: 2017<\/li>\n<li>\u2018Alien: Romulus\u2019 &#8211; Estreno: 2024<\/li>\n<li>\u2018Alien: Planeta Tierra\u2019 (serie estrenada en 2025)<\/li>\n<\/ol>\n<p><b>D\u00f3nde ver las pel\u00edculas de \u2018Alien\u2019 (y la serie)<\/b><\/p>\n<p class=\"\">En estos momentos, estas son las plataformas en las que se encuentra disponible cada una de ellas. Siempre que haya cambios, este art\u00edculo ser\u00e1 actualizado debidamente. Por motivos obvios, <b>Disney+ es la plataforma en la que siempre est\u00e1n todas<\/b>.<\/p>\n<ul>\n<li>\u2018Alien: El octavo pasajero\u2019 &#8211; Disney+ y Movistar Plus+<\/li>\n<li>\u2018Aliens: El regreso\u2019 &#8211; Disney+ y Movistar Plus+<\/li>\n<li>\u2018Alien 3\u2032 &#8211; Disney+ y Movistar Plus+<\/li>\n<li>\u2018Alien: Resurrection\u2019 &#8211; Disney+ y Movistar Plus+<\/li>\n<li>\u2018Alien vs. Predator\u2019 &#8211; Disney+<\/li>\n<li>\u2018Aliens vs. Predator 2\u2032 &#8211; Disney+<\/li>\n<li>\u2018Prometheus\u2019 &#8211; Disney+ y Movistar Plus+<\/li>\n<li>\u2018Alien: Covenant\u2019 &#8211; Disney+ y Movistar Plus+<\/li>\n<li>\u2018Alien: Romulus\u2019 &#8211; Disney+<\/li>\n<li>\u2018Alien: Planeta Tierra\u2019 &#8211; Disney+<\/li>\n<\/ul>\n<p>Noticias relacionadas<\/p>\n<p class=\"\">Suscr\u00edbete al <a href=\"https:\/\/www.youtube.com\/@meristation\" target=\"_self\" rel=\"nofollow noopener\" title=\"https:\/\/www.youtube.com\/@meristation\">canal de MeriStation en YouTube<\/a>, tu web de videojuegos y entretenimiento para conocer todas las noticias y novedades sobre el mundo del videojuego, cine, series, manga y anime. An\u00e1lisis, entrevistas, tr\u00e1ileres, gameplays, p\u00f3dcast y mucho m\u00e1s. Tambi\u00e9n te animamos a seguir <a href=\"https:\/\/www.tiktok.com\/@meristation\" rel=\"nofollow noopener\" title=\"https:\/\/www.tiktok.com\/@meristation\" target=\"_blank\">nuestra cuenta de TikTok<\/a>. <\/p>\n<p class=\"\">\u00a1S\u00edguenos en ambas y, si est\u00e1s interesado en licenciar este contenido, pincha <a href=\"https:\/\/profesional.elpais.com\/soluciones-sindicacion?utm_medium=interno&amp;utm_source=crosslinking&amp;utm_campaign=sindicacion_as_pie_articulos\" target=\"_blank\" rel=\"nofollow noopener\" title=\"https:\/\/profesional.elpais.com\/soluciones-sindicacion?utm_medium=interno&amp;utm_source=crosslinking&amp;utm_campaign=sindicacion_as_pie_articulos\">aqu\u00ed<\/a>!<\/p>\n<p><script async src=\"\/\/www.tiktok.com\/embed.js\"><\/script><\/p>\n","protected":false},"excerpt":{"rendered":"La que para muchos fue, es y ser\u00e1 siempre una de las mejores pel\u00edculas de ciencia ficci\u00f3n y&hellip;\n","protected":false},"author":2,"featured_media":124214,"comment_status":"","ping_status":"","sticky":false,"template":"","format":"standard","meta":{"footnotes":""},"categories":[169],"tags":[177,146,147,25,24,176,175,23],"class_list":{"0":"post-124213","1":"post","2":"type-post","3":"status-publish","4":"format-standard","5":"has-post-thumbnail","7":"category-cine","8":"tag-cine","9":"tag-entertainment","10":"tag-entretenimiento","11":"tag-es","12":"tag-espana","13":"tag-film","14":"tag-movies","15":"tag-spain"},"share_on_mastodon":{"url":"","error":""},"_links":{"self":[{"href":"https:\/\/www.europesays.com\/es\/wp-json\/wp\/v2\/posts\/124213","targetHints":{"allow":["GET"]}}],"collection":[{"href":"https:\/\/www.europesays.com\/es\/wp-json\/wp\/v2\/posts"}],"about":[{"href":"https:\/\/www.europesays.com\/es\/wp-json\/wp\/v2\/types\/post"}],"author":[{"embeddable":true,"href":"https:\/\/www.europesays.com\/es\/wp-json\/wp\/v2\/users\/2"}],"replies":[{"embeddable":true,"href":"https:\/\/www.europesays.com\/es\/wp-json\/wp\/v2\/comments?post=124213"}],"version-history":[{"count":0,"href":"https:\/\/www.europesays.com\/es\/wp-json\/wp\/v2\/posts\/124213\/revisions"}],"wp:featuredmedia":[{"embeddable":true,"href":"https:\/\/www.europesays.com\/es\/wp-json\/wp\/v2\/media\/124214"}],"wp:attachment":[{"href":"https:\/\/www.europesays.com\/es\/wp-json\/wp\/v2\/media?parent=124213"}],"wp:term":[{"taxonomy":"category","embeddable":true,"href":"https:\/\/www.europesays.com\/es\/wp-json\/wp\/v2\/categories?post=124213"},{"taxonomy":"post_tag","embeddable":true,"href":"https:\/\/www.europesays.com\/es\/wp-json\/wp\/v2\/tags?post=124213"}],"curies":[{"name":"wp","href":"https:\/\/api.w.org\/{rel}","templated":true}]}}