{"id":124215,"date":"2025-09-19T02:05:06","date_gmt":"2025-09-19T02:05:06","guid":{"rendered":"https:\/\/www.europesays.com\/es\/124215\/"},"modified":"2025-09-19T02:05:06","modified_gmt":"2025-09-19T02:05:06","slug":"la-madre-de-bella-hadid-ante-las-duras-fotos-de-su-hija-en-el-hospital-verla-luchar-en-silencio-me-ha-llevado-a-la-mas-profunda-desesperanza-gente","status":"publish","type":"post","link":"https:\/\/www.europesays.com\/es\/124215\/","title":{"rendered":"La madre de Bella Hadid, ante las duras fotos de su hija en el hospital: \u201cVerla luchar en silencio me ha llevado a la m\u00e1s profunda desesperanza\u201d | Gente"},"content":{"rendered":"<p class=\"\">La salud de la modelo Bella Hadid, de 28 a\u00f1os, lleva a\u00f1os siendo delicada. Ella misma ha hablado de la cuesti\u00f3n, y de hecho se ha apartado de las pasarelas cuando ha sido necesario para tomarse un descanso. Sin embargo ahora, la top model \u2014<a href=\"https:\/\/elpais.com\/smoda\/moda\/las-10-modelos-que-consiguieron-ser-las-mejor-pagadas-del-momento.html\" target=\"_self\" rel=\"nofollow noopener\" title=\"https:\/\/elpais.com\/smoda\/moda\/las-10-modelos-que-consiguieron-ser-las-mejor-pagadas-del-momento.html\">una de las maniqu\u00edes mejor pagadas del planeta<\/a>\u2014 est\u00e1 en un momento especialmente vulnerable y que ha preocupado a sus seguidores.<\/p>\n<p class=\"\">La propia Hadid public\u00f3 el mi\u00e9rcoles para sus m\u00e1s de 61 millones de seguidores en Instagram <a href=\"https:\/\/www.instagram.com\/p\/DOtNQJ5jf74\/?hl=es&amp;img_index=1\" target=\"_blank\" rel=\"nofollow noopener\" title=\"https:\/\/www.instagram.com\/p\/DOtNQJ5jf74\/?hl=es&amp;img_index=1\">una serie de fotograf\u00edas<\/a> donde aparec\u00eda en un hospital o en una habitaci\u00f3n completamente medicalizada. Adem\u00e1s de aparecer jugando a las cartas, al backgammon o viendo series en televisi\u00f3n, tambi\u00e9n publicaba im\u00e1genes de su cara, llorando, en primer plano, de sus manos con v\u00edas para introducir medicaci\u00f3n en su cuerpo o de ella tumbada en la cama con una bolsa de hielo en la cabeza. \u201cLo siento, siempre estoy perdida en acci\u00f3n, os quiero, chicos\u201d, escrib\u00eda, sin mucha m\u00e1s explicaci\u00f3n. Recib\u00eda m\u00e1s de un mill\u00f3n de Me gusta y miles de comentarios de apoyo, de su familia, amigos y seguidores. <\/p>\n<p>M\u00e1s informaci\u00f3n<\/p>\n<p class=\"\">Un d\u00eda despu\u00e9s, el jueves, la madre de Bella (y de la tambi\u00e9n modelo Gigi Hadid) ha aclarado algo m\u00e1s la condici\u00f3n de su hija. <a href=\"https:\/\/elpais.com\/smoda\/famosos\/yolanda-hadid-metodo-modelos-gigi-bella-imperio-moda.html\" target=\"_self\" rel=\"nofollow noopener\" title=\"https:\/\/elpais.com\/smoda\/famosos\/yolanda-hadid-metodo-modelos-gigi-bella-imperio-moda.html\">Yolanda Hadid, dise\u00f1adora de interiores y estrella televisiva de reality shows<\/a> en Estados Unidos, tambi\u00e9n ha publicado fotograf\u00edas de su hija y con ella, a\u00fan m\u00e1s duras que las de Bella el d\u00eda anterior. Hace a\u00f1os que tanto Bella como Yolanda Hadid <a href=\"https:\/\/elpais.com\/elpais\/2020\/01\/09\/album\/1578570092_200916.html\" target=\"_self\" rel=\"nofollow noopener\" title=\"https:\/\/elpais.com\/elpais\/2020\/01\/09\/album\/1578570092_200916.html\">sufren la enfermedad de Lyme<\/a>, cuyas complicaciones parecen haber causado el actual estado de la modelo.<\/p>\n<p class=\"\">En <a href=\"https:\/\/www.instagram.com\/p\/DOvsOBqjFjH\/?img_index=11\" target=\"_blank\" rel=\"nofollow noopener\" title=\"https:\/\/www.instagram.com\/p\/DOvsOBqjFjH\/?img_index=11\">las im\u00e1genes<\/a>, duras y a menudo incluso demasiado privadas, se ve a ambas en el hospital, y a la modelo conectada a diferentes m\u00e1quinas y bolsas de medicaci\u00f3n, con sondas y v\u00edas nasales, recibiendo la visita de m\u00e9dicos y recibiendo abundante medicinas, una mesa entera de ellas, como muestra Yolanda en una imagen cargada de botes, pastillas y remedios.<\/p>\n<p class=\"\">La madre de la modelo acompa\u00f1a sus im\u00e1genes con un largo texto en el que habla de las dificultades de la enfermedad, que la modelo <a href=\"https:\/\/elpais.com\/gente\/2023-08-07\/bella-hadid-libre-de-la-enfermedad-de-lyme-tras-10-anos-si-tuviera-que-pasar-por-todo-esto-otra-vez-lo-haria-de-nuevo.html\" target=\"_self\" rel=\"nofollow noopener\" title=\"https:\/\/elpais.com\/gente\/2023-08-07\/bella-hadid-libre-de-la-enfermedad-de-lyme-tras-10-anos-si-tuviera-que-pasar-por-todo-esto-otra-vez-lo-haria-de-nuevo.html\">asegur\u00f3 haber superado hace un par de a\u00f1os<\/a>. Causada por la picadura de una garrapata, adem\u00e1s de fiebre y dolores de cabeza <a href=\"https:\/\/elpais.com\/us\/2025-05-07\/empieza-la-temporada-de-garrapatas-2025-las-enfermedades-que-propagan-riesgos-y-como-protegerse.html\" target=\"_self\" rel=\"nofollow noopener\" title=\"https:\/\/elpais.com\/us\/2025-05-07\/empieza-la-temporada-de-garrapatas-2025-las-enfermedades-que-propagan-riesgos-y-como-protegerse.html\">puede llevar a graves problemas<\/a> en las articulaciones, pero tambi\u00e9n card\u00edacos y neurol\u00f3gicos.<\/p>\n<p class=\"\">\u201cComo imaginar\u00e9is, ver a mi Bella luchar en silencio me ha llevado a la m\u00e1s profunda desesperanza\u201d, afirma Hadid en sus palabras, contando que la enfermedad de Lyme es dif\u00edcil de explicar o de comprender para la mayor\u00eda de la gente, y que aunque ella ha tratado de convertirse en un ejemplo en su propio recorrido contra la misma, reconoce que \u201cnada puede compar\u00e1rsele a ver el sufrimiento\u201d de su hija.<\/p>\n<p class=\"\">Hadid explica que ella ha dejado de compartir <a href=\"https:\/\/elpais.com\/elpais\/2017\/01\/03\/icon\/1483461566_452472.html\" target=\"_self\" rel=\"nofollow noopener\" title=\"https:\/\/elpais.com\/elpais\/2017\/01\/03\/icon\/1483461566_452472.html\">su historia personal, algo que hizo durante a\u00f1os,<\/a> para estar m\u00e1s centrada en la curaci\u00f3n \u201cm\u00e1s que en absorber las opiniones ajenas sobre mi viaje\u201d, afirma. Pero aun as\u00ed est\u00e1 \u201cdeterminada\u201d en cuanto a encontrar \u201cuna cura asequible para todos\u201d. <\/p>\n<p><img alt=\"Yolanda Hadid y Bella Hadid\" decoding=\"auto\" class=\"_re lazyload a_m-h\" height=\"276\"  width=\"414\"  src=\"https:\/\/www.europesays.com\/es\/wp-content\/uploads\/2025\/09\/56NKN7HF2BFD3ARRPNZBICFM5I.jpg\" loading=\"lazy\"\/>Yolanda y Bella Hadid, en una fiesta en Nueva York en octubre de 2022.Taylor Hill (WireImage)<\/p>\n<p class=\"\">Tambi\u00e9n le dedica unas palabras a su hija, su \u201chermosa Bellita\u201d, como la llama. \u201cEres valiente, implacable. Ning\u00fan hijo deber\u00eda sufrir una enfermedad cr\u00f3nica incurable. Admiro tu valent\u00eda y tu voluntad para seguir luchando por tu salud a pesar de los protocolos fallidos y los innumerables contratiempos a los que te has enfrentado\u201d, explica, mostrando que, por tanto, la modelo no logr\u00f3 una curaci\u00f3n completa en 2023.<\/p>\n<p class=\"\">\u201cNo hay palabras suficientes para describir la oscuridad, el dolor y el infierno desconocido que has vivido desde tu diagn\u00f3stico en 2013\u2033, contin\u00faa Hadid. \u201cEn realidad, no has vivido, has aprendido a existir dentro de la c\u00e1rcel que es tu propio cerebro paralizado. Estoy muy orgullosa de la luchadora que eres. No est\u00e1s sola, te prometo que te apoyar\u00e9 en cada paso del camino, sin importar cu\u00e1nto tiempo lleve\u201d. Por lo que deja entrever, el tiempo de curaci\u00f3n de la maniqu\u00ed est\u00e1 siendo largo, porque afirma que ha \u201cluchado durante otro mes de tratamiento\u201d. \u201cS\u00e9 que Dios es bueno, hay milagros cada d\u00eda. Rezo por tu pronta recuperaci\u00f3n, mi amor\u201d. Y le asegura: \u201cSeguiremos luchando juntas por d\u00edas mejores\u201d.<\/p>\n<p class=\"\">La familia Hadid siempre ha sido abierta en cuanto a su lucha contra el Lyme, que sufren Yolanda, Bella y el hermano menor de las modelos, Anwar. En una entrevista a principios de 2022 con el diario <a href=\"https:\/\/www.wsj.com\/articles\/bella-hadid-on-overcoming-the-anxiety-of-getting-dressed-every-morning-11642426462\" target=\"_blank\" rel=\"nofollow noopener\" title=\"https:\/\/www.wsj.com\/articles\/bella-hadid-on-overcoming-the-anxiety-of-getting-dressed-every-morning-11642426462\">Wall Street Journal<\/a>, Bella reconoc\u00eda que la ansiedad era una constante en su vida, y <a href=\"https:\/\/elpais.com\/gente\/2022-01-18\/bella-hadid-relata-como-la-ansiedad-no-le-permitia-salir-de-casa.html\" target=\"_self\" rel=\"nofollow noopener\" title=\"https:\/\/elpais.com\/gente\/2022-01-18\/bella-hadid-relata-como-la-ansiedad-no-le-permitia-salir-de-casa.html\">que a menudo pasa por graves periodos de depresi\u00f3n.<\/a> \u201cMi madre o mi m\u00e9dico me preguntaban c\u00f3mo estaba y en vez de responderles con un mensaje, les mandaba una foto. Era lo m\u00e1s f\u00e1cil de hacer para m\u00ed en ese momento porque nunca era capaz de explicar c\u00f3mo me sent\u00eda\u201d, relataba. \u201cEstaba pasando por un dolor f\u00edsico y mental insoportable y debilitante, y no sab\u00eda por qu\u00e9. Eso ha ocurrido durante los \u00faltimos tres a\u00f1os de mi vida\u201d. <\/p>\n<p class=\"\">Tambi\u00e9n en sus redes sociales ha sido clara al respecto, colgando fotograf\u00edas suyas con dolor, llorando o en situaciones complejas. Ella asegura que lo hace \u201cpara dejar claro a cualquiera que se sintiera de ese modo supiera que estaba bien sentirse as\u00ed\u201d. \u201cIncluso aunque en Instagram las cosas se vean siempre tan bonitas\u201d, reflexionaba, \u201cal fin y al cabo todos estamos hechos de la misma pasta. Pens\u00e9 que ser\u00eda bueno para m\u00ed contar mi verdad y, en cierto punto, no colgar m\u00e1s fotos bonitas. Eso estaba superado\u201d. En un carrusel que colg\u00f3 en Instagram en noviembre de 2021, ya borrado, les dec\u00eda a sus seguidores que no estaban solos.<\/p>\n<p class=\"\">Anteriormente, Hadid ya hab\u00eda explicado que llevaba desde los 14 a\u00f1os sufriendo \u201cdepresi\u00f3n extrema y ansiedad\u201d. De hecho, la picadura de una garrapata y la enfermedad de Lyme truncaron su carrera deportiva como jinete, con la que buscaba competir en los Juegos Ol\u00edmpicos de 2012.<\/p>\n<p><script async src=\"\/\/www.instagram.com\/embed.js\"><\/script><\/p>\n","protected":false},"excerpt":{"rendered":"La salud de la modelo Bella Hadid, de 28 a\u00f1os, lleva a\u00f1os siendo delicada. Ella misma ha hablado&hellip;\n","protected":false},"author":2,"featured_media":124216,"comment_status":"","ping_status":"","sticky":false,"template":"","format":"standard","meta":{"footnotes":""},"categories":[91],"tags":[40420,11292,146,147,25,24,629,256,260,40421,4536,3383,1922,23],"class_list":{"0":"post-124215","1":"post","2":"type-post","3":"status-publish","4":"format-standard","5":"has-post-thumbnail","7":"category-entretenimiento","8":"tag-bella-hadid","9":"tag-enfermedades-neurologicas","10":"tag-entertainment","11":"tag-entretenimiento","12":"tag-es","13":"tag-espana","14":"tag-estados-unidos","15":"tag-famosos","16":"tag-gente","17":"tag-gigi-hadid","18":"tag-instagram","19":"tag-modelos","20":"tag-redes-sociales","21":"tag-spain"},"share_on_mastodon":{"url":"","error":""},"_links":{"self":[{"href":"https:\/\/www.europesays.com\/es\/wp-json\/wp\/v2\/posts\/124215","targetHints":{"allow":["GET"]}}],"collection":[{"href":"https:\/\/www.europesays.com\/es\/wp-json\/wp\/v2\/posts"}],"about":[{"href":"https:\/\/www.europesays.com\/es\/wp-json\/wp\/v2\/types\/post"}],"author":[{"embeddable":true,"href":"https:\/\/www.europesays.com\/es\/wp-json\/wp\/v2\/users\/2"}],"replies":[{"embeddable":true,"href":"https:\/\/www.europesays.com\/es\/wp-json\/wp\/v2\/comments?post=124215"}],"version-history":[{"count":0,"href":"https:\/\/www.europesays.com\/es\/wp-json\/wp\/v2\/posts\/124215\/revisions"}],"wp:featuredmedia":[{"embeddable":true,"href":"https:\/\/www.europesays.com\/es\/wp-json\/wp\/v2\/media\/124216"}],"wp:attachment":[{"href":"https:\/\/www.europesays.com\/es\/wp-json\/wp\/v2\/media?parent=124215"}],"wp:term":[{"taxonomy":"category","embeddable":true,"href":"https:\/\/www.europesays.com\/es\/wp-json\/wp\/v2\/categories?post=124215"},{"taxonomy":"post_tag","embeddable":true,"href":"https:\/\/www.europesays.com\/es\/wp-json\/wp\/v2\/tags?post=124215"}],"curies":[{"name":"wp","href":"https:\/\/api.w.org\/{rel}","templated":true}]}}