{"id":124219,"date":"2025-09-19T02:08:07","date_gmt":"2025-09-19T02:08:07","guid":{"rendered":"https:\/\/www.europesays.com\/es\/124219\/"},"modified":"2025-09-19T02:08:07","modified_gmt":"2025-09-19T02:08:07","slug":"ee-uu-confirma-despliegue-de-cazas-f-35b-en-puerto-rico-dw-19-09-2025","status":"publish","type":"post","link":"https:\/\/www.europesays.com\/es\/124219\/","title":{"rendered":"EE.UU. confirma despliegue de cazas F-35B en Puerto Rico \u2013 DW \u2013 19\/09\/2025"},"content":{"rendered":"<p>El Departamento de Guerra de <a class=\"internal-link\" href=\"https:\/\/www.dw.com\/es\/estados-unidos\/t-17411942\" rel=\"nofollow noopener\" target=\"_blank\">Estados Unidos<\/a>\u00a0confirm\u00f3 el jueves(18.09.2025) que envi\u00f3 cazas de \u00faltima generaci\u00f3n F-35B a <a class=\"internal-link\" href=\"https:\/\/www.dw.com\/es\/puerto-rico\/t-40779879\" rel=\"nofollow noopener\" target=\"_blank\">Puerto Rico<\/a> para que participen en el operativo que Washington ha activado para combatir el narcotr\u00e1fico en el Caribe, un despliegue que Venezuela ha denunciado por considerar que busca forzar un cambio de Gobierno en Caracas.<\/p>\n<p>\u00abLos cazas F-35B Lightning II del Escuadr\u00f3n de Ataque de la Infanter\u00eda de Marina 225 ya se encuentran en Puerto Rico. Est\u00e1n listos para combatir contra los carteles cuyas actividades il\u00edcitas han tenido devastadoras consecuencias para los estadounidenses durante d\u00e9cadas\u00bb, explic\u00f3 el Departamento de Guerra en un escueto mensaje en la red social X.<\/p>\n<p>La configuraci\u00f3n B del F-35 es la que permite el despegue en corta distancia y el aterrizaje en vertical, por lo que te\u00f3ricamente tiene capacidad para realizar estas operaciones desde las cubiertas de tres de los buques que EE.<a class=\"internal-link\" href=\"https:\/\/www.dw.com\/es\/venezuela-militarmente-no-tiene-opci\u00f3n-ante-estados-unidos\/a-74052118\" rel=\"nofollow noopener\" target=\"_blank\">UU. tiene desplegados en el sur del Caribe<\/a>.<\/p>\n<p>Medios locales ya informaron a principio de semana que al menos cinco aviones de combate F-35 hab\u00edan arribado a la pista del aeropuerto regional Jos\u00e9 Aponte de la Torre, la antigua base Roosevelt Roads, en el municipio de Ceiba, en el noreste de Puerto Rico.<\/p>\n<p>El presidente estadounidense, Donald Trump, anunci\u00f3 esta misma semana que el operativo desplegado en la regi\u00f3n destruy\u00f3 una segunda lancha, causando la muerte de sus tres ocupantes, que seg\u00fan Washington eran \u00abnarcoterroristas\u00bb venezolanos que transportaban drogas.<\/p>\n<p>El operativo, cuya efectividad ha sido puesta en duda por expertos que se\u00f1alan que el Caribe no es una ruta usada a gran escala por los narcotraficantes para introducir narc\u00f3ticos en EE.UU., ha sido duramente criticado por Venezuela, que ha activado unas <a class=\"internal-link\" href=\"https:\/\/www.dw.com\/es\/venezuela-anuncia-maniobras-militares-en-el-caribe\/a-74039351\" rel=\"nofollow noopener\" target=\"_blank\">maniobras militare<\/a>s en la isla de La Orchila, en el Caribe venezolano, para dar respuesta a lo que ha calificado como \u00abamenaza\u00bb de Washington.<\/p>\n<p>gs (efe, ap)<\/p>\n","protected":false},"excerpt":{"rendered":"El Departamento de Guerra de Estados Unidos\u00a0confirm\u00f3 el jueves(18.09.2025) que envi\u00f3 cazas de \u00faltima generaci\u00f3n F-35B a Puerto&hellip;\n","protected":false},"author":2,"featured_media":124220,"comment_status":"","ping_status":"","sticky":false,"template":"","format":"standard","meta":{"footnotes":""},"categories":[42],"tags":[17,18,13,14,11,61,62,63,64,19,20,9,10,15,16,12,21,22,65,66,67],"class_list":{"0":"post-124219","1":"post","2":"type-post","3":"status-publish","4":"format-standard","5":"has-post-thumbnail","7":"category-internacional","8":"tag-breaking-news","9":"tag-breakingnews","10":"tag-featured-news","11":"tag-featurednews","12":"tag-headlines","13":"tag-internacional","14":"tag-international","15":"tag-international-news","16":"tag-internationalnews","17":"tag-latest-news","18":"tag-latestnews","19":"tag-news","20":"tag-noticias","21":"tag-noticias-destacadas","22":"tag-noticiasdestacadas","23":"tag-titulares","24":"tag-ultimas-noticias","25":"tag-ultimasnoticias","26":"tag-world","27":"tag-world-news","28":"tag-worldnews"},"share_on_mastodon":{"url":"","error":""},"_links":{"self":[{"href":"https:\/\/www.europesays.com\/es\/wp-json\/wp\/v2\/posts\/124219","targetHints":{"allow":["GET"]}}],"collection":[{"href":"https:\/\/www.europesays.com\/es\/wp-json\/wp\/v2\/posts"}],"about":[{"href":"https:\/\/www.europesays.com\/es\/wp-json\/wp\/v2\/types\/post"}],"author":[{"embeddable":true,"href":"https:\/\/www.europesays.com\/es\/wp-json\/wp\/v2\/users\/2"}],"replies":[{"embeddable":true,"href":"https:\/\/www.europesays.com\/es\/wp-json\/wp\/v2\/comments?post=124219"}],"version-history":[{"count":0,"href":"https:\/\/www.europesays.com\/es\/wp-json\/wp\/v2\/posts\/124219\/revisions"}],"wp:featuredmedia":[{"embeddable":true,"href":"https:\/\/www.europesays.com\/es\/wp-json\/wp\/v2\/media\/124220"}],"wp:attachment":[{"href":"https:\/\/www.europesays.com\/es\/wp-json\/wp\/v2\/media?parent=124219"}],"wp:term":[{"taxonomy":"category","embeddable":true,"href":"https:\/\/www.europesays.com\/es\/wp-json\/wp\/v2\/categories?post=124219"},{"taxonomy":"post_tag","embeddable":true,"href":"https:\/\/www.europesays.com\/es\/wp-json\/wp\/v2\/tags?post=124219"}],"curies":[{"name":"wp","href":"https:\/\/api.w.org\/{rel}","templated":true}]}}