{"id":124225,"date":"2025-09-19T02:11:38","date_gmt":"2025-09-19T02:11:38","guid":{"rendered":"https:\/\/www.europesays.com\/es\/124225\/"},"modified":"2025-09-19T02:11:38","modified_gmt":"2025-09-19T02:11:38","slug":"primera-victoria-del-curso-para-las-guerreras","status":"publish","type":"post","link":"https:\/\/www.europesays.com\/es\/124225\/","title":{"rendered":"Primera victoria del curso para las Guerreras"},"content":{"rendered":"<p>\t\t\t\t\t<strong>\u270d\ud83c\udffc Cr\u00f3nica | Primera victoria del curso para las Guerreras <\/strong><\/p>\n<p>Las<strong> Guerreras<\/strong> arrancan con paso firme la temporada internacional al <strong>imponerse a Eslovaquia<\/strong> por <strong>25-33<\/strong> en el primero de los dos amistosos que disputar\u00e1n ante la selecci\u00f3n local. El conjunto dirigido por <strong>Ambros Mart\u00edn<\/strong> firm\u00f3 un encuentro en el que la intensidad defensiva y la rapidez ofensiva terminaron marcando la diferencia, confirmando as\u00ed la amplitud de recursos y la buena sinton\u00eda del grupo en este inicio de curso.<\/p>\n<p>El choque estuvo marcado por el protagonismo de las jugadoras que debutaban en la selecci\u00f3n absoluta: <strong>Luc\u00eda Prades<\/strong> sostuvo al equipo en la primera parte bajo palos, <strong>Olaia Luzuriaga<\/strong> mantuvo la fiabilidad en la segunda, <strong>Raquel Mor\u00e9<\/strong> se estren\u00f3 con 3 anotaciones y la joven <strong>Bel\u00e9n Rodr\u00edguez<\/strong> pudo disfrutar de sus primeros minutos con la selecci\u00f3n absoluta. Tambi\u00e9n brill\u00f3 el regreso de <strong>Lysa Tchaptchet<\/strong>, decisiva en la defensa y en los 6 metros y bien acompa\u00f1ada por su hermana <strong>Lyndie<\/strong>.<\/p>\n<p>Tras un inicio igualado, Espa\u00f1a impuso su <strong>defensa 6:0<\/strong> y castig\u00f3 a su rival con r\u00e1pidos contraataques liderados desde la primera l\u00ednea por <strong>Paula Arcos<\/strong> y <strong>Ester Somaza<\/strong>, junto a los aciertos de cara a porter\u00eda de <strong>Lisa Oppedal<\/strong>. Al descanso, la ventaja ya era clara (10-18). En la reanudaci\u00f3n, el equipo baj\u00f3 un poco el ritmo, pero mantuvo la ventaja y Ambros Mart\u00edn dio entrada a todas sus jugadoras, que respondieron con intensidad y car\u00e1cter. Destacaron los goles de <strong>Ona Vegu\u00e9<\/strong> desde los 7 metros, las penetraciones de <strong>Elba \u00c1lvarez<\/strong> y los goles desde los 9 metros de <strong>Ester Somaza<\/strong>.<\/p>\n<p>As\u00ed, las Guerreras cerraron el encuentro con un contundente <strong>25-33<\/strong>, logrando un primer triunfo coral que refuerza la confianza y marca el inicio de un curso cargado de retos. La selecci\u00f3n volver\u00e1 a medirse a Eslovaquia este <strong>s\u00e1bado 20 de septiembre<\/strong> en el <strong>Trencin Sports Hall<\/strong> a las <strong>20:00h<\/strong>., segundo y \u00faltimo amistoso de esta concentraci\u00f3n en <strong>\u0160amor\u00edn<\/strong>, dentro del plan de <strong>preparaci\u00f3n hacia el Campeonato del Mundo 2025<\/strong> y la <strong>fase de clasificaci\u00f3n para el Campeonato de Europa 2026<\/strong>.<\/p>\n<p><strong>AMBROS MART\u00cdN: \u201cESTOS AMISTOSOS SIRVEN PARA SIMULAR LA EXIGENCIA DEL MUNDIAL\u201d<br \/><\/strong>El seleccionador nacional, <strong>Ambros Mart\u00edn<\/strong>, valor\u00f3 positivamente el primer duelo de las Guerreras en Eslovaquia, destacando la intensidad del primer tiempo y la aportaci\u00f3n de las debutantes: \u201cFuimos muy superiores desde el inicio, con defensa anticipativa, transiciones r\u00e1pidas y minutos de calidad para las nuevas, que ya han demostrado que pueden aportar\u201d.<\/p>\n<p>Sobre la segunda mitad, reconoci\u00f3 que el equipo baj\u00f3 el ritmo, aunque sin poner en peligro el resultado: \u201cEllas apretaron m\u00e1s, pero nunca se acercaron en el marcador\u201d.<\/p>\n<p>Mart\u00edn se mostr\u00f3 satisfecho con el estreno de las nuevas incorporaciones: \u201cLas porteras debutantes estuvieron muy acertadas y jugadoras como Raquel Mor\u00e9 aprovecharon su oportunidad. Lo m\u00e1s importante: sin lesiones\u201d.<\/p>\n<p>Pensando en el segundo amistoso, subray\u00f3 el objetivo de preparaci\u00f3n: \u201cQueremos simular la alta competici\u00f3n, como en un Mundial, manteniendo la intensidad en dos partidos consecutivos\u201d.<\/p>\n<p><img fetchpriority=\"high\" decoding=\"async\" class=\"aligncenter wp-image-122510 size-full\" title=\"thumbnail 20250918 SVK ESP foto Radovan Stoklasa 023\" src=\"https:\/\/www.europesays.com\/es\/wp-content\/uploads\/2025\/09\/thumbnail_20250918_SVK_ESP_foto_Radovan_Stoklasa_023.webp.webp\" alt=\"thumbnail 20250918 SVK ESP foto Radovan Stoklasa 023\" width=\"1400\" height=\"400\"  \/><\/p>\n<p>\u00a0<\/p>\n<p><strong><img decoding=\"async\" class=\"emoji\" role=\"img\" draggable=\"false\" src=\"https:\/\/s.w.org\/images\/core\/emoji\/16.0.1\/svg\/1f534.svg\" alt=\"\ud83d\udd34\"\/> Final | 25-33<\/strong><\/p>\n<p>Las <strong>Guerreras<\/strong> cierran con autoridad su primer amistoso en Eslovaquia tras firmar una segunda parte muy completa (25-33). El equipo mantuvo la intensidad defensiva y dio protagonismo a los debuts de <strong>Luc\u00eda Prades, Olaia Luzuriaga, Raquel Mor\u00e9 y Bel\u00e9n Rodr\u00edguez<\/strong> que respondieron con grandes intervenciones y goles. L<strong>ysa y Lyndie Tchaptchet,<\/strong> junto a <strong>Elba \u00c1lvarez, Ester Somaza y Paula Arcos<\/strong>, lideraron el ataque, consiguiendo un triunfo coral que refuerza la confianza del grupo y confirma la amplitud de recursos en la plantilla.<\/p>\n<p><img loading=\"lazy\" decoding=\"async\" class=\"wp-image-122496 size-full\" title=\"thumbnail 20250918 SVK ESP foto Radovan Stoklasa 020\" src=\"https:\/\/www.europesays.com\/es\/wp-content\/uploads\/2025\/09\/thumbnail_20250918_SVK_ESP_foto_Radovan_Stoklasa_020.webp.webp\" alt=\"thumbnail 20250918 SVK ESP foto Radovan Stoklasa 020\" width=\"1400\" height=\"400\"  \/>Fotograf\u00eda: <strong>Radovan Stoklasa<\/strong><\/p>\n<p>\u00a0<\/p>\n<p><strong><img decoding=\"async\" class=\"emoji\" role=\"img\" draggable=\"false\" src=\"https:\/\/s.w.org\/images\/core\/emoji\/16.0.1\/svg\/23f1.svg\" alt=\"\u23f1\ufe0f\"\/> 57\u2032 | 22-32<\/strong><\/p>\n<p><strong>Raquel Mor\u00e9<\/strong> demuestra sus ganas de estar en el equipo absoluto anotando otro latigazo desde los 9 metros.<\/p>\n<p><strong><img decoding=\"async\" class=\"emoji\" role=\"img\" draggable=\"false\" src=\"https:\/\/s.w.org\/images\/core\/emoji\/16.0.1\/svg\/23f1.svg\" alt=\"\u23f1\ufe0f\"\/> 55\u2032 | 21-31<\/strong><\/p>\n<p>Otro de <strong>Palomo<\/strong>, esta vez con un pase sin mirar de <strong>Bel\u00e9n Rodr\u00edguez<\/strong>.<\/p>\n<p><strong><img decoding=\"async\" class=\"emoji\" role=\"img\" draggable=\"false\" src=\"https:\/\/s.w.org\/images\/core\/emoji\/16.0.1\/svg\/23f1.svg\" alt=\"\u23f1\ufe0f\"\/> 55\u2032 | 21-30<\/strong><\/p>\n<p>Gran asistencia de Elba \u00c1lvarez para que anote <strong>Mar\u00eda Palomo<\/strong> desde el pivote.<\/p>\n<p><strong><img decoding=\"async\" class=\"emoji\" role=\"img\" draggable=\"false\" src=\"https:\/\/s.w.org\/images\/core\/emoji\/16.0.1\/svg\/23f1.svg\" alt=\"\u23f1\ufe0f\"\/> 53\u2032 | 20-29<\/strong><\/p>\n<p><b>Mar\u00eda Palomo\u00a0<\/b>y la joven <strong>Bel\u00e9n Rodr\u00edguez<\/strong> entran al 40\u00d720.<\/p>\n<p><strong><img decoding=\"async\" class=\"emoji\" role=\"img\" draggable=\"false\" src=\"https:\/\/s.w.org\/images\/core\/emoji\/16.0.1\/svg\/23f1.svg\" alt=\"\u23f1\ufe0f\"\/> 51\u2032 | 19-29<\/strong><\/p>\n<p><b>Mar\u00eda Gomes<\/b> coloca el m\u00e1s 10 para Espa\u00f1a.<\/p>\n<p><strong><img decoding=\"async\" class=\"emoji\" role=\"img\" draggable=\"false\" src=\"https:\/\/s.w.org\/images\/core\/emoji\/16.0.1\/svg\/23f1.svg\" alt=\"\u23f1\ufe0f\"\/> 50\u2032 | 19-28<\/strong><\/p>\n<p><strong>Raquel Mor\u00e9<\/strong> tambi\u00e9n debuta y anota con la selecci\u00f3n absoluta en este \u00faltimo tramo de partido.<\/p>\n<p><strong><img decoding=\"async\" class=\"emoji\" role=\"img\" draggable=\"false\" src=\"https:\/\/s.w.org\/images\/core\/emoji\/16.0.1\/svg\/23f1.svg\" alt=\"\u23f1\ufe0f\"\/> 49\u2032 | 18-27<\/strong><\/p>\n<p>Espa\u00f1a sigue corriendo, esta vez de la mano de la veterana <strong>Ona Vegu\u00e9<\/strong>.<\/p>\n<p><strong><img decoding=\"async\" class=\"emoji\" role=\"img\" draggable=\"false\" src=\"https:\/\/s.w.org\/images\/core\/emoji\/16.0.1\/svg\/23f1.svg\" alt=\"\u23f1\ufe0f\"\/> 48\u2032 | 18-26<\/strong><\/p>\n<p>Gran debut de <strong>Olaia Luzuriaga<\/strong> bajo palos, acompa\u00f1ando el buen trabajo de su compa\u00f1era <strong>Prades<\/strong> en la primera parte.<\/p>\n<p><strong><img decoding=\"async\" class=\"emoji\" role=\"img\" draggable=\"false\" src=\"https:\/\/s.w.org\/images\/core\/emoji\/16.0.1\/svg\/23f1.svg\" alt=\"\u23f1\ufe0f\"\/> 45\u2032 | 16-25<\/strong><\/p>\n<p><strong>Lyndie Tchaptchet<\/strong> logra un 7 metros que vuelve a transformar<strong> Ona Vegu\u00e9<\/strong>.<\/p>\n<p><strong><img decoding=\"async\" class=\"emoji\" role=\"img\" draggable=\"false\" src=\"https:\/\/s.w.org\/images\/core\/emoji\/16.0.1\/svg\/23f1.svg\" alt=\"\u23f1\ufe0f\"\/> 44\u2032 | 16-24<\/strong><\/p>\n<p>Otro lanzamiento exterior y anotaci\u00f3n para <strong>Ester Somaza<\/strong>.<\/p>\n<p><strong><img decoding=\"async\" class=\"emoji\" role=\"img\" draggable=\"false\" src=\"https:\/\/s.w.org\/images\/core\/emoji\/16.0.1\/svg\/23f1.svg\" alt=\"\u23f1\ufe0f\"\/> 41\u2032 | 14-23<\/strong><\/p>\n<p>La portera de Beti-Onak, <strong>Olaia Luzuriaga<\/strong>, aparece con otra gran parada.<\/p>\n<p><strong><img decoding=\"async\" class=\"emoji\" role=\"img\" draggable=\"false\" src=\"https:\/\/s.w.org\/images\/core\/emoji\/16.0.1\/svg\/23f1.svg\" alt=\"\u23f1\ufe0f\"\/> 41\u2032 | 14-23<\/strong><\/p>\n<p>Latigazo de<strong> Ester Somaza<\/strong> desde los 9 metros para colocar el m\u00e1s 9.<\/p>\n<p><strong><img decoding=\"async\" class=\"emoji\" role=\"img\" draggable=\"false\" src=\"https:\/\/s.w.org\/images\/core\/emoji\/16.0.1\/svg\/23f1.svg\" alt=\"\u23f1\ufe0f\"\/> 39\u2032 | 13-22<\/strong><\/p>\n<p><strong>Lysa Tchaptchet<\/strong> no tiene rival en los 6 metros. Gran actuaci\u00f3n de la pivote tanto en ataque como en defensa en su regreso a la selecci\u00f3n.<\/p>\n<p><strong><img decoding=\"async\" class=\"emoji\" role=\"img\" draggable=\"false\" src=\"https:\/\/s.w.org\/images\/core\/emoji\/16.0.1\/svg\/23f1.svg\" alt=\"\u23f1\ufe0f\"\/> 38\u2032 | 12-21<\/strong><\/p>\n<p>Un 6:0 dominado por <strong>Ester Somaza<\/strong> y <strong>Lysa Tchaptchet<\/strong> en el centro deja a Eslovaquia con tan solo 12 goles en casi 40 minutos.<\/p>\n<p><strong><img decoding=\"async\" class=\"emoji\" role=\"img\" draggable=\"false\" src=\"https:\/\/s.w.org\/images\/core\/emoji\/16.0.1\/svg\/23f1.svg\" alt=\"\u23f1\ufe0f\"\/> 36\u2032 | 11-21<\/strong><\/p>\n<p><strong>Anne Erauskin<\/strong> anota desde su extremo derecho con muy poco \u00e1ngulo, demostrando la gran calidad que mantiene.<\/p>\n<p><strong><img decoding=\"async\" class=\"emoji\" role=\"img\" draggable=\"false\" src=\"https:\/\/s.w.org\/images\/core\/emoji\/16.0.1\/svg\/23f1.svg\" alt=\"\u23f1\ufe0f\"\/> 32\u2032 | 11-19<\/strong><\/p>\n<p><strong>Olaia Luzuriaga<\/strong> sustituye a Luc\u00eda Prades bajo palos y comienza su debut con una gran parada.<\/p>\n<p><strong><img decoding=\"async\" class=\"emoji\" role=\"img\" draggable=\"false\" src=\"https:\/\/s.w.org\/images\/core\/emoji\/16.0.1\/svg\/23f1.svg\" alt=\"\u23f1\ufe0f\"\/> 30\u2032 | 10-19<\/strong><\/p>\n<p>Primera anotaci\u00f3n de la segunda parte, para <strong>Paula Arcos.<\/strong><\/p>\n<p><strong><img decoding=\"async\" class=\"emoji\" role=\"img\" draggable=\"false\" src=\"https:\/\/s.w.org\/images\/core\/emoji\/16.0.1\/svg\/23f1.svg\" alt=\"\u23f1\ufe0f\"\/> 30\u2032 | 10-18<\/strong><\/p>\n<p><strong>Lysa Tchaptchet<\/strong> pone el bal\u00f3n en movimiento para iniciar la segunda parte del duelo.<\/p>\n<p><strong><img decoding=\"async\" class=\"emoji\" role=\"img\" draggable=\"false\" src=\"https:\/\/s.w.org\/images\/core\/emoji\/16.0.1\/svg\/1f534.svg\" alt=\"\ud83d\udd34\"\/> Descanso | 10-18<\/strong><\/p>\n<p>Las <strong>Guerreras<\/strong> dominan con claridad en el marcador (10-18) tras una primera parte de menos a m\u00e1s. La intensidad defensiva y la seguridad de <strong>Luc\u00eda Prades<\/strong> bajo palos sostuvieron al equipo en los primeros compases, mientras que en ataque fueron sumando nombres como <strong>Lysa y Lyndie Tchaptchet, Elba \u00c1lvarez <\/strong>o<strong> Paula Arcos<\/strong>, que castigaron a Eslovaquia con r\u00e1pidas transiciones. La direcci\u00f3n de Ambros Mart\u00edn y la amplitud de recursos ofensivos permitieron abrir brecha progresivamente hasta llegar con una c\u00f3moda ventaja al intermedio.<\/p>\n<p>\u00a0<\/p>\n<p><img loading=\"lazy\" decoding=\"async\" class=\"wp-image-122470 size-full\" title=\"EURO24W Poland vs Spain MAL4564 AM\" src=\"https:\/\/www.europesays.com\/es\/wp-content\/uploads\/2025\/09\/EURO24W_Poland-vs-Spain__MAL4564_AM.webp.webp\" alt=\"EURO24W Poland vs Spain MAL4564 AM\" width=\"1400\" height=\"400\"  \/>Fotograf\u00eda: <strong>Anze Malovrh \u2013 kolektiff<\/strong><\/p>\n<p>\u00a0<\/p>\n<p><strong><img decoding=\"async\" class=\"emoji\" role=\"img\" draggable=\"false\" src=\"https:\/\/s.w.org\/images\/core\/emoji\/16.0.1\/svg\/23f1.svg\" alt=\"\u23f1\ufe0f\"\/> 28\u2032 | 10-17<\/strong><\/p>\n<p>Las Guerreras se van haciendo poco a poco con m\u00e1s ventaja, explotando la defensa y las respuestas r\u00e1pidas en ataque.<\/p>\n<p><strong><img decoding=\"async\" class=\"emoji\" role=\"img\" draggable=\"false\" src=\"https:\/\/s.w.org\/images\/core\/emoji\/16.0.1\/svg\/23f1.svg\" alt=\"\u23f1\ufe0f\"\/> 25\u2032 | 9-15<\/strong><\/p>\n<p><strong>Lyndie Tchaptchet<\/strong> reafirma su poder\u00edo con un golazo desde la l\u00ednea de 6 metros. Tras ella, <strong>Luc\u00eda Prades<\/strong> sigue manteniendo su buen nivel en porter\u00eda.<\/p>\n<p><strong><img decoding=\"async\" class=\"emoji\" role=\"img\" draggable=\"false\" src=\"https:\/\/s.w.org\/images\/core\/emoji\/16.0.1\/svg\/23f1.svg\" alt=\"\u23f1\ufe0f\"\/> 22\u2032 | 9-13<\/strong><\/p>\n<p><strong>Lyndie Tchaptchet<\/strong> consigue un lanzamiento de 7 metros que se encarga de transformar <strong>Ona Vegu\u00e9<\/strong>.<\/p>\n<p><strong><img decoding=\"async\" class=\"emoji\" role=\"img\" draggable=\"false\" src=\"https:\/\/s.w.org\/images\/core\/emoji\/16.0.1\/svg\/23f1.svg\" alt=\"\u23f1\ufe0f\"\/> 20\u2032 | 7-12<\/strong><\/p>\n<p><strong>Ambros Mart\u00edn<\/strong> pide tiempo muerto para pedir m\u00e1s velocidad en las situaciones de ataque.<\/p>\n<p><strong><img decoding=\"async\" class=\"emoji\" role=\"img\" draggable=\"false\" src=\"https:\/\/s.w.org\/images\/core\/emoji\/16.0.1\/svg\/23f1.svg\" alt=\"\u23f1\ufe0f\"\/> 19\u2032 | 7-12<\/strong><\/p>\n<p>Impresionante, <strong>Elba \u00c1lvarez<\/strong> mandando desde el centro y anotando con su cl\u00e1sico gol en penetraci\u00f3n.<\/p>\n<p><strong><img decoding=\"async\" class=\"emoji\" role=\"img\" draggable=\"false\" src=\"https:\/\/s.w.org\/images\/core\/emoji\/16.0.1\/svg\/23f1.svg\" alt=\"\u23f1\ufe0f\"\/> 18\u2032 | 7-11<\/strong><\/p>\n<p><strong>Mar\u00eda Prieto<\/strong> inicia su contador personal nada m\u00e1s entrar en el 40\u00d720.<\/p>\n<p><strong><img decoding=\"async\" class=\"emoji\" role=\"img\" draggable=\"false\" src=\"https:\/\/s.w.org\/images\/core\/emoji\/16.0.1\/svg\/23f1.svg\" alt=\"\u23f1\ufe0f\"\/> 15\u2032 | 7-10<\/strong><\/p>\n<p>Los contraataques benefician a Espa\u00f1a, con dos r\u00e1pidas y f\u00e1ciles anotaciones de <strong>Arcos <\/strong>y <strong>Oppedal<\/strong> que distancian a Espa\u00f1a en el marcador y obligan a Eslovaquia a pedir tiempo muerto.<\/p>\n<p><strong><img decoding=\"async\" class=\"emoji\" role=\"img\" draggable=\"false\" src=\"https:\/\/s.w.org\/images\/core\/emoji\/16.0.1\/svg\/23f1.svg\" alt=\"\u23f1\ufe0f\"\/> 14\u2032 | 6-8<\/strong><\/p>\n<p><strong>Elba \u00c1lvarez<\/strong> asume la posici\u00f3n de central y comienza anotando desde los 7 metros.<\/p>\n<p><strong><img decoding=\"async\" class=\"emoji\" role=\"img\" draggable=\"false\" src=\"https:\/\/s.w.org\/images\/core\/emoji\/16.0.1\/svg\/23f1.svg\" alt=\"\u23f1\ufe0f\"\/> 12\u2032 | 5-7<\/strong><\/p>\n<p><strong>Lysa Tchaptchet<\/strong> demuestra su nivel de Champions anotando otro tanto m\u00e1s.<\/p>\n<p><strong><img decoding=\"async\" class=\"emoji\" role=\"img\" draggable=\"false\" src=\"https:\/\/s.w.org\/images\/core\/emoji\/16.0.1\/svg\/23f1.svg\" alt=\"\u23f1\ufe0f\"\/> 12\u2032 | 5-6<\/strong><\/p>\n<p>Una defensa intensa, profunda y con ayudas, apoyada con Luc\u00eda Prades bajo palos, mantiene a una Espa\u00f1a con dificultades ofensivas.<\/p>\n<p><strong><img decoding=\"async\" class=\"emoji\" role=\"img\" draggable=\"false\" src=\"https:\/\/s.w.org\/images\/core\/emoji\/16.0.1\/svg\/23f1.svg\" alt=\"\u23f1\ufe0f\"\/> 10\u2032 | 4-6<\/strong><\/p>\n<p>La gran <strong>Paula Arcos<\/strong> anota el primero para su cuenta personal.<\/p>\n<p><strong><img decoding=\"async\" class=\"emoji\" role=\"img\" draggable=\"false\" src=\"https:\/\/s.w.org\/images\/core\/emoji\/16.0.1\/svg\/23f1.svg\" alt=\"\u23f1\ufe0f\"\/> 9\u2032 | 4-5<\/strong><\/p>\n<p>Eslovaquia vuelve a colocar el empate, pero la r\u00e1pida respuesta de <strong>Lysa Tchaptchet<\/strong> y el gol de <strong>Alicia Fern\u00e1ndez<\/strong> desde los 7 metros mantienen la ventaja.<\/p>\n<p><strong><img decoding=\"async\" class=\"emoji\" role=\"img\" draggable=\"false\" src=\"https:\/\/s.w.org\/images\/core\/emoji\/16.0.1\/svg\/23f1.svg\" alt=\"\u23f1\ufe0f\"\/> 7\u2032 | 3-4<\/strong><\/p>\n<p><b>Ester Somaza, <\/b>quien entr\u00f3 para sustituir a Danila So Delgado, vuelve a poner ventaja en el electr\u00f3nico.<\/p>\n<p><strong><img decoding=\"async\" class=\"emoji\" role=\"img\" draggable=\"false\" src=\"https:\/\/s.w.org\/images\/core\/emoji\/16.0.1\/svg\/23f1.svg\" alt=\"\u23f1\ufe0f\"\/> 6\u2032 | 3-3<\/strong><\/p>\n<p><strong>Lisa Oppedal<\/strong> empata la contienda desde el extremo izquierdo.<\/p>\n<p><strong><img decoding=\"async\" class=\"emoji\" role=\"img\" draggable=\"false\" src=\"https:\/\/s.w.org\/images\/core\/emoji\/16.0.1\/svg\/23f1.svg\" alt=\"\u23f1\ufe0f\"\/> 5\u2032 | 3-2<\/strong><\/p>\n<p>Tras varios errores de lanzamiento de las de Ambros Mart\u00edn, Eslovaquia anota dos tantos consecutivos y se pone por encima.<\/p>\n<p><strong><img decoding=\"async\" class=\"emoji\" role=\"img\" draggable=\"false\" src=\"https:\/\/s.w.org\/images\/core\/emoji\/16.0.1\/svg\/23f1.svg\" alt=\"\u23f1\ufe0f\"\/> 4\u2032 | 1-2<\/strong><\/p>\n<p>Espa\u00f1a plantea una <strong>defensa 6:0<\/strong> muy intensa y efectiva, pero la porter\u00eda rival responde con contundencia para complicar los goles f\u00e1ciles.<\/p>\n<p><strong><img decoding=\"async\" class=\"emoji\" role=\"img\" draggable=\"false\" src=\"https:\/\/s.w.org\/images\/core\/emoji\/16.0.1\/svg\/23f1.svg\" alt=\"\u23f1\ufe0f\"\/> 2\u2032 | 1-2<\/strong><\/p>\n<p>La gran defensa espa\u00f1ola es quebrada por Eslovaquia para inaugurar su lado del marcador.<\/p>\n<p><strong><img decoding=\"async\" class=\"emoji\" role=\"img\" draggable=\"false\" src=\"https:\/\/s.w.org\/images\/core\/emoji\/16.0.1\/svg\/23f1.svg\" alt=\"\u23f1\ufe0f\"\/> 2\u2032 | 0-2<\/strong><\/p>\n<p>Contraataque de <strong>Paula Agull\u00f3<\/strong> para sumar el m\u00e1s dos.<\/p>\n<p><strong><img decoding=\"async\" class=\"emoji\" role=\"img\" draggable=\"false\" src=\"https:\/\/s.w.org\/images\/core\/emoji\/16.0.1\/svg\/23f1.svg\" alt=\"\u23f1\ufe0f\"\/>\u00a01\u2032 | 0-1<\/strong><\/p>\n<p><strong>Lysa Tchaptchet<\/strong> transforma el primer tanto espa\u00f1ol desde los 6 metros.<\/p>\n<p><strong><img decoding=\"async\" class=\"emoji\" role=\"img\" draggable=\"false\" src=\"https:\/\/s.w.org\/images\/core\/emoji\/16.0.1\/svg\/1f534.svg\" alt=\"\ud83d\udd34\"\/>\u00a00\u2032 | Inicio<\/strong><\/p>\n<p><strong>Eslovaquia<\/strong> pone en juego el primer bal\u00f3n del partido sin \u00e9xito gracias a una parada de<strong> Luc\u00eda Prades<\/strong>.<\/p>\n<p><img loading=\"lazy\" decoding=\"async\" class=\"wp-image-122474 size-full\" title=\"thumbnail 20250918 SVK ESP foto Radovan Stoklasa 019\" src=\"https:\/\/www.europesays.com\/es\/wp-content\/uploads\/2025\/09\/thumbnail_20250918_SVK_ESP_foto_Radovan_Stoklasa_019.webp.webp\" alt=\"thumbnail 20250918 SVK ESP foto Radovan Stoklasa 019\" width=\"1400\" height=\"400\"  \/>Fotograf\u00eda: <strong>Radovan Stoklasa<\/strong><\/p>\n<p>\u00a0<\/p>\n<p><strong>\ud83d\udcfa Streaming | \u00bfD\u00f3nde puedo ver el partido?<\/strong><\/p>\n<p>Recuerda que puedes ver el partido <strong><a href=\"https:\/\/www.stvr.sk\/televizia\/live-2\" rel=\"nofollow noopener\" target=\"_blank\">aqu\u00ed.\u00a0<\/a><\/strong><\/p>\n<p><img loading=\"lazy\" decoding=\"async\" class=\"aligncenter wp-image-122445 size-large\" src=\"https:\/\/www.europesays.com\/es\/wp-content\/uploads\/2025\/09\/Captura-de-pantalla-2025-09-18-183303-1024x585.webp.webp\" alt=\"\" width=\"800\" height=\"457\"  \/><\/p>\n<p>\u00a0<\/p>\n<p>\u00a0<\/p>\n<p>\u00a0<\/p>\n<p><strong>\u270d\ud83c\udffc Previa | Arranca el primer reto de la temporada para las Guerreras<\/strong><\/p>\n<p>Las\u00a0<strong>Guerreras<\/strong>\u00a0ya est\u00e1n listas para volver a la pista. Las pupilas de Ambros Mart\u00edn, bajo una convocatoria renovada, encaran un nuevo reto: doble amistoso ante Eslovaquia.<\/p>\n<p>Tras concentrarse el lunes en la localidad eslovaca de\u00a0<strong>\u0160amor\u00edn,\u00a0<\/strong>la selecci\u00f3n espa\u00f1ola absoluta femenina afronta ma\u00f1ana,\u00a0<strong>jueves 18 de septiembre<\/strong>, su primer compromiso amistosos frente a\u00a0<strong>Eslovaquia<\/strong>, a las\u00a0<strong>18:30h<\/strong>\u00a0en el\u00a0<strong>Zilina City Sports Hall<\/strong>. Dos d\u00edas despu\u00e9s, el<strong>\u00a0s\u00e1bado 20<\/strong>\u00a0a las<strong>\u00a020:00h<\/strong>, disputar\u00e1n el segundo encuentro en el\u00a0<strong>Trencin Sports Hall<\/strong>, completando as\u00ed la actividad internacional.<\/p>\n<p>Los dos partidos representan un test serio en la preparaci\u00f3n hacia el\u00a0<strong>Campeonato del Mundo 2025<\/strong>, que tendr\u00e1 lugar entre el 26 de noviembre al 14 de diciembre. Adem\u00e1s, el 16 de octubre arranca la fase de clasificaci\u00f3n para el<strong>\u00a0Campeonato de Europa 2026<\/strong>, con un primer duelo ante la selecci\u00f3n griega en Puerto Sagunto (Valencia).\u00a0<strong>Ambros Mart\u00edn<\/strong>\u00a0ha dise\u00f1ado para esta primera concentraci\u00f3n una convocatoria que pretende dar forma a un\u00a0<strong>bloque que combina jugadoras consolidadas y nuevas caras con mucha proyecci\u00f3n<\/strong>.<\/p>\n<p>Entre las\u00a0<strong>18 convocadas<\/strong>\u00a0destacan cinco jugadoras con opciones de debutar en la absoluta \u2013\u00a0<strong>Olaia Luzuriaga, Luc\u00eda Prades, Maddi Bengoetxea, Raquel Mor\u00e9 y Bel\u00e9n Rodr\u00edguez<\/strong>\u00a0\u2013, adem\u00e1s del esperado regreso de\u00a0<strong>Lysa Tchaptchet<\/strong>, ausente desde los Juegos Ol\u00edmpicos de Par\u00eds 2024.<\/p>\n<p>La cita tambi\u00e9n quedar\u00e1 marcada por un momento hist\u00f3rico: las hermanas\u00a0<strong>Lyndie y Lysa Tchaptchet<\/strong>\u00a0compartir\u00e1n por primera vez convocatoria con Espa\u00f1a, ambas en la posici\u00f3n de pivote. Tambi\u00e9n es destacable la convocatoria de\u00a0<strong>Bel\u00e9n Rodr\u00edguez<\/strong>, la primera de las jugadoras de la exitosa Generaci\u00f3n 2006\/2007 que se hace con un sitio en el equipo absoluto. Adem\u00e1s,\u00a0<strong>Ester Somaza<\/strong>\u00a0entra en\u00a0<strong>sustituci\u00f3n de Danila So Delgado<\/strong>, quien no podr\u00e1 estar presente en la actividad por una lesi\u00f3n y a quien le deseamos una buena recuperaci\u00f3n.<\/p>\n<p>Tras varias sesiones de trabajo en \u0160amor\u00edn, las\u00a0Guerreras\u00a0llegan al primer amistoso con la intenci\u00f3n de coger ritmo competitivo y reforzar la cohesi\u00f3n del grupo de cara a una temporada clave.<\/p>\n<p>Con juventud, experiencia y la ilusi\u00f3n de seguir creciendo, las\u00a0Guerreras\u00a0vuelven a escena ma\u00f1ana para empezar a escribir el camino hacia los pr\u00f3ximos retos.<\/p>\n<p><img loading=\"lazy\" decoding=\"async\" class=\"wp-image-122387 size-full\" title=\"EURO24W Poland vs Spain MAL4401 AM\" src=\"https:\/\/www.europesays.com\/es\/wp-content\/uploads\/2025\/09\/EURO24W_Poland-vs-Spain__MAL4401_AM.webp.webp\" alt=\"\" width=\"1400\" height=\"400\"  \/>Fotograf\u00eda:<strong> Anze Malovrh \u2013 kolektiff<\/strong><\/p>\n<p>\u00a0<\/p>\n<p><strong>\ud83c\udf99\ufe0f Declaraciones | Ambros Mart\u00edn: \u00abLas jugadoras han llegado con energ\u00eda, chispa y muchas ganas\u00bb<\/strong><\/p>\n<p>El seleccionador nacional,\u00a0<strong>Ambros Mart\u00edn<\/strong>, subraya que esta concentraci\u00f3n en Eslovaquia supone \u201cel arranque del curso internacional y el primer paso en la preparaci\u00f3n del Campeonato del Mundo\u201d.<\/p>\n<p>El t\u00e9cnico destaca la mezcla de juventud y experiencia en la convocatoria: \u201cTenemos jugadoras muy j\u00f3venes que est\u00e1n empujando fuerte y otras que regresan, como Lysa Tchaptchet, lo que siempre es una buena noticia\u201d.<\/p>\n<p>Sobre los amistosos, Mart\u00edn reconoce que el equipo est\u00e1 en fase inicial: \u201cEs pronto para estar a nuestro mejor nivel, pero las jugadoras han llegado con energ\u00eda, chispa y muchas ganas. Queremos aprovechar al m\u00e1ximo estos partidos para probar situaciones de juego y facilitar la adaptaci\u00f3n de las nuevas\u201d.<\/p>\n<p>Finalmente, lament\u00f3 la baja de Danila So Delgado, aunque recalc\u00f3 el potencial del grupo: \u201cCada vez tenemos m\u00e1s jugadoras preparadas para dar un paso adelante, y eso es muy positivo para el presente y el futuro de la selecci\u00f3n\u201d.<\/p>\n<p><img loading=\"lazy\" decoding=\"async\" class=\"wp-image-122388 size-full\" title=\"EURO24W France vs Spain MAL9074 AM\" src=\"https:\/\/www.europesays.com\/es\/wp-content\/uploads\/2025\/09\/EURO24W_France-vs-Spain__MAL9074_AM.webp.webp\" alt=\"\" width=\"1400\" height=\"400\"  \/>Fotograf\u00eda: <strong>Anze Malovrh \u2013 kolektiff<\/strong><\/p>\n<p>\u00a0<\/p>\n<p><strong>\ud83d\udcfa Streaming | \u00bfD\u00f3nde puedo ver el partido?<\/strong><\/p>\n<p>El primer enfrentamiento de las Guerreras ante la selecci\u00f3n de Eslovaquia se podr\u00e1 ver en directo a trav\u00e9s de la televisi\u00f3n local pinchando <a href=\"https:\/\/www.stvr.sk\/televizia\/live-2\" rel=\"nofollow noopener\" target=\"_blank\"><strong>aqu\u00ed<\/strong>.<\/a><\/p>\n<p><img loading=\"lazy\" decoding=\"async\" class=\"wp-image-122394 size-full\" src=\"https:\/\/www.europesays.com\/es\/wp-content\/uploads\/2025\/09\/DSC_5444.webp.webp\" alt=\"\" width=\"1400\" height=\"400\"  \/>Fotograf\u00eda: <strong>J. L. Recio \/RFEBM<\/strong><\/p>\n","protected":false},"excerpt":{"rendered":"\u270d\ud83c\udffc Cr\u00f3nica | Primera victoria del curso para las Guerreras Las Guerreras arrancan con paso firme la temporada&hellip;\n","protected":false},"author":2,"featured_media":124226,"comment_status":"","ping_status":"","sticky":false,"template":"","format":"standard","meta":{"footnotes":""},"categories":[278],"tags":[376,168,25,24,375,23,167],"class_list":{"0":"post-124225","1":"post","2":"type-post","3":"status-publish","4":"format-standard","5":"has-post-thumbnail","7":"category-balonmano","8":"tag-balonmano","9":"tag-deportes","10":"tag-es","11":"tag-espana","12":"tag-handball","13":"tag-spain","14":"tag-sports"},"share_on_mastodon":{"url":"","error":""},"_links":{"self":[{"href":"https:\/\/www.europesays.com\/es\/wp-json\/wp\/v2\/posts\/124225","targetHints":{"allow":["GET"]}}],"collection":[{"href":"https:\/\/www.europesays.com\/es\/wp-json\/wp\/v2\/posts"}],"about":[{"href":"https:\/\/www.europesays.com\/es\/wp-json\/wp\/v2\/types\/post"}],"author":[{"embeddable":true,"href":"https:\/\/www.europesays.com\/es\/wp-json\/wp\/v2\/users\/2"}],"replies":[{"embeddable":true,"href":"https:\/\/www.europesays.com\/es\/wp-json\/wp\/v2\/comments?post=124225"}],"version-history":[{"count":0,"href":"https:\/\/www.europesays.com\/es\/wp-json\/wp\/v2\/posts\/124225\/revisions"}],"wp:featuredmedia":[{"embeddable":true,"href":"https:\/\/www.europesays.com\/es\/wp-json\/wp\/v2\/media\/124226"}],"wp:attachment":[{"href":"https:\/\/www.europesays.com\/es\/wp-json\/wp\/v2\/media?parent=124225"}],"wp:term":[{"taxonomy":"category","embeddable":true,"href":"https:\/\/www.europesays.com\/es\/wp-json\/wp\/v2\/categories?post=124225"},{"taxonomy":"post_tag","embeddable":true,"href":"https:\/\/www.europesays.com\/es\/wp-json\/wp\/v2\/tags?post=124225"}],"curies":[{"name":"wp","href":"https:\/\/api.w.org\/{rel}","templated":true}]}}