{"id":124250,"date":"2025-09-19T02:31:07","date_gmt":"2025-09-19T02:31:07","guid":{"rendered":"https:\/\/www.europesays.com\/es\/124250\/"},"modified":"2025-09-19T02:31:07","modified_gmt":"2025-09-19T02:31:07","slug":"indigenaa-de-ecuador-convocan-a-un-paro-nacional-indefinido","status":"publish","type":"post","link":"https:\/\/www.europesays.com\/es\/124250\/","title":{"rendered":"Ind\u00edgenaa de Ecuador convocan a un \u00abparo nacional indefinido\u00bb"},"content":{"rendered":"<p>La Confederaci\u00f3n de Nacionalidades Ind\u00edgenas del Ecuador (Conaie), la <strong>organizaci\u00f3n social m\u00e1s grande del pa\u00eds<\/strong> andino, ha decidido este jueves convocar a un \u00abparo nacional <strong>inmediato e indefinido<\/strong>\u00bb en rechazo a la <strong>eliminaci\u00f3n del subsidio al di\u00e9sel<\/strong>, que decret\u00f3 el pasado viernes el presidente, Daniel Noboa.<\/p>\n<p>El presidente de la Conaie, Marlon Vargas, ha asegurado a la prensa que hab\u00edan analizado \u00abprofunda y minuciosamente\u00bb la medida anunciada por el Gobierno y que eso los ha empujado a \u00abconvocar a las bases, a las organizaciones sociales y a la sociedad civil al paro nacional\u00bb y a tomar \u00abde manera un\u00e1nime\u00bb otras nueve medidas durante una asamblea extraordinaria realizada en la <strong>ciudad de Riobamba<\/strong>.<\/p>\n<p>El movimiento ind\u00edgena ya lider\u00f3 en 2019 y 2022 protestas masivas cuando los expresidentes<strong> Len\u00edn Moreno<\/strong> (2017-2021) y<strong> Guillermo Lasso <\/strong>(2021-2023) intentaron eliminar los subsidios a los combustibles. En ambas ocasiones, los mandatarios dieron marcha atr\u00e1s y mantuvieron congelados los precios de los carburantes subsidiados.<\/p>\n<p>Noboa asegura que no negociar\u00e1 la medida<\/p>\n<p>El<strong> precio del combustible <\/strong>subi\u00f3 de 1,80 a 2,80 d\u00f3lares (1,53 a 2,38 euros) por gal\u00f3n (3,78 litros). Y ahora, con la eliminaci\u00f3n del subsidio, el Gobierno espera liberar 1.100 millones de d\u00f3lares anuales que, seg\u00fan han anunciado, se destinar\u00e1n a proyectos de protecci\u00f3n social y a incentivos para peque\u00f1as y medianas empresas. <\/p>\n<p>Esta vez, el Ejecutivo ha se\u00f1alado que no <strong>negociar\u00e1 la medida<\/strong> y, de forma preventiva, Noboa ya ha decretado <strong>estado de excepci\u00f3n en siete provincias<\/strong> y toque de queda en cinco ante el anuncio de movilizaciones. Tambi\u00e9n ha advertido <strong>denunciar\u00e1 por \u00abterrorismo\u00bb<\/strong> a quienes presionen a los agricultores con restringir su derecho al agua si se niegan a protestar contra su Gobierno.<\/p>\n<p>Por su parte, Vargas ha argumentado que la eliminaci\u00f3n de ese subsidio \u00ab<strong>encarece el transporte, la producci\u00f3n, los alimentos y la vida <\/strong>de millones de familias ecuatorianas\u00bb, por lo que exig\u00edan la \u00abderogatoria inmediata\u00bb del decreto. Para el presidente de la Conaie, ahora ser\u00e1n las organizaciones en cada uno de los territorios los que empezar\u00e1n a realizar acciones, pero no ha se\u00f1alado si tienen previsto realizar alguna movilizaci\u00f3n en la capital del pa\u00eds.<\/p>\n<p>Estado de excepci\u00f3n comunitaria en territorios ind\u00edgenas <\/p>\n<p>Como respuesta a la medida de Noboa, la Conaie ha decidido \u00abdeclarar el <strong>estado de excepci\u00f3n comunitaria<\/strong> en los territorios de pueblos y nacionalidades en el marco del Estado plurinacional\u00bb, lo que, seg\u00fan Vargas, proh\u00edbe el ingreso de las fuerzas de seguridad a las localidades. \u00abLlamamos a activar a las guardias comunitarias para la protecci\u00f3n de nuestros pueblos\u00bb, ha se\u00f1alado el l\u00edder ind\u00edgena.<\/p>\n<p>La Confederaci\u00f3n ind\u00edgena tambi\u00e9n ha denunciado y rechazado \u00ablas amenazas, represi\u00f3n y persecuci\u00f3n por parte del Gobierno\u00bb y ha se\u00f1alado que se acog\u00edan al derecho a la resistencia. \u00abAlertamos a los organismos internacionales a permanecer vigilantes\u00bb, han se\u00f1alado.<\/p>\n<p>Ajuste fiscal <\/p>\n<p>La decisi\u00f3n del Gobierno forma parte del <strong>paquete de recortes<\/strong> impulsado por Noboa para reducir el <strong>d\u00e9ficit fiscal<\/strong>, que al asumir el poder rondaba los 5.000 millones de d\u00f3lares -equivalentes a cerca del 5% del producto interno bruto (PIB)-, y cumplir con los objetivos acordados con el Fondo Monetario Internacional (FMI), con quien Ecuador mantiene un acuerdo crediticio por 5.000 millones de d\u00f3lares en cuatro a\u00f1os (2024-2028).<\/p>\n<p>Antes de eliminar el subsidio al di\u00e9sel, Noboa ya hab\u00eda retirado el a\u00f1o pasado las subvenciones a las gasolinas Extra y Eco Pa\u00eds, dos combustibles que en ese momento eran los m\u00e1s consumidos en el pa\u00eds. Lo hizo mediante una semiliberalizaci\u00f3n de precios, implementando un sistema de bandas que ha ido alineando progresivamente sus valores con los precios internacionales. A ello tambi\u00e9n se ha agregado recientemente la reducci\u00f3n del Gobierno nacional de 19 a 14 ministerios y el anuncio de despido de alrededor de 5.000 funcionarios.<\/p>\n","protected":false},"excerpt":{"rendered":"La Confederaci\u00f3n de Nacionalidades Ind\u00edgenas del Ecuador (Conaie), la organizaci\u00f3n social m\u00e1s grande del pa\u00eds andino, ha decidido&hellip;\n","protected":false},"author":2,"featured_media":124251,"comment_status":"","ping_status":"","sticky":false,"template":"","format":"standard","meta":{"footnotes":""},"categories":[42],"tags":[17,18,13,14,11,61,62,63,64,19,20,9,10,15,16,12,21,22,65,66,67],"class_list":{"0":"post-124250","1":"post","2":"type-post","3":"status-publish","4":"format-standard","5":"has-post-thumbnail","7":"category-internacional","8":"tag-breaking-news","9":"tag-breakingnews","10":"tag-featured-news","11":"tag-featurednews","12":"tag-headlines","13":"tag-internacional","14":"tag-international","15":"tag-international-news","16":"tag-internationalnews","17":"tag-latest-news","18":"tag-latestnews","19":"tag-news","20":"tag-noticias","21":"tag-noticias-destacadas","22":"tag-noticiasdestacadas","23":"tag-titulares","24":"tag-ultimas-noticias","25":"tag-ultimasnoticias","26":"tag-world","27":"tag-world-news","28":"tag-worldnews"},"share_on_mastodon":{"url":"","error":""},"_links":{"self":[{"href":"https:\/\/www.europesays.com\/es\/wp-json\/wp\/v2\/posts\/124250","targetHints":{"allow":["GET"]}}],"collection":[{"href":"https:\/\/www.europesays.com\/es\/wp-json\/wp\/v2\/posts"}],"about":[{"href":"https:\/\/www.europesays.com\/es\/wp-json\/wp\/v2\/types\/post"}],"author":[{"embeddable":true,"href":"https:\/\/www.europesays.com\/es\/wp-json\/wp\/v2\/users\/2"}],"replies":[{"embeddable":true,"href":"https:\/\/www.europesays.com\/es\/wp-json\/wp\/v2\/comments?post=124250"}],"version-history":[{"count":0,"href":"https:\/\/www.europesays.com\/es\/wp-json\/wp\/v2\/posts\/124250\/revisions"}],"wp:featuredmedia":[{"embeddable":true,"href":"https:\/\/www.europesays.com\/es\/wp-json\/wp\/v2\/media\/124251"}],"wp:attachment":[{"href":"https:\/\/www.europesays.com\/es\/wp-json\/wp\/v2\/media?parent=124250"}],"wp:term":[{"taxonomy":"category","embeddable":true,"href":"https:\/\/www.europesays.com\/es\/wp-json\/wp\/v2\/categories?post=124250"},{"taxonomy":"post_tag","embeddable":true,"href":"https:\/\/www.europesays.com\/es\/wp-json\/wp\/v2\/tags?post=124250"}],"curies":[{"name":"wp","href":"https:\/\/api.w.org\/{rel}","templated":true}]}}