{"id":124260,"date":"2025-09-19T02:39:08","date_gmt":"2025-09-19T02:39:08","guid":{"rendered":"https:\/\/www.europesays.com\/es\/124260\/"},"modified":"2025-09-19T02:39:08","modified_gmt":"2025-09-19T02:39:08","slug":"madrid-abonara-los-350-000-euros-comprometidos-con-lavuelta","status":"publish","type":"post","link":"https:\/\/www.europesays.com\/es\/124260\/","title":{"rendered":"Madrid abonar\u00e1 los 350.000 euros comprometidos con LaVuelta"},"content":{"rendered":"<p data-mrf-recirculation=\"Links P\u00e1rrafos\" class=\"ue-c-article__paragraph paragraph ue-c-article--first-letter-highlighted\">El Ayuntamiento de Madrid cumplir\u00e1 con el pago de los 350.000 euros destinados a la promoci\u00f3n de la ciudad en <strong>LaVuelta Ciclista a Espa\u00f1a<\/strong>, a pesar de que la \u00faltima jornada en la capital no pudo celebrarse por las protestas propalestinas que bloquearon el recorrido y obligaron a suspender la llegada prevista a Cibeles.A<\/p>\n<p data-mrf-recirculation=\"Links P\u00e1rrafos\" class=\"ue-c-article__paragraph paragraph\">El alcalde, <strong>Jos\u00e9 Luis Mart\u00ednez-Almeida<\/strong>, explic\u00f3 este mi\u00e9rcoles que la ciudad no dejar\u00e1 a la organizaci\u00f3n de la ronda en una situaci\u00f3n de riesgo econ\u00f3mico tras los incidentes del domingo. \u201cNo vamos a cargar a la Vuelta con el coste de haber sido v\u00edctima de un boicot y de unas declaraciones pol\u00edticas que agravaron la situaci\u00f3n\u201d, se\u00f1al\u00f3 durante la presentaci\u00f3n de un nuevo sistema de balizas en la M-30.<\/p>\n<p data-mrf-recirculation=\"Links P\u00e1rrafos\" class=\"ue-c-article__paragraph paragraph\">El regidor insisti\u00f3 en que el consistorio garantizar\u00e1 que LaVuelta \u201cno sufra ning\u00fan perjuicio econ\u00f3mico derivado de lo ocurrido\u201d y traslad\u00f3 su respaldo a la prueba. En paralelo, mostr\u00f3 su inquietud respecto a la candidatura de Espa\u00f1a y Marruecos para albergar el Mundial de f\u00fatbol de 2030, y en particular sobre las opciones de que Madrid sea designada sede de la final. <strong>\u201cNo tengo claro que el Gobierno est\u00e9 dispuesto a defender con firmeza esa posibilidad frente a Marruecos. Veremos cu\u00e1l es su postura\u201d, apunt\u00f3.<\/strong><\/p>\n","protected":false},"excerpt":{"rendered":"El Ayuntamiento de Madrid cumplir\u00e1 con el pago de los 350.000 euros destinados a la promoci\u00f3n de la&hellip;\n","protected":false},"author":2,"featured_media":124261,"comment_status":"","ping_status":"","sticky":false,"template":"","format":"standard","meta":{"footnotes":""},"categories":[273],"tags":[313,312,168,25,24,23,167],"class_list":{"0":"post-124260","1":"post","2":"type-post","3":"status-publish","4":"format-standard","5":"has-post-thumbnail","7":"category-ciclismo","8":"tag-ciclismo","9":"tag-cycling","10":"tag-deportes","11":"tag-es","12":"tag-espana","13":"tag-spain","14":"tag-sports"},"share_on_mastodon":{"url":"","error":""},"_links":{"self":[{"href":"https:\/\/www.europesays.com\/es\/wp-json\/wp\/v2\/posts\/124260","targetHints":{"allow":["GET"]}}],"collection":[{"href":"https:\/\/www.europesays.com\/es\/wp-json\/wp\/v2\/posts"}],"about":[{"href":"https:\/\/www.europesays.com\/es\/wp-json\/wp\/v2\/types\/post"}],"author":[{"embeddable":true,"href":"https:\/\/www.europesays.com\/es\/wp-json\/wp\/v2\/users\/2"}],"replies":[{"embeddable":true,"href":"https:\/\/www.europesays.com\/es\/wp-json\/wp\/v2\/comments?post=124260"}],"version-history":[{"count":0,"href":"https:\/\/www.europesays.com\/es\/wp-json\/wp\/v2\/posts\/124260\/revisions"}],"wp:featuredmedia":[{"embeddable":true,"href":"https:\/\/www.europesays.com\/es\/wp-json\/wp\/v2\/media\/124261"}],"wp:attachment":[{"href":"https:\/\/www.europesays.com\/es\/wp-json\/wp\/v2\/media?parent=124260"}],"wp:term":[{"taxonomy":"category","embeddable":true,"href":"https:\/\/www.europesays.com\/es\/wp-json\/wp\/v2\/categories?post=124260"},{"taxonomy":"post_tag","embeddable":true,"href":"https:\/\/www.europesays.com\/es\/wp-json\/wp\/v2\/tags?post=124260"}],"curies":[{"name":"wp","href":"https:\/\/api.w.org\/{rel}","templated":true}]}}