{"id":124270,"date":"2025-09-19T02:44:10","date_gmt":"2025-09-19T02:44:10","guid":{"rendered":"https:\/\/www.europesays.com\/es\/124270\/"},"modified":"2025-09-19T02:44:10","modified_gmt":"2025-09-19T02:44:10","slug":"el-arte-de-juan-mejica-llega-a-los-rincones-de-santo-domingo","status":"publish","type":"post","link":"https:\/\/www.europesays.com\/es\/124270\/","title":{"rendered":"El arte de Juan M\u00e9jica llega a los rincones de Santo Domingo"},"content":{"rendered":"<p>La localidad de <a href=\"https:\/\/www.larioja.com\/comarcas\/santo-domingo\/\" target=\"_blank\" data-voc-vtm-id=\"in-text-traffic\" title=\"Santo Domingo de la Calzada\" data-mrf-link=\"www.larioja.com\" rel=\"nofollow noopener\">Santo Domingo de la Calzada<\/a> cuenta ya en sus calles con una exposici\u00f3n de siete esculturas monumentales del artista Juan M\u00e9jica.<\/p>\n<p class=\"v-p\">Se trata de un proyecto gestionado a trav\u00e9s de la fundaci\u00f3n Juan M\u00e9jica junto al Ayuntamiento de Santo Domingo, \u00abque pretende convertir la ciudad en un museo urbano\u00bb, explicaba durante la presentaci\u00f3n el alcalde Ra\u00fal Ria\u00f1o.<\/p>\n<p class=\"v-p\">Son esculturas que solo han sido presentadas en dos ciudades de menos de 10.000 habitantes. La muestra ha viajado ya por m\u00e1s de 61 ciudades e incluye obras de arte de casi 4 metros de altura y 3 de longitud, llegando a alcanzar alguna de ellas las 5 toneladas. Estar\u00e1n en Santo Domingo hasta el pr\u00f3ximo 16 de enero de 2026.<\/p>\n<p class=\"v-p\">Ra\u00fal Ria\u00f1o record\u00f3 que las esculturas ser\u00e1n disfrutadas por las miles de personas que visitan la ciudad durante el puente de la Inmaculada o Navidad. \u00abApostamos con ella por un museo de arte contempor\u00e1neo en la calle, la cultura es necesaria y en este caso la traemos a la puerta de casa\u00bb, apunt\u00f3.<\/p>\n<p class=\"v-p\">Por su parte, el artista explic\u00f3 que en Santo Domingo hay dos exposiciones diferentes: \u00abLa que est\u00e1 en la catedral, que muestra otro mundo de mi universo y las que han llegado por amistad a esta localidad\u00bb. <\/p>\n<p class=\"v-p\">Las siete piezas est\u00e1n compuestas por una aleaci\u00f3n de acero y cobre que \u00abpretenden representar algo del universo M\u00e9jica. el toro, caballos, el tejo, etc. Lo que ha aportado el arte espa\u00f1ol al arte universal\u00bb, explic\u00f3 el artista durante la presentaci\u00f3n.<\/p>\n","protected":false},"excerpt":{"rendered":"La localidad de Santo Domingo de la Calzada cuenta ya en sus calles con una exposici\u00f3n de siete&hellip;\n","protected":false},"author":2,"featured_media":124271,"comment_status":"","ping_status":"","sticky":false,"template":"","format":"standard","meta":{"footnotes":""},"categories":[173],"tags":[1201,229,233,231,230,40614,232,234,1053,146,147,25,24,409,5012,40613,470,8043,13556,5018,23],"class_list":{"0":"post-124270","1":"post","2":"type-post","3":"status-publish","4":"format-standard","5":"has-post-thumbnail","7":"category-arte-y-diseno","8":"tag-alcalde","9":"tag-arte","10":"tag-arte-y-diseno","11":"tag-arts","12":"tag-arts-and-design","13":"tag-calzada","14":"tag-design","15":"tag-diseno","16":"tag-domingo","17":"tag-entertainment","18":"tag-entretenimiento","19":"tag-es","20":"tag-espana","21":"tag-juan","22":"tag-llega","23":"tag-mejica","24":"tag-museo","25":"tag-rincones","26":"tag-rioja","27":"tag-santo","28":"tag-spain"},"share_on_mastodon":{"url":"","error":""},"_links":{"self":[{"href":"https:\/\/www.europesays.com\/es\/wp-json\/wp\/v2\/posts\/124270","targetHints":{"allow":["GET"]}}],"collection":[{"href":"https:\/\/www.europesays.com\/es\/wp-json\/wp\/v2\/posts"}],"about":[{"href":"https:\/\/www.europesays.com\/es\/wp-json\/wp\/v2\/types\/post"}],"author":[{"embeddable":true,"href":"https:\/\/www.europesays.com\/es\/wp-json\/wp\/v2\/users\/2"}],"replies":[{"embeddable":true,"href":"https:\/\/www.europesays.com\/es\/wp-json\/wp\/v2\/comments?post=124270"}],"version-history":[{"count":0,"href":"https:\/\/www.europesays.com\/es\/wp-json\/wp\/v2\/posts\/124270\/revisions"}],"wp:featuredmedia":[{"embeddable":true,"href":"https:\/\/www.europesays.com\/es\/wp-json\/wp\/v2\/media\/124271"}],"wp:attachment":[{"href":"https:\/\/www.europesays.com\/es\/wp-json\/wp\/v2\/media?parent=124270"}],"wp:term":[{"taxonomy":"category","embeddable":true,"href":"https:\/\/www.europesays.com\/es\/wp-json\/wp\/v2\/categories?post=124270"},{"taxonomy":"post_tag","embeddable":true,"href":"https:\/\/www.europesays.com\/es\/wp-json\/wp\/v2\/tags?post=124270"}],"curies":[{"name":"wp","href":"https:\/\/api.w.org\/{rel}","templated":true}]}}