{"id":124299,"date":"2025-09-19T03:08:20","date_gmt":"2025-09-19T03:08:20","guid":{"rendered":"https:\/\/www.europesays.com\/es\/124299\/"},"modified":"2025-09-19T03:08:20","modified_gmt":"2025-09-19T03:08:20","slug":"los-mejores-libros-chilenos-del-siglo-xxi","status":"publish","type":"post","link":"https:\/\/www.europesays.com\/es\/124299\/","title":{"rendered":"Los mejores libros chilenos del siglo XXI"},"content":{"rendered":"<p><img alt=\"\" class=\"global-image\" decoding=\"async\"  src=\"https:\/\/www.europesays.com\/es\/wp-content\/uploads\/2025\/09\/HZI2RGH36ZG4VM5RC4TIHKGEBY.webp\"  fetchpriority=\"low\" loading=\"lazy\"\/>H\u00e9ctor Soto \u2013 columnista La Tercera<\/p>\n<p class=\"article-body__paragraph\"><b>2666<\/b><b> \u2013 Roberto Bola\u00f1o<\/b><\/p>\n<p class=\"article-body__paragraph\">Posiblemente esta monumental novela de Bola\u00f1o no sea un modelo de equilibrio ni de recato y tampoco de contenci\u00f3n. Pero son justo estos rasgos destemplados lo que la vuelven adictiva y fascinante: su desmesura, su furor narrativo, su incontinencia, su voluntad de ir m\u00e1s lejos y tambi\u00e9n por m\u00e1s. Siempre por m\u00e1s. Es la novela de un escritor que est\u00e1 luchando contra el reloj y que sabe que no tiene tiempo que perder.<\/p>\n<p class=\"article-body__paragraph\"><b>Missing<\/b><b> \u2013 Alberto Fuguet<\/b><\/p>\n<p class=\"article-body__paragraph\">En cierto modo, esta heterog\u00e9nea novela de Alberto Fuguet revisit\u00f3 hace 15 a\u00f1os eso que podr\u00edamos denominar \u201cel orden de las familias\u201d, tal como lo hab\u00eda entrevisto a\u00f1os antes Jorge Edwards es uno de sus mejores cuentos. Con lo que Fuguet se encontr\u00f3 fue con un gran desorden y con un pa\u00eds perdido y reencontrado. Dada la libertad que respiran estas p\u00e1ginas en sus recursos expresivos, y dado tambi\u00e9n el coraje con que se enfrentan los altibajos de los personajes, Missing es de esas novelas donde todo cuenta.<\/p>\n<p class=\"article-body__paragraph\"><b>Correr el tupido velo<\/b><b> \u2013 Pilar Donoso<\/b><\/p>\n<p class=\"article-body__paragraph\">La revisi\u00f3n de los papeles del diario de su padre, el novelista Jos\u00e9 Donoso, su padre adoptivo, debe haber sido una experiencia feroz para Pilar Donoso. Tan feroz que pudo haberla destruido por completo o haberla templado interiormente como mujer y como escritora, que fue lo que afortunadamente ocurri\u00f3. Ella y su padre ya no est\u00e1n. Pero este libro entr\u00f3 por la puerta ancha a lo m\u00e1s perdurable de la literatura chilena y de ah\u00ed nadie lo mover\u00e1.<\/p>\n<p><img alt=\"\" class=\"global-image\" decoding=\"async\"  src=\"https:\/\/www.europesays.com\/es\/wp-content\/uploads\/2025\/09\/WJ4CGNO5NZGTNELQHD5TZ54ADI.jpeg\"  fetchpriority=\"low\" loading=\"lazy\"\/>Evelyn Erlij &#8211; editora revista Palabra P\u00fablica, Universidad de Chile.<\/p>\n<p class=\"article-body__paragraph\"><b>Bons\u00e1i<\/b><b> &#8211; Alejandro Zambra<\/b><\/p>\n<p class=\"article-body__paragraph\">Porque marca tanto un quiebre decisivo con la llamada nueva narrativa, como el inicio de un cambio generacional en la literatura chilena. El libro desaf\u00eda y encanta con una manera distinta de narrar, aunque su importancia no es solo estil\u00edstica: Bons\u00e1i tambi\u00e9n ampli\u00f3 los horizontes \u2013est\u00e9ticos, culturales, de circulaci\u00f3n\u2013 a los que puede aspirar un escritor chileno contempor\u00e1neo<\/p>\n<p class=\"article-body__paragraph\"><b>2666<\/b><b> &#8211; Roberto Bola\u00f1o<\/b><\/p>\n<p class=\"article-body__paragraph\">Es una novela total que hace dialogar la literatura chilena con toda la lengua castellana y, de paso, con la tradici\u00f3n anglosajona. Bola\u00f1o no solo entendi\u00f3 la literatura como forma de vida, sino que logr\u00f3 expandir los l\u00edmites de lo que puede ser una novela latinoamericana en el siglo XXI.<\/p>\n<p class=\"article-body__paragraph\">Adem\u00e1s destaco Tengo miedo torero, de Pedro Lemebel, Poste restante, de Cynthia Rimsky y El sistema del tacto, de Alejandra Costamagna. <\/p>\n<p><img alt=\"\" class=\"global-image\" decoding=\"async\"  src=\"https:\/\/www.europesays.com\/es\/wp-content\/uploads\/2025\/09\/RWJABQAVDZCXLEUSMVBNRBNWMQ.jpeg\"  fetchpriority=\"low\" loading=\"lazy\"\/>Alejandro Jofr\u00e9 \u2013 La Tercera<\/p>\n<p class=\"article-body__paragraph\"><b>Formas de volver a casa<\/b><b> \u2013 Alejandro Zambra<\/b><\/p>\n<p class=\"article-body__paragraph\">Transcurre en Chile en los a\u00f1os ochenta, durante la dictadura de Pinochet, y cuenta la historia de un ni\u00f1o a quien una ni\u00f1a le encarga la tarea de espiar a un hombre. El ni\u00f1o acepta, pero no entiende las piezas del puzle que veinte a\u00f1os despu\u00e9s logra encajar. Es el viaje de retorno a la infancia, el di\u00e1logo entre literatura y familia, cuatro cap\u00edtulos con una brevedad que mezcla contradicciones y supuestos, donde se abrazan lo que pas\u00f3 con lo que podr\u00eda haber pasado o lo que nos dijeron que pas\u00f3. \u201cEscribir es como cuidar un bons\u00e1i \u2014contaba Alejandro Zambra sobre su proyecto literario\u2014: es podar el ramaje hasta hacer visible una forma que ya estaba all\u00ed, agazapada\u201d. A la altura de Formas de volver, la novela que sigui\u00f3 a Bons\u00e1i y La vida privada de los \u00e1rboles, y los poemarios Bah\u00eda in\u00fatil y Mudanza, el proyecto de Zambra se revela como una po\u00e9tica plenamente integrada al lenguaje de la an\u00e9cdota, en un momento consagratorio del narrador. Puede ser uno de los textos m\u00e1s vitales de nuestra literatura.<\/p>\n<p class=\"article-body__paragraph\"><b>Putas asesinas<\/b><b> \u2013 Roberto Bola\u00f1o<\/b><\/p>\n<p class=\"article-body__paragraph\">En la universidad unas m\u00e1quinas enormes e incansables nos daban, por pocos pesos, la literatura que quer\u00edamos: poes\u00eda chilena inencontrable, tibios legajos de Tres (y su inconmensurable \u201cProsa de oto\u00f1o en Gerona\u201d) y el volumen de cuentos Putas asesinas. El Bola\u00f1o del hiato entre Los detectives salvajes y 2666, lo recuerdo como el de los libros queridos y escasos. Es el libro de \u201c\u00daltimos atardeceres sobre la tierra\u201d, el de un autor en plena forma y b\u00fasqueda de sentido en un mundo ca\u00f3tico. En un viaje siempre a la deriva, B \u2014el protagonista del cuento\u2014 drena el veneno de los fantasmas, la experiencia del exiliado y el ajuste de cuentas con el padre. Bola\u00f1o desborda el andamiaje de los propios cuentos, acaso como el taller de sus pr\u00f3ximas novelas, con una narraci\u00f3n omnisciente y siempre luminosa y tibia como las fotocopias y el clima de Acapulco. Est\u00e1n ah\u00ed el aburrimiento, la fragilidad, el desastre, la valent\u00eda, la locura, el desencanto, la oblicuidad de la tragedia, el tratamiento del lenguaje y el talento de una imaginaci\u00f3n sin concesiones.<\/p>\n<p><img alt=\"\" class=\"global-image\" decoding=\"async\"  src=\"https:\/\/www.europesays.com\/es\/wp-content\/uploads\/2025\/09\/ZL7REOKGENBPBFRASHI4HVZK2Q.jpg\"  fetchpriority=\"low\" loading=\"lazy\"\/>Antonella Est\u00e9vez \u2013 periodista<\/p>\n<p class=\"article-body__paragraph\"><b>Las Homicidas<\/b><b> &#8211; Alia Trabucco<\/b><\/p>\n<p class=\"article-body__paragraph\">A medio camino entre el diario de escritura, la investigaci\u00f3n de antecedentes judiciales de casos de mujeres asesinas en el siglo XX y una contundente reflexi\u00f3n sobre la construcci\u00f3n de imaginarios sobre el crimen femenino este notable libro de Alia Trabucco sorprende por su plasticidad, contingencia y poderosos argumentos. <\/p>\n<p class=\"article-body__paragraph\"><b>Voyager <\/b><b>&#8211; Nona Fern\u00e1ndez<\/b><\/p>\n<p class=\"article-body__paragraph\">La autora viene trabajando hace d\u00e9cadas el tema de la memoria, de c\u00f3mo nos cruza, fantasmea y define nuestro presente. En este libro contin\u00faa con esa tem\u00e1tica y le suma el de los discursos con los que nos contruimos, c\u00f3mo queremos ser vistos y recordados, en lo macro y en lo micro. Una belleza<\/p>\n<p class=\"article-body__paragraph\"><b>La hermandad de la Casa Grande<\/b><b> &#8211; Eduardo P\u00e9rez Arroyo<\/b><\/p>\n<p class=\"article-body__paragraph\">Probablemente de las novelas m\u00e1s sorprendentes escritas en Chile en las \u00faltimas d\u00e9cadas. Un libro sobre el juicio del Estado a los brujos de Chilo\u00e9 en 1879, en donde el lector es llevado a un mundo fant\u00e1stico e inquietante a trav\u00e9s de, no s\u00f3lo los hechos que relata, sino de una estructura al mismo tiempo ca\u00f3tica y atrayente.<\/p>\n<p><img alt=\"\" class=\"global-image\" decoding=\"async\"  src=\"https:\/\/www.europesays.com\/es\/wp-content\/uploads\/2025\/09\/Q2Z7LDFQHJANNAIGZGWSFQJJQE.webp\"  fetchpriority=\"low\" loading=\"lazy\"\/>Javier Edwards Renard \u2013 revista Santiago<\/p>\n<p class=\"article-body__paragraph\"><b>Falla Humana<\/b><b> &#8211; Diamela Eltit<\/b><\/p>\n<p class=\"article-body__paragraph\">Porque en cualquier lista de libros del siglo XXI, no puede desconocerse el tit\u00e1nico tama\u00f1o y significado de su obra -ficci\u00f3n y ensayo- desde Lump\u00e9rica a la que hoy destaco, Falla humana, novela en la que Eltit, siguiendo con sus exploraciones sobre el poder y sus estructuras, redefine la est\u00e9tica de su prosa volvi\u00e9ndola m\u00e1s accesible sin dejar de ser profunda, con una elegancia est\u00e9tica que nos hace pensar en la paideia inserta en las tragedias griegas. Diamela Eltit es maestra, probablemente la narradora que m\u00e1s cercana podr\u00eda estar de darnos un tercer Nobel de Literatura, es una escritora cuyos libros ir\u00e1n educando a sus lectores en el complejo entender la trama de lo humano.<\/p>\n<p class=\"article-body__paragraph\"><b>Los a\u00f1os urgentes<\/b><b> &#8211; Ana Mar\u00eda del R\u00edo<\/b><\/p>\n<p class=\"article-body__paragraph\">Obra de una narradora por excelencia de cuentos y novelas que, desde Oxido de Carmen a su m\u00e1s reciente y marat\u00f3nica -aunque no extenuante- \u00faltima novela, la que destaco, la ha llevado a acumular una obra que me lleva a pensarla como un necesario y merecido pr\u00f3ximo Premio Nacional de Literatura -ahora que \u00e9ste ha vuelto a ser anual, lo que es justo y necesario. Si bien Los a\u00f1os urgentes, no es la m\u00e1s precisa de sus obras, es sin duda la m\u00e1s valiente en extensi\u00f3n y en el decido intento de abarcar a fondo sus temas diferenciadores: lo femenino dici\u00e9ndose a s\u00ed mismo, la condici\u00f3n del extra\u00f1o dentro de su tribu original, la decisi\u00f3n de cruzar l\u00edmites y fronteras para defender la libertad en toda su extensa dignidad. <\/p>\n<p class=\"article-body__paragraph\"><b>El verano y toda su ira<\/b><b> &#8211; Gonzalo Contreras<\/b><\/p>\n<p class=\"article-body__paragraph\">Es, tambi\u00e9n, la m\u00e1s reciente novela de quien, probablemente, sea el escritor m\u00e1s representativo de su generaci\u00f3n. Narrador nato, cronista literario y agudo observador social, este autor tiene una obra extensa que, con esta novela, alcanza un punto de madurez, tambi\u00e9n de vigencia, que demuestra que su obra se ha instalado en el canon de lo que debe leerse y una extraordinaria habilidad para explorar la psicolog\u00eda de sus personajes y los contextos sociales en que estos habitan.<\/p>\n<p><img alt=\"\" class=\"global-image\" decoding=\"async\"  src=\"https:\/\/www.europesays.com\/es\/wp-content\/uploads\/2025\/09\/WACFNBLZFNBDFLAOVN4I5JHDEM.jpg\"  fetchpriority=\"low\" loading=\"lazy\"\/>Elena Bahrs \u2013 Librer\u00eda Ulises<\/p>\n<p class=\"article-body__paragraph\"><b>Correr el tupido velo<\/b><b> \u2013 Pilar Donoso<\/b><\/p>\n<p class=\"article-body__paragraph\">Una impresionante biograf\u00eda de Jos\u00e9 Donoso, escrita por Pilar, su hija adoptiva y \u00fanica. Un libro muy pol\u00e9mico, sincero, que entrega secretos sorprendentes de la vida de Donoso. La dif\u00edcil relaci\u00f3n de los padres, los viajes, el autoexilio, y enfrentar lo oculto; descubrir al padre que cre\u00eda conocer y que no era tal, leer los juicios crueles, pero tambi\u00e9n el amor que Donoso dej\u00f3 por escrito respecto a ella y a todos quienes le rodearon. Un libro muy revelador sobre la vida de Donoso, sobre todo lo que est\u00e1 detr\u00e1s de su obra y al mismo tiempo una biograf\u00eda de la familia utilizando los diarios que escribieron Donoso y su mujer a lo largo de toda la vida matrimonial sin que uno leyera el diario del otro. Pilar, la hija, hace un cotejo permanente de estos diarios y los confronta con sus propios recuerdos, y todo eso arroja una enorme luz sobre c\u00f3mo y por qu\u00e9 se gest\u00f3 toda la novel\u00edstica de Donoso. Lo que la llev\u00f3 a pasar por el doloroso proceso de reevaluar su vida y su identidad<\/p>\n<p class=\"article-body__paragraph\"><b>Tengo miedo torero<\/b><b> \u2013 Pedro Lemebel<\/b><\/p>\n<p class=\"article-body__paragraph\">Narra la historia de \u201cLa Loca del Frente\u201d, un personaje homosexual que vive en el Santiago convulso por las protestas contra la dictadura de Augusto Pinochet La trama se centra en su relaci\u00f3n con Carlos, joven militante del <a href=\"https:\/\/www.google.com\/search?sca_esv=549b07bd2c6c9da6&amp;rlz=1C1CHZN_esCL982CL982&amp;cs=0&amp;sxsrf=AE3TifNpiwO0XzRLvIXKOcdcfEdsf2n_aA%3A1750954486699&amp;q=Frente+Patri%C3%B3tico+Manuel+Rodr%C3%ADguez&amp;sa=X&amp;ved=2ahUKEwiNtZ7hvY-OAxWoKbkGHUFRBxsQxccNegQIBBAB&amp;mstk=AUtExfAsEbnq1jCedanJatxQVhDeCtIH1R_KcKc9ldNtXn15Ye1Ja2tRrdQ4FEaCoujRDl57GoRi8BRhcKZxkrugeQsqY-9EbfIkALVTUywO3OQSZ38iB8y4lx6o1WoAt_0Wv1683cKS6SPTpCXmkvQ88snza9u6eD6CiGVKLj6mvcV1gc91wMEGFl1qWeEWuufvTefWhKMZrA8SWDREQ1M1ktK5asdqu0w4cIddhCwoGaRFKrscI92uBDl7GC9p3J-wFQNDebeE4GM-m3s2fUX0tKrt&amp;csui=3\" rel=\"nofollow noopener\" target=\"_blank\">Frente Patri\u00f3tico Manuel Rodr\u00edguez<\/a>, quien participa en el atentado contra Pinochet, del cual se enamora perdidamente. El escenario es un Santiago tumultuoso por las protestas contra la dictadura de Augusto Pinochet durante el a\u00f1o 1986, y la represi\u00f3n de las fuerzas militares y de orden. La Loca, a pesar de su dolor y soledad, se convierte en un personaje entra\u00f1able y testigo de los sue\u00f1os y la desdicha de su \u00e9poca. <\/p>\n<p class=\"article-body__paragraph\"><b>2666<\/b><b> \u2013 Roberto Bola\u00f1o<\/b><\/p>\n<p class=\"article-body__paragraph\">Explora temas como la b\u00fasqueda , la literatura , la violencia y el mal, creando un mundo complejo y enigm\u00e1tico, donde los personajes se cruzan y las historias se entrelazan. 2666 es la uni\u00f3n de cinco novelas magistralmente conectadas por Bola\u00f1o: La parte de los cr\u00edticos, La parte de Amalfitano, La parte de Fate, La parte de los cr\u00edmenes y La parte de Archimboldi. Se narra la historia de un grupo de literatos obsesionados por el misterioso escritor Benno Von Archimboldi quien ha sido nominado al Premio Nobel aunque jam\u00e1s nadie lo ha visto, all\u00ed conocer\u00e1n a Amalfitano quien junto con su hija se establecen en la ciudad, a la que tambi\u00e9n llega el periodista norteamericano Oscar Fate para trasmitir un combate de boxeo, mientras en paralelo se desarrolla sangrientos asesinatos de mujeres y las infructuosas investigaciones de la polic\u00eda, todo esto ocurre en Ciudad Ju\u00e1rez , M\u00e9xico.<\/p>\n<p><img alt=\"\" class=\"global-image\" decoding=\"async\"  src=\"https:\/\/www.europesays.com\/es\/wp-content\/uploads\/2025\/09\/UUHF5ZYANZHULDSJXSRGQWPAPA.jpeg\"  fetchpriority=\"low\" loading=\"lazy\"\/>Sergio Parra \u2013 Librer\u00eda Metales Pesados<\/p>\n<p class=\"article-body__paragraph\"><b>Poeta chileno<\/b><b> \u2013 Alejandro Zambra<\/b><\/p>\n<p class=\"article-body__paragraph\">Ese libro habla de algo que se construy\u00f3 en el siglo XX: la poes\u00eda, el punto de toda la escritura chilena y latinoamericana. Ah\u00ed uno puede ver el mundo de la poes\u00eda, sus poetas y la decadencia de la poes\u00eda en el siglo XXI. Va mostrando c\u00f3mo esos poetas j\u00f3venes van olfateando que ya se cierra un siglo y comienza otro. El v\u00e9rtigo de empezar un siglo nuevo con otros sistemas de escritura, tecnolog\u00edas y el poeta ya deja de perder la ciudad. Por eso quiz\u00e1s este escritor, Gonzalo, que es el padrastro de un chico, viene siendo el hijastro de algo que no sabemos lo que va a ser.<\/p>\n<p class=\"article-body__paragraph\"><b>Correr el tupido velo<\/b><b> \u2013 Pilar Donoso<\/b><\/p>\n<p class=\"article-body__paragraph\">Yo creo que es un libro que todav\u00eda no se percibe la dimensi\u00f3n narrativa, biogr\u00e1fica y de archivo que hay ah\u00ed. Para m\u00ed es uno de los grandes comienzos del siglo XXI.<\/p>\n<p class=\"article-body__paragraph\"><b>Missing <\/b><b>\u2013 Alberto Fuguet<\/b><\/p>\n<p class=\"article-body__paragraph\">Un libro que se sale de la escritura de Fuguet. En el momento que sali\u00f3 caus\u00f3 sorpresa a todos los que sospech\u00e1bamos si Fuguet era un buen escritor o no. Y ese libro confirm\u00f3 que en esa escritura, en ese registro, en ese libro, es un muy buen escritor. Es un libro que rescatar\u00eda.<\/p>\n<p><img alt=\"\" class=\"global-image\" decoding=\"async\"  src=\"https:\/\/www.europesays.com\/es\/wp-content\/uploads\/2025\/09\/Z4XWBB2U2BHZDH7OIWXOETBOZ4.webp\"  fetchpriority=\"low\" loading=\"lazy\"\/>Mar\u00eda Jos\u00e9 Navia \u2013 escritora<\/p>\n<p class=\"article-body__paragraph\"><b>Kramp<\/b><b> &#8211; Mar\u00eda Jos\u00e9 Ferrada<\/b><\/p>\n<p class=\"article-body__paragraph\">Para m\u00ed, Mar\u00eda Jos\u00e9 Ferrada es de las escritoras m\u00e1s interesantes del panorama chileno (e internacional tambi\u00e9n). Tiene una mirada muy particular sobre lo cotidiano, lo que escribe en literatura infantil es magistral, adem\u00e1s de sus novelas, poes\u00eda y ensayos. Es vers\u00e1til y reveladora, escribe en un tono enrarecido. Kramp va creciendo con cada lectura.<\/p>\n<p class=\"article-body__paragraph\"><b>La vida privada de los \u00e1rboles<\/b><b> &#8211; Alejandro Zambra <\/b><\/p>\n<p class=\"article-body__paragraph\">Es el libro de Zambra al que siempre vuelvo.<\/p>\n<p class=\"article-body__paragraph\"><b>2666 <\/b><b>&#8211; Roberto Bola\u00f1o<\/b><\/p>\n<p class=\"article-body__paragraph\">Creo que es, por lejos, el libro m\u00e1s extraordinario publicado en Chile en estos primeros 25 a\u00f1os del siglo XXI. Ambicioso, delirante, profundamente inteligente. Una miniatura perfecta. Implacable en su dolor y en su ternura.<\/p>\n<p class=\"article-body__paragraph\"><b>Mientras dorm\u00edas, cantabas<\/b><b> &#8211; Nayareth Pino Luna<\/b><\/p>\n<p class=\"article-body__paragraph\">De los libros recientes es el que m\u00e1s me ha deslumbrado. Hay una frescura diferente, un manejo del ritmo maravilloso, una historia compleja que se va entrelazando en sus tiempos con maestr\u00eda. Se la recomiendo y regalo a todo el mundo.<\/p>\n<p class=\"article-body__paragraph\">Adem\u00e1s destaco Space Invaders, de Nona Fern\u00e1ndez y La Filial, de Mat\u00edas Celed\u00f3n. Brillantes, cada uno a su manera, y poderosamente originales.<\/p>\n<p><img alt=\"\" class=\"global-image\" decoding=\"async\"  src=\"https:\/\/www.europesays.com\/es\/wp-content\/uploads\/2025\/09\/XHFWT22AE5DOJOO527WXAQQIBQ.jpeg\"  fetchpriority=\"low\" loading=\"lazy\"\/>Pablo Retamal Navarro \u2013 periodista<\/p>\n<p class=\"article-body__paragraph\"><b>Un verdor terrible<\/b><b> &#8211; Benjam\u00edn Labatut <\/b><\/p>\n<p class=\"article-body__paragraph\">Este libro -del 2020- se anota como uno de los registros m\u00e1s originales de nuestra literatura. Es un volumen de cinco narraciones que no se amoldan a ning\u00fan g\u00e9nero literario conocido. A medio camino entre el ensayo, el cuento y la autobiograf\u00eda. Ah\u00ed narra el lado B de la ciencia, c\u00f3mo aquellos genios que tocan el coraz\u00f3n del conocimiento terminan tragados por sus descubrimientos. No importa que Alexander Grothendieck haya renovado la geometr\u00eda, sino c\u00f3mo volvi\u00f3 un eremita en busca de Dios. Esos tormentos internos est\u00e1n narrados de forma \u00e1gil y magistral y le valieron estar en la lista corta del Booker Prize 2021.<\/p>\n<p class=\"article-body__paragraph\"><b>Madre que est\u00e1s en los cielos<\/b><b> \u2013 Pablo Simonetti<\/b><\/p>\n<p class=\"article-body__paragraph\">La mejor novela de Simonetti tiene una premisa muy sencilla: una mujer mayor -Julia Bartolini- escribe sus memorias al enterarse de que tiene c\u00e1ncer terminal. Pero el desarrollo es magn\u00edfico. En ese desgre\u00f1ar de su pasado se enfrenta a las decisiones dolorosas, a las penas, a los conflictos que sacudieron a su familia. Simonetti logr\u00f3 indagar con profundidad en la siquis de Julia y firm\u00f3 una novela contundente y emotiva. Un cl\u00e1sico.<\/p>\n<p class=\"article-body__paragraph\"><b>Space Invaders<\/b><b> &#8211; Nona Fern\u00e1ndez<\/b><\/p>\n<p class=\"article-body__paragraph\">El gran acierto de Space Invaders, es que parece una novela sobre la infancia durante el Chile de los \u201980s&#8230;pero no es una novela sobre la infancia. Parece que es un relato acerca de la cotidianeidad de escolares en un liceo de Santiago centro, pero no lo es. Am\u00e9n de su prosa emotiva y con cierto desparpajo, Nona relata la historia de la peque\u00f1a Estrella Gonz\u00e1lez, quien ve c\u00f3mo hechos que por su edad e intereses podr\u00edan resultarle ajenos, terminan por sacudir su vida. Su padre es carabinero y se ve envuelto en uno de los casos emblem\u00e1ticos de asesinatos pol\u00edticos cometidos por la dictadura. Sin duda, una forma diferente de acercarse a un per\u00edodo de la historia reciente del pa\u00eds, y que cruza de alguna gran parte de la obra de Nona Fern\u00e1ndez. Escrita como una obra de teatro, Space Invaders es un neocl\u00e1sico de las letras chilenas, imperdible.<\/p>\n<p><img alt=\"\" class=\"global-image\" decoding=\"async\"  src=\"https:\/\/www.europesays.com\/es\/wp-content\/uploads\/2025\/09\/XG5Q5JGDWNF7JLL4E7V7JZKVQU.jpg\"  fetchpriority=\"low\" loading=\"lazy\"\/>Catalina Infante \u2013 escritora<\/p>\n<p class=\"article-body__paragraph\"><b>El a\u00f1o en que hablamos con el mar<\/b><b> &#8211; Andr\u00e9s Montero<\/b><\/p>\n<p class=\"article-body__paragraph\">Con una prosa bella y cuidada, esta historia avanza de manera tan fluida, como una marea que arrastra recuerdos, mitos y ternura. Es muy original en su estructura y tono. Un libro que expande los l\u00edmites de lo m\u00e1s tradicional chileno y te hace realmente escuchar las voces del sur de Chile. <\/p>\n<p class=\"article-body__paragraph\"><b>La vida privada de los \u00e1rboles<\/b><b> &#8211; Alejandro Zambra<\/b><\/p>\n<p class=\"article-body__paragraph\">Me gusta porque retrata la fragilidad de los v\u00ednculos, sin perder la ternura. Su delicadeza formal \u2014breve, contenida, luminosa\u2014 deja espacios para que el lector respire y contemple, y eso da calma. En general su literatura siempre nos confirma que lo aparentemente insignificante puede resguardad la esencia de una vida.<\/p>\n<p class=\"article-body__paragraph\"><b>Limpia <\/b><b>&#8211; Alia Trabucco Zeran<\/b><\/p>\n<p class=\"article-body__paragraph\">La escritura es brutal y honesta, sin ornamentos, dispuesta a nombrar la violencia de clase y g\u00e9nero. Ese pulso arriesgado convierte a Limpia en un hito de la narrativa reciente: urgente, descarnada, inc\u00f3moda y necesaria.<\/p>\n","protected":false},"excerpt":{"rendered":"H\u00e9ctor Soto \u2013 columnista La Tercera 2666 \u2013 Roberto Bola\u00f1o Posiblemente esta monumental novela de Bola\u00f1o no sea&hellip;\n","protected":false},"author":2,"featured_media":124300,"comment_status":"","ping_status":"","sticky":false,"template":"","format":"standard","meta":{"footnotes":""},"categories":[172],"tags":[40628,40625,40626,40630,224,40629,146,147,25,24,225,4161,31698,18544,40627,40624,23],"class_list":{"0":"post-124299","1":"post","2":"type-post","3":"status-publish","4":"format-standard","5":"has-post-thumbnail","7":"category-libros","8":"tag-alberto-fuguet","9":"tag-alejandro-zambra","10":"tag-alia-trabucco","11":"tag-benjamin-labatut","12":"tag-books","13":"tag-diamela-eltit","14":"tag-entertainment","15":"tag-entretenimiento","16":"tag-es","17":"tag-espana","18":"tag-libros","19":"tag-libros-culto","20":"tag-nona-fernandez","21":"tag-pedro-lemebel","22":"tag-pilar-donoso","23":"tag-roberto-bolano","24":"tag-spain"},"share_on_mastodon":{"url":"","error":""},"_links":{"self":[{"href":"https:\/\/www.europesays.com\/es\/wp-json\/wp\/v2\/posts\/124299","targetHints":{"allow":["GET"]}}],"collection":[{"href":"https:\/\/www.europesays.com\/es\/wp-json\/wp\/v2\/posts"}],"about":[{"href":"https:\/\/www.europesays.com\/es\/wp-json\/wp\/v2\/types\/post"}],"author":[{"embeddable":true,"href":"https:\/\/www.europesays.com\/es\/wp-json\/wp\/v2\/users\/2"}],"replies":[{"embeddable":true,"href":"https:\/\/www.europesays.com\/es\/wp-json\/wp\/v2\/comments?post=124299"}],"version-history":[{"count":0,"href":"https:\/\/www.europesays.com\/es\/wp-json\/wp\/v2\/posts\/124299\/revisions"}],"wp:featuredmedia":[{"embeddable":true,"href":"https:\/\/www.europesays.com\/es\/wp-json\/wp\/v2\/media\/124300"}],"wp:attachment":[{"href":"https:\/\/www.europesays.com\/es\/wp-json\/wp\/v2\/media?parent=124299"}],"wp:term":[{"taxonomy":"category","embeddable":true,"href":"https:\/\/www.europesays.com\/es\/wp-json\/wp\/v2\/categories?post=124299"},{"taxonomy":"post_tag","embeddable":true,"href":"https:\/\/www.europesays.com\/es\/wp-json\/wp\/v2\/tags?post=124299"}],"curies":[{"name":"wp","href":"https:\/\/api.w.org\/{rel}","templated":true}]}}