{"id":124311,"date":"2025-09-19T03:18:08","date_gmt":"2025-09-19T03:18:08","guid":{"rendered":"https:\/\/www.europesays.com\/es\/124311\/"},"modified":"2025-09-19T03:18:08","modified_gmt":"2025-09-19T03:18:08","slug":"miles-de-personas-recorren-la-calle-bravo-murillo-convocadas-por-asociaciones-vecinales-al-grito-de-stop-genicidio","status":"publish","type":"post","link":"https:\/\/www.europesays.com\/es\/124311\/","title":{"rendered":"Miles de personas recorren la calle Bravo Murillo convocadas por asociaciones vecinales al grito de \u00abstop genicidio\u00bb"},"content":{"rendered":"<p class=\"article-text\">\n        Durante las \u00faltimas semanas, la bola de nieve de oposici\u00f3n al genocidio en Palestina est\u00e1 creciendo y cristalizando en numerosas movilizaciones ciudadanas. Despu\u00e9s de la presencia de activistas pro palestinos en todas las etapas de la Vuelta a Espa\u00f1a \u2013que <a href=\"https:\/\/www.eldiario.es\/madrid\/somos\/miles-manifestantes-propalestina-cortan-gran-via-madrid-llegada-peloton-vuelta-espana_1_12602190.html\" data-mrf-recirculation=\"links-noticia\" class=\"link\" rel=\"nofollow noopener\" target=\"_blank\">no pudo terminar en Madrid <\/a>el pasado domingo por la presencia de miles de manifestantes en la ciudad\u2013 se siguen conociendo convocatorias de apoyo que en las \u00faltimas horas han incluido la lectura de nombres ni\u00f1os asesinados o un manifiesto de centros de ense\u00f1anza p\u00fablica contra el <a href=\"https:\/\/www.eldiario.es\/madrid\/politica\/gobierno-ayuso-veta-simbolos-actividades-apoyo-palestina-centros-educativos_1_12609002.html\" data-mrf-recirculation=\"links-noticia\" class=\"link\" rel=\"nofollow noopener\" target=\"_blank\">intento de vetar s\u00edmbolos palestinos<\/a> de la Comunidad de Madrid, entre otros.\n    <\/p>\n<p class=\"article-text\">\n        Este jueves, 18 de septiembre, ha transcurrido por la calle de Bravo Murillo (en su tramo perteneciente al distrito de Tetu\u00e1n) una manifestaci\u00f3n convocada por varias asociaciones vecinales: la Asociaci\u00f3n Vecinal Cuatro Caminos-Tetu\u00e1n, la Asociaci\u00f3n Vecinal Ventilla-Almenara y Espacio Bellas Vistas. A ellas las han acompa\u00f1ado asociaciones como CEAR, asociaciones de familias de colegios del distrito y colectivos por la vivienda. La convocatoria ha conseguido tambi\u00e9n la adhesi\u00f3n de diferentes sindicatos, como CGT, STEM, o MATS, entre otros, en el marco de la Jornada de lucha por el pueblo palestino y la Global Sumud Flotilla.\n    <\/p>\n<blockquote class=\"bluesky-embed\" data-bluesky-uri=\"\"\/>\n<p class=\"article-text\">\n        La manifestaci\u00f3n, \u201ccontra el genocidio en Gaza\u201d, se anunciaba hace semanas en redes y en la calle con un cartel alusivo al Guernica de Picasso y a los colores de la bandera palestina. La cita era a las 19 h. en el 357 de la calle de Bravo Murillo (a la altura de la Junta Municipal, donde a esas horas estaba reunido el Pleno) y el punto de llegada la glorieta de los Cuatro Caminos.\n    <\/p>\n<p class=\"article-text\">\n        La cabecera de la manifestaci\u00f3n transcurri\u00f3 detr\u00e1s de una pancarta manufacturada, portada por miembros de los colectivos convocantes, donde se pod\u00eda leer (en colores blanco, negro y rojo) \u201cstop genocidio\u201d. Delante de la misma iba, con su silla de ruedas y su inseparable meg\u00e1fono, Luis Arribas, presidente de la vecinal Ventilla-Almenara. Detr\u00e1s de la pancarta de cabecera, numerosas banderas palestinas ondeando sobre las cabezas de miles de manifestantes La manifestaci\u00f3n ha resultado m\u00e1s concurrida de lo habitual en las convocatorias de car\u00e1cter barrial, convirti\u00e9ndose en una de las citas del movmiento de apoyo a Palestina de esta semana.\n    <\/p>\n<p class=\"article-text\">\n        Al llegar a la glorieta de los Cuatro Caminos, en torno a las ocho, algunos manifestantes han trasladado la pancarta de cabecera a la puertas de un supermercado Carrefour, objeto de boicot internacional por parte del movimiento Boicot, Desinversiones y Sanciones por considerar que apoya al Estado de Israel.\n    <\/p>\n<p>    <a href=\"https:\/\/www.eldiario.es\/madrid\/somos\/rivas\/rivas-desafia-censura-ayuso-actividades-palestina-pide-sigan-colegios-municipales_1_12613728.html\" data-mrf-recirculation=\"saber-mas-abajo\" data-dl-event=\"saber-mas-abajo\" rel=\"nofollow noopener\" target=\"_blank\"><\/p>\n<p class=\"know-more__title\">Rivas desaf\u00eda la \u201ccensura\u201d de Ayuso con las actividades sobre Palestina y pide que sigan en sus colegios por ser \u201cmunicipales\u201d <\/p>\n<p>            <img decoding=\"async\" class=\"lazy\" loading=\"lazy\" data-src=\"https:\/\/static.eldiario.es\/clip\/4e02bc09-ce63-4b77-9384-c4d2572bc1ea_16-9-aspect-ratio_default_0.jpg\" src=\"data:image\/svg+xml,%3Csvg xmlns=\" http:=\"\" viewbox=\"0 0 880 495\" alt=\"Rivas desaf\u00eda la &quot;censura&quot; de Ayuso con las actividades sobre Palestina y pide que sigan en sus colegios por ser &quot;municipales&quot;\"\/><\/p>\n<p>                        <\/a><\/p>\n<p class=\"article-text\">\n        La bola de nieve parece seguir rodando. El pr\u00f3ximo 2 de octubre est\u00e1 prevista una huelga educativa por Palestina y 4 del mismo mes habr\u00e1 una convocatoria de \u00e1mbito m\u00e1s global, que transcurrir\u00e1 entre Atocha y Callao bajo el lema \u201cfin al comercio de armas y a las relaciones con Israel\u201d. Son incontables los colegios que est\u00e1n manufacturando sand\u00edas y las concentraciones no son ya necesariamente centralizadas. A veces, que la rabia vaya \u201cpor barrios\u201d, lejos de separar, ayuda a sumar.\n    <\/p>\n<p class=\"article-text\">Recibe las noticias m\u00e1s importantes de Madrid con un bolet\u00edn escrito para ti, todos los viernes en tu correo. <a href=\"https:\/\/www.eldiario.es\/madrid\/somos\/boletin\/\" rel=\"nofollow noopener\" target=\"_blank\">Ap\u00fantate aqu\u00ed<\/a> y rec\u00edbelas junto a los mejores planes para el fin de semana. Tambi\u00e9n puedes seguirnos desde tu red social preferida, en <a href=\"https:\/\/www.facebook.com\/SomosTetuan\/\" target=\"_blank\" rel=\"nofollow noopener\">Facebook<\/a> o <a href=\"https:\/\/bsky.app\/profile\/somostetuan.bsky.social\/\" target=\"_blank\" rel=\"nofollow noopener\">Bluesky<\/a><\/p>\n","protected":false},"excerpt":{"rendered":"Durante las \u00faltimas semanas, la bola de nieve de oposici\u00f3n al genocidio en Palestina est\u00e1 creciendo y cristalizando&hellip;\n","protected":false},"author":2,"featured_media":124312,"comment_status":"","ping_status":"","sticky":false,"template":"","format":"standard","meta":{"footnotes":""},"categories":[8],"tags":[36009,4471,17,18,10872,10604,25,24,13,14,40632,12474,11,19,20,5559,35434,9,10,15,16,3477,37901,23,32333,12,21,22,40631],"class_list":{"0":"post-124311","1":"post","2":"type-post","3":"status-publish","4":"format-standard","5":"has-post-thumbnail","7":"category-espana","8":"tag-asociaciones","9":"tag-bravo","10":"tag-breaking-news","11":"tag-breakingnews","12":"tag-calle","13":"tag-convocados","14":"tag-es","15":"tag-espana","16":"tag-featured-news","17":"tag-featurednews","18":"tag-genicidio","19":"tag-grito","20":"tag-headlines","21":"tag-latest-news","22":"tag-latestnews","23":"tag-miles","24":"tag-murillo","25":"tag-news","26":"tag-noticias","27":"tag-noticias-destacadas","28":"tag-noticiasdestacadas","29":"tag-personas","30":"tag-recorren","31":"tag-spain","32":"tag-stop","33":"tag-titulares","34":"tag-ultimas-noticias","35":"tag-ultimasnoticias","36":"tag-vecinales"},"share_on_mastodon":{"url":"","error":""},"_links":{"self":[{"href":"https:\/\/www.europesays.com\/es\/wp-json\/wp\/v2\/posts\/124311","targetHints":{"allow":["GET"]}}],"collection":[{"href":"https:\/\/www.europesays.com\/es\/wp-json\/wp\/v2\/posts"}],"about":[{"href":"https:\/\/www.europesays.com\/es\/wp-json\/wp\/v2\/types\/post"}],"author":[{"embeddable":true,"href":"https:\/\/www.europesays.com\/es\/wp-json\/wp\/v2\/users\/2"}],"replies":[{"embeddable":true,"href":"https:\/\/www.europesays.com\/es\/wp-json\/wp\/v2\/comments?post=124311"}],"version-history":[{"count":0,"href":"https:\/\/www.europesays.com\/es\/wp-json\/wp\/v2\/posts\/124311\/revisions"}],"wp:featuredmedia":[{"embeddable":true,"href":"https:\/\/www.europesays.com\/es\/wp-json\/wp\/v2\/media\/124312"}],"wp:attachment":[{"href":"https:\/\/www.europesays.com\/es\/wp-json\/wp\/v2\/media?parent=124311"}],"wp:term":[{"taxonomy":"category","embeddable":true,"href":"https:\/\/www.europesays.com\/es\/wp-json\/wp\/v2\/categories?post=124311"},{"taxonomy":"post_tag","embeddable":true,"href":"https:\/\/www.europesays.com\/es\/wp-json\/wp\/v2\/tags?post=124311"}],"curies":[{"name":"wp","href":"https:\/\/api.w.org\/{rel}","templated":true}]}}