{"id":124315,"date":"2025-09-19T03:21:09","date_gmt":"2025-09-19T03:21:09","guid":{"rendered":"https:\/\/www.europesays.com\/es\/124315\/"},"modified":"2025-09-19T03:21:09","modified_gmt":"2025-09-19T03:21:09","slug":"toros-penas-y-verbenas-por-san-miguel-y-san-jeronimo","status":"publish","type":"post","link":"https:\/\/www.europesays.com\/es\/124315\/","title":{"rendered":"Toros, pe\u00f1as y verbenas por San Miguel y San Jer\u00f3nimo"},"content":{"rendered":"<p>Los d\u00edas de alegr\u00eda y de tradici\u00f3n llegan a Olmedo. Calles, plazas y bares son espacios en los que compartir buenos ratos que se atesorar\u00e1n en la memoria. Amigos y familia se re\u00fanen para comenzar ya las Fiestas de San Miguel y San Jer\u00f3nimo. Las pe\u00f1as tienen todo preparado para iniciar los festejos que este a\u00f1o cuenta con un programa extenso de actividades. Este mismo viernes se proclamar\u00e1n las reinas y se realizar\u00e1 el preg\u00f3n por parte de la sommelier Silvia Ortu\u00f1ez Sastre. Pero no ser\u00e1 hasta la pr\u00f3xima semana cuando se inicien los encierros al estilo de la villa.\u00a0<\/p>\n<p>Son un total de cinco y el primero de ellos se desarrollar\u00e1 el jueves 25 a las 17.30 horas con toros de Jos\u00e9 Samuel Pereira Lupi. El segundo, al d\u00eda siguiente y a la misma hora, ser\u00e1 con ganado de Francisco Galache.<br \/>No obstante, los encierros al estilo de la villa continuar\u00e1n el s\u00e1bado y el domingo a las 11.00 horas con toros de Fernando Pereira Palha y de S\u00e1nchez Urbina, respectivamente. El \u00faltimo de los encierros ser\u00e1 ya en octubre, en concreto, el viernes 10 de ese mes a las 17.30 horas de la mano de la ganader\u00eda Toropasi\u00f3n.\u00a0<\/p>\n<p>Adem\u00e1s, hay suelta de vacas, encierros urbanos, un concurso de cortes el s\u00e1bado 27 y un festival taurino mixto sin picadores con cinco novillos para el rejoneador Sergio Dom\u00ednguez; dos para el novillero \u00c1lvaro Serrano, que fue triunfador del circuito de novilladas de la Comunidad de Madrid; y uno para el novillero revelaci\u00f3n Pedro Caminero.\u00a0<\/p>\n<p><strong>La m\u00fasica<\/strong><\/p>\n<p>Pero una fiesta no lo es si no tiene y en Olmedo van a contar con actuaciones de todo tipo, como las que ofrecer\u00e1n diferentes orquestas cada noche para las verbenas que disfrutar\u00e1n todos. Una de ellas es Clan Zero de Le\u00f3n que cuenta con once artistas y una gran producci\u00f3n t\u00e9cnica. Tambi\u00e9n actuar\u00e1 Benito Kamelas, Versvs o Los Tristes Charanga Rock. Adem\u00e1s, habr\u00e1 DJ y discomovidas.\u00a0<\/p>\n<p>El certamen infantil y de adultos de pintura r\u00e1pida \u00a0de este s\u00e1bado y domingo y la carrera de autoslocos de este s\u00e1bado son otras de las actividades que se organizan para estas fiestas. La procesi\u00f3n por San Miguel es el lunes 29 y la misa por San Jer\u00f3nimo, el martes 30.\u00a0<\/p>\n","protected":false},"excerpt":{"rendered":"Los d\u00edas de alegr\u00eda y de tradici\u00f3n llegan a Olmedo. Calles, plazas y bares son espacios en los&hellip;\n","protected":false},"author":2,"featured_media":124316,"comment_status":"","ping_status":"","sticky":false,"template":"","format":"standard","meta":{"footnotes":""},"categories":[277],"tags":[373,1467,168,1309,25,24,1949,4108,205,40634,7087,23,167,625,374,444,1520],"class_list":{"0":"post-124315","1":"post","2":"type-post","3":"status-publish","4":"format-standard","5":"has-post-thumbnail","7":"category-toreo","8":"tag-bullfighting","9":"tag-comunidad-de-madrid","10":"tag-deportes","11":"tag-encierro","12":"tag-es","13":"tag-espana","14":"tag-ganaderia","15":"tag-leon","16":"tag-madrid","17":"tag-olmedo","18":"tag-semana-santa","19":"tag-spain","20":"tag-sports","21":"tag-tauromaquia","22":"tag-toreo","23":"tag-toros","24":"tag-verbenas"},"share_on_mastodon":{"url":"","error":""},"_links":{"self":[{"href":"https:\/\/www.europesays.com\/es\/wp-json\/wp\/v2\/posts\/124315","targetHints":{"allow":["GET"]}}],"collection":[{"href":"https:\/\/www.europesays.com\/es\/wp-json\/wp\/v2\/posts"}],"about":[{"href":"https:\/\/www.europesays.com\/es\/wp-json\/wp\/v2\/types\/post"}],"author":[{"embeddable":true,"href":"https:\/\/www.europesays.com\/es\/wp-json\/wp\/v2\/users\/2"}],"replies":[{"embeddable":true,"href":"https:\/\/www.europesays.com\/es\/wp-json\/wp\/v2\/comments?post=124315"}],"version-history":[{"count":0,"href":"https:\/\/www.europesays.com\/es\/wp-json\/wp\/v2\/posts\/124315\/revisions"}],"wp:featuredmedia":[{"embeddable":true,"href":"https:\/\/www.europesays.com\/es\/wp-json\/wp\/v2\/media\/124316"}],"wp:attachment":[{"href":"https:\/\/www.europesays.com\/es\/wp-json\/wp\/v2\/media?parent=124315"}],"wp:term":[{"taxonomy":"category","embeddable":true,"href":"https:\/\/www.europesays.com\/es\/wp-json\/wp\/v2\/categories?post=124315"},{"taxonomy":"post_tag","embeddable":true,"href":"https:\/\/www.europesays.com\/es\/wp-json\/wp\/v2\/tags?post=124315"}],"curies":[{"name":"wp","href":"https:\/\/api.w.org\/{rel}","templated":true}]}}