{"id":124317,"date":"2025-09-19T03:25:15","date_gmt":"2025-09-19T03:25:15","guid":{"rendered":"https:\/\/www.europesays.com\/es\/124317\/"},"modified":"2025-09-19T03:25:15","modified_gmt":"2025-09-19T03:25:15","slug":"lista-de-paises-participantes-cuando-comienza-y-fechas-clave","status":"publish","type":"post","link":"https:\/\/www.europesays.com\/es\/124317\/","title":{"rendered":"lista de pa\u00edses participantes, cu\u00e1ndo comienza y fechas clave"},"content":{"rendered":"\n<p> El ciclismo mundial se prepara para vivir un momento hist\u00f3rico. Del 21 al 28 de septiembre de 2025, la ciudad de <a href=\"https:\/\/www.elconfidencial.com\/mundo\/2024-03-14\/kigali-la-zurich-de-africa-con-gente-mileurista_3848104\/\" target=\"_self\" rel=\"nofollow noopener\">Kigali (Ruanda)<\/a> se convertir\u00e1 en el epicentro de este deporte al<strong> albergar por primera vez el Campeonato del Mundo de Ciclismo en Ruta UCI <\/strong>en territorio africano. Una cita que reunir\u00e1 a los mejores corredores del planeta y que promete una de las ediciones m\u00e1s exigentes de los \u00faltimos a\u00f1os. <\/p>\n<p> La competici\u00f3n<strong> arrancar\u00e1 el domingo 21 de septiembre con las contrarrelojes \u00e9lite femenina y masculina<\/strong>, que dar\u00e1n el pistoletazo de salida a ocho d\u00edas de puro espect\u00e1culo. A partir de ah\u00ed, se suceder\u00e1n las pruebas en todas las categor\u00edas: <a href=\"https:\/\/www.elconfidencial.com\/deportes\/ciclismo\/2025-07-01\/cuando-empieza-el-tour-de-francia-2025_4163539\/\" target=\"_self\" rel=\"nofollow noopener\">sub-23, junior y la esperada contrarreloj mixta por equipos<\/a> del d\u00eda 24. El fin de semana ser\u00e1 el turno de las pruebas en ruta: el s\u00e1bado 27 se disputar\u00e1 la carrera \u00e9lite femenina y el domingo 28 cerrar\u00e1 el Mundial con la gran batalla de la \u00e9lite masculina, sobre un recorrido de 267,5 kil\u00f3metros y m\u00e1s de 5.000 metros de desnivel acumulado. El Muro de Kigali, con rampas del 11%, ser\u00e1 uno de los puntos m\u00e1s decisivos. <\/p>\n<p> La lista de selecciones confirmadas es amplia y de gran nivel. Entre ellas destacan <strong>Espa\u00f1a<\/strong>, con su bloque habitual de ciclistas de primera como<strong> Juan Ayuso <\/strong>o <strong>Mavi Garc\u00eda<\/strong> entre otros; <strong>Eslovenia<\/strong>, que llega con un equipo de lujo encabezado por <strong>Tadej Pogacar<\/strong>, acompa\u00f1ado por Primoz Roglic, Matej Mohoric y Luka Mezgec; B\u00e9lgica, con Remco Evenepoel como referente en la contrarreloj junto a Benoot, Campenaerts o Van Wilder; y <strong>Francia<\/strong>, que contar\u00e1 con figuras como Julian Alaphilippe y Pauline Ferrand-Pr\u00e9vot en el combinado femenino. Tambi\u00e9n sobresalen <strong>Italia<\/strong>, con Bagioli, Cattaneo y Fortunato; <strong>Alemania<\/strong>, con ciclistas como Schachmann o Zimmermann; y <strong>Australia<\/strong>, liderada por Hindley y Matthews. <\/p>\n<p> El continente sudamericano tendr\u00e1 representaci\u00f3n con <strong>Colombia<\/strong>, donde destaca Egan Bernal, y Ecuador, con Richard Carapaz como gran referente. <strong>Dinamarca<\/strong> llevar\u00e1 a Skjelmose y Honor\u00e9, mientras que los <strong>Pa\u00edses Bajos<\/strong> acudir\u00e1n con estrellas como Marianne Vos, Demi Vollering o Thymen Arensman. <strong>Eritrea<\/strong> contar\u00e1 con el carism\u00e1tico Biniam Girmay, s\u00edmbolo del ciclismo africano, y <strong>Estados Unidos<\/strong> apostar\u00e1 por Chloe Dygert en el equipo femenino y talentos como Sheffield y Simmons en el masculino. <strong>Suiza<\/strong>, con Stefan K\u00fcng y Marc Hirschi, as\u00ed como <strong>Noruega, Gran Breta\u00f1a, Portugal, Luxemburgo, Suecia y Nueva Zelanda<\/strong> completan la lista de combinados confirmados. <\/p>\n<p>              <img decoding=\"async\" class=\"inTextNews__img\" alt=\"Foto: vuelta-espana-csd-uci-uribes-carta-disturbios\" src=\"https:\/\/www.europesays.com\/es\/wp-content\/uploads\/2025\/09\/f.elconfidencial.com\/original\/9ca\/ba3\/a80\/9caba3a808459cae0e5648b470655930.jpg\"  \/>     <\/p>\n<p>TE PUEDE INTERESAR<\/p>\n<p>      <a class=\"inTextNews__title\" href=\"https:\/\/www.elconfidencial.com\/deportes\/ciclismo\/2025-09-16\/vuelta-espana-csd-uci-uribes-carta-disturbios_4209832\/\" onclick=\"window.ECCO.emit(&#039;amplitude&#039;, { dataEventName: &#039;click_related_article_module&#039;, data: { related_article_url: &#039;https:\/\/www.elconfidencial.com\/deportes\/ciclismo\/2025-09-16\/vuelta-espana-csd-uci-uribes-carta-disturbios_4209832\/&#039;, related_article_author: &#039;Rub\u00e9n Rodr\u00edguez&#039;, related_article_section: &#039;ciclismo&#039; } })\" rel=\"nofollow noopener\" target=\"_blank\"> El CSD responde a la UCI por la Vuelta: \u00abEn Espa\u00f1a, hacemos bien las cosas, con \u00e9xito y seguridad\u00bb <\/a>   <\/p>\n<p>    Rub\u00e9n Rodr\u00edguez   <\/p>\n<p> El gran atractivo deportivo estar\u00e1 en<strong> el choque de titanes entre Tadej Pogacar, defensor del maillot arco\u00edris, y Remco Evenepoel<\/strong>, especialista en contrarreloj y dos veces campe\u00f3n del mundo en esta modalidad. El recorrido, plagado de rampas y sin apenas un metro llano, se presenta ideal para escaladores y rodadores todoterreno, lo que anticipa una lucha intensa hasta la meta en Kigali. <\/p>\n<p> Los aficionados podr\u00e1n seguir las pruebas a trav\u00e9s de Eurosport y MAX, <strong>adem\u00e1s de la cobertura en <\/strong><strong>RTVE <\/strong><strong>(<\/strong><strong>Teledeporte <\/strong><strong>y <\/strong><strong>RTVE Play<\/strong><strong>)<\/strong>, que ofrecer\u00e1 en directo los momentos clave de esta cita hist\u00f3rica.  <\/p>\n<p> El ciclismo mundial se prepara para vivir un momento hist\u00f3rico. Del 21 al 28 de septiembre de 2025, la ciudad de <a href=\"https:\/\/www.elconfidencial.com\/mundo\/2024-03-14\/kigali-la-zurich-de-africa-con-gente-mileurista_3848104\/\" target=\"_self\" rel=\"nofollow noopener\">Kigali (Ruanda)<\/a> se convertir\u00e1 en el epicentro de este deporte al<strong> albergar por primera vez el Campeonato del Mundo de Ciclismo en Ruta UCI <\/strong>en territorio africano. Una cita que reunir\u00e1 a los mejores corredores del planeta y que promete una de las ediciones m\u00e1s exigentes de los \u00faltimos a\u00f1os. <\/p>\n","protected":false},"excerpt":{"rendered":"El ciclismo mundial se prepara para vivir un momento hist\u00f3rico. Del 21 al 28 de septiembre de 2025,&hellip;\n","protected":false},"author":2,"featured_media":124318,"comment_status":"","ping_status":"","sticky":false,"template":"","format":"standard","meta":{"footnotes":""},"categories":[273],"tags":[313,312,168,25,24,23,167],"class_list":{"0":"post-124317","1":"post","2":"type-post","3":"status-publish","4":"format-standard","5":"has-post-thumbnail","7":"category-ciclismo","8":"tag-ciclismo","9":"tag-cycling","10":"tag-deportes","11":"tag-es","12":"tag-espana","13":"tag-spain","14":"tag-sports"},"share_on_mastodon":{"url":"","error":""},"_links":{"self":[{"href":"https:\/\/www.europesays.com\/es\/wp-json\/wp\/v2\/posts\/124317","targetHints":{"allow":["GET"]}}],"collection":[{"href":"https:\/\/www.europesays.com\/es\/wp-json\/wp\/v2\/posts"}],"about":[{"href":"https:\/\/www.europesays.com\/es\/wp-json\/wp\/v2\/types\/post"}],"author":[{"embeddable":true,"href":"https:\/\/www.europesays.com\/es\/wp-json\/wp\/v2\/users\/2"}],"replies":[{"embeddable":true,"href":"https:\/\/www.europesays.com\/es\/wp-json\/wp\/v2\/comments?post=124317"}],"version-history":[{"count":0,"href":"https:\/\/www.europesays.com\/es\/wp-json\/wp\/v2\/posts\/124317\/revisions"}],"wp:featuredmedia":[{"embeddable":true,"href":"https:\/\/www.europesays.com\/es\/wp-json\/wp\/v2\/media\/124318"}],"wp:attachment":[{"href":"https:\/\/www.europesays.com\/es\/wp-json\/wp\/v2\/media?parent=124317"}],"wp:term":[{"taxonomy":"category","embeddable":true,"href":"https:\/\/www.europesays.com\/es\/wp-json\/wp\/v2\/categories?post=124317"},{"taxonomy":"post_tag","embeddable":true,"href":"https:\/\/www.europesays.com\/es\/wp-json\/wp\/v2\/tags?post=124317"}],"curies":[{"name":"wp","href":"https:\/\/api.w.org\/{rel}","templated":true}]}}