{"id":124319,"date":"2025-09-19T03:26:15","date_gmt":"2025-09-19T03:26:15","guid":{"rendered":"https:\/\/www.europesays.com\/es\/124319\/"},"modified":"2025-09-19T03:26:15","modified_gmt":"2025-09-19T03:26:15","slug":"laura-villars-primera-candidata-a-la-presidencia","status":"publish","type":"post","link":"https:\/\/www.europesays.com\/es\/124319\/","title":{"rendered":"Laura Villars, primera candidata a la presidencia"},"content":{"rendered":"<p data-journey-content=\"true\" data-node-id=\"3\" class=\"css-6wxqfj emevuu60\">Es m\u00e1s que posible que nunca hayas o\u00eddo hablar de Laura Villars. Normal, ya que aunque se define como piloto, lo cierto es que ha tenido un perfil muy bajo, compitiendo en categor\u00edas generalmente relacionadas con los \u2018gentleman drivers\u2019, pero sobre todo porque nacida en 1997, apenas acaba de cumplir 28 a\u00f1os. <\/p>\n<p data-journey-content=\"true\" data-node-id=\"6\" class=\"css-6wxqfj emevuu60\">Nacida en suiza, ha pasado a la historia como la primera mujer en presentar su candidatura a la presidencia de la Federaci\u00f3n Internacional del Automovilismo, m\u00e1s conocida por su abreviatura, FIA. <\/p>\n<p>Laura Villars, piloto y emprendedora <\/p>\n<p data-journey-content=\"true\" data-node-id=\"9\" class=\"css-6wxqfj emevuu60\">Laura se define como piloto, emprendedora y defensora de los derechos de las mujeres y j\u00f3venes en el automovilismo, representando una nueva generaci\u00f3n de liderazgo independiente, moderno y responsable. <\/p>\n<p data-journey-content=\"true\" data-node-id=\"13\" class=\"css-6wxqfj emevuu60\">La FIA se encuentra en a\u00f1o electoral, siendo las votaciones a final de temporada, sin embargo, a pesar de la alta rumorolog\u00eda, incluida la figura de Susie Wolff o Carlos Sainz, Laura es, junto a Tim Mayer, la \u00fanica oposici\u00f3n con la que se encuentra el actual presidente de la FIA, Mohammed Ben Sulayem, que ya confirm\u00f3 que se presentar\u00eda a la reelecci\u00f3n. <\/p>\n<p data-journey-content=\"true\" data-node-id=\"15\" class=\"css-6wxqfj emevuu60\">Laura llega con una agenda cimentada en cinco putos; Empoderar a los clubes mediante consultas peri\u00f3dicas y un gobierno participativo, fortalecer la transparencia financiera y la toma de decisiones, introducir el sello \u2018FIA Eco-Performance\u2019 que reconozca el liderazgo en sostenibilidad, mejorar el programa de mujeres en competici\u00f3n como el \u2018Girs on Track\u2019 y establecer una academia de j\u00f3venes l\u00edderes en la FIA, as\u00ed como posicionar a la FIA como referente mundial en movilidad sostenible y seguridad vial. <\/p>\n<p><img draggable=\"true\" alt=\"laura villars fia\" title=\"Laura Villars FIA\" loading=\"lazy\" width=\"2700\" height=\"1800\" decoding=\"async\" data-nimg=\"1\" style=\"color:transparent;width:100%;height:auto;\"   src=\"https:\/\/www.europesays.com\/es\/wp-content\/uploads\/2025\/09\/laura-villars-racing-68cc13815782f.jpg\" class=\"css-0 e1g79fud0\"\/><a target=\"_blank\" rel=\"noopener nofollow\" data-theme-key=\"base-link\" href=\"https:\/\/pinterest.com\/pin\/create\/button\/?url=https:\/\/www.caranddriver.com\/es\/formula-1\/a67948693\/ben-sulayem-oposicion-fia-laura-villars-candidata-presidencia\/&amp;description=&amp;media=https:\/\/hips.hearstapps.com\/hmg-prod\/images\/laura-villars-racing-68cc13815782f.jpg?resize=1600:*\" class=\"pinterest css-on9hn5 e1c1bym14\"><img decoding=\"async\" data-dynamic-svg=\"true\" src=\"https:\/\/www.caranddriver.com\/_assets\/design-tokens\/fre\/static\/icons\/social\/pinterest.e8cf655.svg?primary=%2523ffffff\" loading=\"lazy\" data-testid=\"dynamic-svg-base\" height=\"auto\" width=\"auto\" alt=\"pinterest\" class=\"css-4lml0h e1mlxuuw1\"\/><\/a><\/p>\n<p>Laura Villars<\/p>\n<p>Elecciones a la FIA, el 12 de diciembre<\/p>\n<p data-journey-content=\"true\" data-node-id=\"19\" class=\"css-6wxqfj emevuu60\">Las elecciones presidenciales de la FIA tendr\u00e1n lugar el pr\u00f3ximo 12 de diciembre, durante la Asamblea General de Tashkent, en Uzbekistan. Actualmente se ha confirmado la presencia de tres candidatos; el actual presidente Mohammed Ben Sualyem, el ex comisario de la FIA, Tim Mayer, y la reci\u00e9n mencionada Laura Villars. <\/p>\n<p data-journey-content=\"true\" data-node-id=\"21\" class=\"css-6wxqfj emevuu60\">\u00abLa FIA debe volver a ser la federaci\u00f3n de clubes y licenciados. Mi ambici\u00f3n es una gobernanza m\u00e1s democr\u00e1tica, m\u00e1s transparente, m\u00e1s responsable y abierta a las mujeres y a las nuevas generaciones. Creo firmemente que el automovilismo necesita diversidad e innovaci\u00f3n para seguir inspirando a las generaciones m\u00e1s j\u00f3venes de todo el mundo\u00bb, declar\u00f3 Laura Villars en la presentaci\u00f3n de su candidatura<\/p>\n<p>Contenidos relacionados<img src=\"https:\/\/www.europesays.com\/es\/wp-content\/uploads\/2025\/09\/1758252375_213_8d34be8d-e2ac-402f-bb28-b7bf4889b6bb_1655374969.file\" alt=\"Headshot of Sergio Mart\u00ednez\" title=\"Headshot of Sergio Mart\u00ednez\" width=\"100%\" height=\"100%\" decoding=\"async\" loading=\"lazy\" class=\"css-o0wq4v ev8dhu53\"\/><\/p>\n<p>Experto en F\u00f3rmula 1 y Motorsport, especializado en el mundo de las carreras y la competici\u00f3n a motor, la cual lleva cubriendo m\u00e1s de una d\u00e9cada en diferentes medios del sector. Obsesionado de las categor\u00edas de formaci\u00f3n y desconfiado por naturaleza de todo lo que le cuentan. \u00a0\u00a0\u00a0<\/p>\n","protected":false},"excerpt":{"rendered":"Es m\u00e1s que posible que nunca hayas o\u00eddo hablar de Laura Villars. Normal, ya que aunque se define&hellip;\n","protected":false},"author":2,"featured_media":124320,"comment_status":"","ping_status":"","sticky":false,"template":"","format":"standard","meta":{"footnotes":""},"categories":[270],"tags":[168,253,25,24,306,271,272,23,167],"class_list":{"0":"post-124319","1":"post","2":"type-post","3":"status-publish","4":"format-standard","5":"has-post-thumbnail","7":"category-formula-1","8":"tag-deportes","9":"tag-discover","10":"tag-es","11":"tag-espana","12":"tag-f1","13":"tag-formula-1","14":"tag-formula1","15":"tag-spain","16":"tag-sports"},"share_on_mastodon":{"url":"","error":""},"_links":{"self":[{"href":"https:\/\/www.europesays.com\/es\/wp-json\/wp\/v2\/posts\/124319","targetHints":{"allow":["GET"]}}],"collection":[{"href":"https:\/\/www.europesays.com\/es\/wp-json\/wp\/v2\/posts"}],"about":[{"href":"https:\/\/www.europesays.com\/es\/wp-json\/wp\/v2\/types\/post"}],"author":[{"embeddable":true,"href":"https:\/\/www.europesays.com\/es\/wp-json\/wp\/v2\/users\/2"}],"replies":[{"embeddable":true,"href":"https:\/\/www.europesays.com\/es\/wp-json\/wp\/v2\/comments?post=124319"}],"version-history":[{"count":0,"href":"https:\/\/www.europesays.com\/es\/wp-json\/wp\/v2\/posts\/124319\/revisions"}],"wp:featuredmedia":[{"embeddable":true,"href":"https:\/\/www.europesays.com\/es\/wp-json\/wp\/v2\/media\/124320"}],"wp:attachment":[{"href":"https:\/\/www.europesays.com\/es\/wp-json\/wp\/v2\/media?parent=124319"}],"wp:term":[{"taxonomy":"category","embeddable":true,"href":"https:\/\/www.europesays.com\/es\/wp-json\/wp\/v2\/categories?post=124319"},{"taxonomy":"post_tag","embeddable":true,"href":"https:\/\/www.europesays.com\/es\/wp-json\/wp\/v2\/tags?post=124319"}],"curies":[{"name":"wp","href":"https:\/\/api.w.org\/{rel}","templated":true}]}}