{"id":124325,"date":"2025-09-19T03:29:10","date_gmt":"2025-09-19T03:29:10","guid":{"rendered":"https:\/\/www.europesays.com\/es\/124325\/"},"modified":"2025-09-19T03:29:10","modified_gmt":"2025-09-19T03:29:10","slug":"marisa-martin-blazquez-confirma-lo-sospechado-de-anita-y-montoya-y-lo-que-capto-en-el-cumpleanos-de-terelu","status":"publish","type":"post","link":"https:\/\/www.europesays.com\/es\/124325\/","title":{"rendered":"Marisa Mart\u00edn-Bl\u00e1zquez confirma lo sospechado de Anita y Montoya y lo que capt\u00f3 en el cumplea\u00f1os de Terelu"},"content":{"rendered":"<p>Hace unos d\u00edas, &#8216;Vamos a ver&#8217; destapaba que <a href=\"https:\/\/eltelevisero.huffingtonpost.es\/2025\/09\/anita-williams-se-planta-con-emma-garcia-en-fiesta-tras-el-intento-de-suicidio-de-montoya-no-me-viene-bien\/\" data-type=\"link\" data-id=\"https:\/\/eltelevisero.huffingtonpost.es\/2025\/09\/anita-williams-se-planta-con-emma-garcia-en-fiesta-tras-el-intento-de-suicidio-de-montoya-no-me-viene-bien\/\" rel=\"nofollow noopener\" target=\"_blank\">Anita y Montoya<\/a> hab\u00edan sido vistos en un hotel despu\u00e9s de que el andaluz accediera a hablar con la que fue su pareja. Al parecer en dicho reencuentro saltaron chispas. Pero este mi\u00e9rcoles, la pareja de &#8216;La isla de las tentaciones&#8217; volvi\u00f3 a coincidir bajo el mismo techo. <\/p>\n<p>Y es que tanto Anita como Montoya acudieron a la fiesta del 60 cumplea\u00f1os de Terelu Campos. Un mega evento con casi 200 invitados en el que algunos concursantes de &#8216;Supervivientes&#8217; acudieron a la cita y coincidieron en la misma mesa. Adem\u00e1s de Anita y Montoya tambi\u00e9n estaban Alm\u00e1cor o Laura Cuevas. <\/p>\n<p>Cabe decir que ambos optaron por posar por separado en el photocall junto a la anfitriona. As\u00ed, la prensa pudo hacer fotos primero a Terelu con Anita y m\u00e1s adelante a la presentadora y colaboradora de &#8216;De Viernes&#8217; con su gran amigo Jos\u00e9 Carlos Montoya. <\/p>\n<p>&#8216;Vamos a ver&#8217; muestra las im\u00e1genes del reencuentro de Anita y Montoya y lo que pas\u00f3 realmente entre ellos<\/p>\n<p>Este jueves ha sido &#8216;Vamos a ver&#8217; el programa que ha mostrado las im\u00e1genes del momento del reencuentro de la controvertida pareja de &#8216;La isla de las tentaciones&#8217;. En ellas se ve como Anita ya estaba sentada en la mesa y de repente aparece Montoya, que lleg\u00f3 m\u00e1s tarde al evento, y le da dos besos a la que fue su novia, que estaba un tanto nerviosa por dicho reencuentro ante tanta gente. <\/p>\n<p><img loading=\"lazy\" decoding=\"async\" width=\"1200\" height=\"676\" src=\"https:\/\/www.europesays.com\/es\/wp-content\/uploads\/2025\/09\/anita-18s-min.jpg\" alt=\"Anita y Montoya se reencuentran en el cumple de Terelu.\" class=\"wp-image-895191\"  \/>Anita y Montoya se reencuentran en el cumplea\u00f1os de Terelu Campos. <\/p>\n<p>Adem\u00e1s, Marisa Mart\u00edn-Bl\u00e1zquez, que fue otra de las invitadas a la fiesta, no ha dudado en revelar todos los detalles de lo que se vivi\u00f3 con Anita y Montoya. \u00ab<strong>Cuando Montoya entra, la mesa ya est\u00e1 formada. \u00c9l lleg\u00f3 y la vio y, a mi manera de ver, los dos ya hab\u00edan hablado antes y ya sab\u00edan c\u00f3mo iba a ir la cosa<\/strong>.\u00a0Cuando Anita vio que llegaba, se empieza a poner s\u00faper nerviosa y empez\u00f3 a hacerse la loca de: &#8216;\u00bfQu\u00e9 vamos a hacer? \u00bfC\u00f3mo resolvemos esto?'\u00bb, relataba la periodista.<\/p>\n<p>Al final el saludo entre ambos fue muy cordial. \u00ab<strong>Montoya le dio dos besos y luego fluy\u00f3 todo, y\u00e9ndose cada uno por su lado<\/strong>\u00ab, a\u00f1ad\u00eda Marisa en &#8216;Vamos a ver&#8217;. Despu\u00e9s era Pepe del Real el que tomaba la palabra para contar lo que hab\u00eda hablado con Anita poco antes de entrar al programa. \u00abOficialmente ellos mantienen las formas. Le he preguntado a Anita qu\u00e9 pas\u00f3 anoche, ha estado de fiesta hasta bastante tarde y me ha dicho que hablan y mantienen una relaci\u00f3n muy estrecha pero que de cara a la galer\u00eda no quieren mostrar nada\u00bb, apostillaba. <\/p>\n<p>\u00abHablan y hacen el amor las dos cosas, sino de que van a un hotel. A m\u00ed esta chica me perjur\u00f3 que no volv\u00eda con Montoya ni aunque se acabara el mundo. Entonces una de dos, o se ha acabado el mundo o el proseco de la fiesta de Terelu ten\u00eda efectos secundarios porque yo ya no entiendo nada\u00bb, soltaba Alessandro Lequio. \u00abElla sigue enganchada a Montoya, \u00e9l el problema es que nunca le va a dar su sitio en p\u00fablico porque su familia no la acepta\u00bb, terminaba apuntando Adriana Dorronsoro. <\/p>\n","protected":false},"excerpt":{"rendered":"Hace unos d\u00edas, &#8216;Vamos a ver&#8217; destapaba que Anita y Montoya hab\u00edan sido vistos en un hotel despu\u00e9s&hellip;\n","protected":false},"author":2,"featured_media":124326,"comment_status":"","ping_status":"","sticky":false,"template":"","format":"standard","meta":{"footnotes":""},"categories":[174],"tags":[255,146,147,25,24,256,23],"class_list":{"0":"post-124325","1":"post","2":"type-post","3":"status-publish","4":"format-standard","5":"has-post-thumbnail","7":"category-famosos","8":"tag-celebrities","9":"tag-entertainment","10":"tag-entretenimiento","11":"tag-es","12":"tag-espana","13":"tag-famosos","14":"tag-spain"},"share_on_mastodon":{"url":"","error":""},"_links":{"self":[{"href":"https:\/\/www.europesays.com\/es\/wp-json\/wp\/v2\/posts\/124325","targetHints":{"allow":["GET"]}}],"collection":[{"href":"https:\/\/www.europesays.com\/es\/wp-json\/wp\/v2\/posts"}],"about":[{"href":"https:\/\/www.europesays.com\/es\/wp-json\/wp\/v2\/types\/post"}],"author":[{"embeddable":true,"href":"https:\/\/www.europesays.com\/es\/wp-json\/wp\/v2\/users\/2"}],"replies":[{"embeddable":true,"href":"https:\/\/www.europesays.com\/es\/wp-json\/wp\/v2\/comments?post=124325"}],"version-history":[{"count":0,"href":"https:\/\/www.europesays.com\/es\/wp-json\/wp\/v2\/posts\/124325\/revisions"}],"wp:featuredmedia":[{"embeddable":true,"href":"https:\/\/www.europesays.com\/es\/wp-json\/wp\/v2\/media\/124326"}],"wp:attachment":[{"href":"https:\/\/www.europesays.com\/es\/wp-json\/wp\/v2\/media?parent=124325"}],"wp:term":[{"taxonomy":"category","embeddable":true,"href":"https:\/\/www.europesays.com\/es\/wp-json\/wp\/v2\/categories?post=124325"},{"taxonomy":"post_tag","embeddable":true,"href":"https:\/\/www.europesays.com\/es\/wp-json\/wp\/v2\/tags?post=124325"}],"curies":[{"name":"wp","href":"https:\/\/api.w.org\/{rel}","templated":true}]}}