{"id":124329,"date":"2025-09-19T03:32:11","date_gmt":"2025-09-19T03:32:11","guid":{"rendered":"https:\/\/www.europesays.com\/es\/124329\/"},"modified":"2025-09-19T03:32:11","modified_gmt":"2025-09-19T03:32:11","slug":"rusia-celebra-su-propio-eurovision-con-paises-afines","status":"publish","type":"post","link":"https:\/\/www.europesays.com\/es\/124329\/","title":{"rendered":"Rusia celebra su propio Eurovisi\u00f3n con pa\u00edses afines"},"content":{"rendered":"<p><a class=\"v-mdl-ath__fig-a\" href=\"https:\/\/www.elcorreo.com\/autor\/alex-bustos-7262.html\" title=\"\u00c1lex Bustos\" rel=\"nofollow noopener\" target=\"_blank\"><br \/>\n<img decoding=\"async\" class=\"v-mdl-ath__img\" src=\"https:\/\/www.europesays.com\/es\/wp-content\/uploads\/2025\/09\/autor-7262-foto-1.jpeg\" alt=\"\u00c1lex Bustos\"\/><br \/>\n<\/a><\/p>\n<p class=\"v-mdl-ath__p v-mdl-ath__p--6\">\nJueves, 18 de septiembre 2025, 21:05<\/p>\n<p class=\"v-p\">Cuando las tropas rusas empezaron su invasi\u00f3n de Ucrania, todo lo relacionado con Rusia sufri\u00f3 desprestigio y aborrecimiento. Sus equipos de f\u00fatbol fueron expulsados de cualquier competici\u00f3n internacional, quedaron fuera del sistema Swift internacional&#8230; y se les excluy\u00f3 de Eurovisi\u00f3n. La soluci\u00f3n rusa a muchos de estos vetos ha sido encontrar una alternativa o crear la suya propia, y eso har\u00e1 este s\u00e1bado: celebrar su propio certamen musical, Intervisi\u00f3n, al que ha invitado a pa\u00edses afines.<\/p>\n<p><a href=\"http:\/\/www.elcorreo.com\/culturas\/tv\/espana-retirara-eurovision-israel-continua-certamen-20250916120328-ntrc.html#vtm_modulosEngag=mod-rel:gente-estilo:noticia:1:cmp:2-not\" class=\"v-a-link\" title=\"Espa\u00f1a se retirar\u00e1 de Eurovisi\u00f3n si Israel contin\u00faa en el certamen\" rel=\"nofollow noopener\" target=\"_blank\"><br \/>\n<img decoding=\"async\" loading=\"lazy\" class=\"v-a-img\" src=\"https:\/\/www.europesays.com\/es\/wp-content\/uploads\/2025\/09\/pablo-lopez-kSrC--366x256@RC.jpg\" alt=\"Espa\u00f1a se retirar\u00e1 de Eurovisi\u00f3n si Israel contin\u00faa en el certamen\"\/><br \/>\n<\/a><\/p>\n<p><a href=\"http:\/\/www.elcorreo.com\/culturas\/tv\/pasa-festival-benidorm-20250916121422-ntrc.html#vtm_modulosEngag=mod-rel:gente-estilo:noticia:2:cmp:2-not\" class=\"v-a-link\" title=\"\u00bfQu\u00e9 pasa ahora con el Festival de Benidorm?\" rel=\"nofollow noopener\" target=\"_blank\"><br \/>\n<img decoding=\"async\" loading=\"lazy\" class=\"v-a-img\" src=\"https:\/\/www.europesays.com\/es\/wp-content\/uploads\/2025\/09\/val.jpg\" alt=\"\u00bfQu\u00e9 pasa ahora con el Festival de Benidorm?\"\/><br \/>\n<\/a><\/p>\n<p class=\"v-p\">Entre la veintena que asistir\u00e1n est\u00e1n representantes de los BRICS (Brasil, China, India, Sud\u00e1frica, Egipto, Indonesia, Ir\u00e1n y Emiratos \u00c1rabes Unidos); adem\u00e1s de otros pa\u00edses latinoamericanos (Colombia, Cuba y Venezuela), exsovi\u00e9ticos (Bielorrusia, Kazajist\u00e1n, Kirguist\u00e1n, Tayikist\u00e1n y Uzbekist\u00e1n), africanos (Kenia y Madagascar), \u00e1rabes (Arabia Saud\u00ed y Qatar), Vietnam, Serbia y la sorpresiva participaci\u00f3n de Estados Unidos.<\/p>\n<ul class=\"v-u\">\n<li class=\"v-u__l\">\n<p class=\"v-p\">\nAsia.<br \/>\nChina, India, Indonesia, Ir\u00e1n, Emiratos \u00c1rabes Unidos, Arabia Saud\u00ed, Qatar, Vietnam, Kazajist\u00e1n, Kirguist\u00e1n, Tayikist\u00e1n y Uzbekist\u00e1n.\n<\/p>\n<\/li>\n<li class=\"v-u__l\">\n<p class=\"v-p\">\nAm\u00e9rica<br \/>\nEstados Unidos, Brasil, Colombia, Cuba y Venezuela.\n<\/p>\n<\/li>\n<li class=\"v-u__l\">\n<p class=\"v-p\">\n\u00c1frica<br \/>\nSud\u00e1frica, Egipto, Kenia y Madagascar.\n<\/p>\n<\/li>\n<li class=\"v-u__l\">\n<p class=\"v-p\">\nEuropa.<br \/>\nSerbia y Bielorrusia\n<\/p>\n<\/li>\n<\/ul>\n<p class=\"v-p\">La pretensi\u00f3n de Rusia es mostrar al mundo que no est\u00e1 aislada, que solo tiene mala relaci\u00f3n con los occidentales, a los que ha incluido en su lista de \u00abpa\u00edses no amistosos\u00bb. Y por ello cuenta con cantantes y grupos de todo el mundo en lo que ser\u00e1 la resurrecci\u00f3n de Intervisi\u00f3n. Aunque ya existi\u00f3 un concurso con ese nombre en la \u00e9poca sovi\u00e9tica, no comparte ni formato, ni pa\u00edses participantes, ni organizador. La elecci\u00f3n de dicha denominaci\u00f3n no es casual, Mosc\u00fa suele tomar referentes sovi\u00e9ticos para sus logros modernos. Como ocurre con el Sputnik, la vacuna rusa contra la Covid-19. <\/p>\n<p class=\"v-p\">El ministro de Asuntos Exteriores, Sergu\u00e9i Lavrov, se\u00f1al\u00f3 en la rueda de prensa de presentaci\u00f3n del festival que otros pa\u00edses \u00abya han expresado su deseo de acogerlo el pr\u00f3ximo a\u00f1o o dentro de dos\u00bb. \u00abYo espero que este certamen se convierta en un evento anual\u00bb, confi\u00f3. A pesar del objetivo pol\u00edtico del certamen, Vlad\u00edmir Putin no asistir\u00e1. \u00abEl presidente no tiene previsto visitarlo\u00bb, declar\u00f3 el portavoz del Kremlin, Dmitri Peskov.<\/p>\n<p>Elecci\u00f3n de los cantantes<\/p>\n<p class=\"v-p\">La elecci\u00f3n del representante del pa\u00eds anfitri\u00f3n en la gala no es aleatoria. Shaman (cuyo nombre real es Yaroslav Dronov), es un ferviente nacionalista y defensor del r\u00e9gimen ruso. Su mayor hit es una canci\u00f3n llamada &#8216;Soy ruso&#8217;, y ha mostrado abiertamente su apoyo a Putin y al ej\u00e9rcito, para el que ha cantado en las regiones anexionadas de Ucrania y en giras cuyo objetivo era recaudar dinero para las tropas rusas. <\/p>\n<p class=\"v-p\">Sorprendentemente, desde Estados Unidos llegar\u00e1 un representante para el certamen. La elegida es la australiana de origen griego Vassy. Pa\u00edses como Cuba e India tambi\u00e9n han decidido enviar a alguien relativamente poco conocido, al contrario que otros como Bielorrusia, que llevar\u00e1 a la ganadora del &#8216;Got Talent&#8217; nacional Nastya Kravchenko; o Arabia Saud\u00ed, con la cantante Zena Emad, una de sus figuras m\u00e1s conocidas en el \u00e1mbito dom\u00e9stico.<\/p>\n<p>Comenta<\/p>\n<p>Reporta un error<\/p>\n","protected":false},"excerpt":{"rendered":"Jueves, 18 de septiembre 2025, 21:05 Cuando las tropas rusas empezaron su invasi\u00f3n de Ucrania, todo lo relacionado&hellip;\n","protected":false},"author":2,"featured_media":124330,"comment_status":"","ping_status":"","sticky":false,"template":"","format":"standard","meta":{"footnotes":""},"categories":[171],"tags":[40635,6951,146,147,25,24,24121,8523,8873,1614,23,214],"class_list":{"0":"post-124329","1":"post","2":"type-post","3":"status-publish","4":"format-standard","5":"has-post-thumbnail","7":"category-tv","8":"tag-afines","9":"tag-celebra","10":"tag-entertainment","11":"tag-entretenimiento","12":"tag-es","13":"tag-espana","14":"tag-eurovision","15":"tag-paises","16":"tag-propio","17":"tag-rusia","18":"tag-spain","19":"tag-tv"},"share_on_mastodon":{"url":"","error":""},"_links":{"self":[{"href":"https:\/\/www.europesays.com\/es\/wp-json\/wp\/v2\/posts\/124329","targetHints":{"allow":["GET"]}}],"collection":[{"href":"https:\/\/www.europesays.com\/es\/wp-json\/wp\/v2\/posts"}],"about":[{"href":"https:\/\/www.europesays.com\/es\/wp-json\/wp\/v2\/types\/post"}],"author":[{"embeddable":true,"href":"https:\/\/www.europesays.com\/es\/wp-json\/wp\/v2\/users\/2"}],"replies":[{"embeddable":true,"href":"https:\/\/www.europesays.com\/es\/wp-json\/wp\/v2\/comments?post=124329"}],"version-history":[{"count":0,"href":"https:\/\/www.europesays.com\/es\/wp-json\/wp\/v2\/posts\/124329\/revisions"}],"wp:featuredmedia":[{"embeddable":true,"href":"https:\/\/www.europesays.com\/es\/wp-json\/wp\/v2\/media\/124330"}],"wp:attachment":[{"href":"https:\/\/www.europesays.com\/es\/wp-json\/wp\/v2\/media?parent=124329"}],"wp:term":[{"taxonomy":"category","embeddable":true,"href":"https:\/\/www.europesays.com\/es\/wp-json\/wp\/v2\/categories?post=124329"},{"taxonomy":"post_tag","embeddable":true,"href":"https:\/\/www.europesays.com\/es\/wp-json\/wp\/v2\/tags?post=124329"}],"curies":[{"name":"wp","href":"https:\/\/api.w.org\/{rel}","templated":true}]}}