{"id":124350,"date":"2025-09-19T03:52:20","date_gmt":"2025-09-19T03:52:20","guid":{"rendered":"https:\/\/www.europesays.com\/es\/124350\/"},"modified":"2025-09-19T03:52:20","modified_gmt":"2025-09-19T03:52:20","slug":"la-reina-letizia-sublime-con-su-traje-blanco-de-confianza-y-complementos-dorados-en-su-aparicion-estrella-en-egipto","status":"publish","type":"post","link":"https:\/\/www.europesays.com\/es\/124350\/","title":{"rendered":"La reina Letizia, sublime con su traje blanco de confianza y complementos dorados en su aparici\u00f3n estrella en Egipto"},"content":{"rendered":"<p>Los reyes <strong>Felipe<\/strong> (57 a\u00f1os) y <strong>Letizia<\/strong> (53 a\u00f1os) han protagonizado en la tarde de hoy uno de los momentos m\u00e1s esperados <a href=\"https:\/\/www.lecturas.com\/actualidad\/casas-reales\/gestos-complicidad-a-cercania-momentos-clave-visita-reyes-felipe-y-letizia-a-egipto_181354\" rel=\"nofollow noopener\" target=\"_blank\">de su viaje a Egipto<\/a>. Despu\u00e9s de pasar un par de d\u00edas en El Cairo, el matrimonio se ha trasladado<strong> hasta Luxor.<\/strong> Los Reyes <a href=\"https:\/\/www.lecturas.com\/actualidad\/casas-reales\/reina-letizia-evoca-mil-noches-vestido-azul-klein-abullonado-accesorios-plateados_181390\" rel=\"nofollow noopener\" target=\"_blank\">han vivido un momento muy especial<\/a> all\u00ed al inaugurar la nueva iluminaci\u00f3n <strong>del templo Hatsheputsut, <\/strong>en la necr\u00f3polis de Deir el-Bahari<strong>.<\/strong><\/p>\n<p>Este templo conocido<strong> como \u2018la maravilla de las maravillas\u2019,<\/strong> tiene una historia muy especial. Es un templo que se construy\u00f3 en homenaje a la \u00fanica mujer que lleg\u00f3 a gobernar en el pa\u00eds con t\u00edtulo de fara\u00f3n en honor a a Am\u00f3n-Ra, dios del sol.<\/p>\n<p><img loading=\"lazy\" decoding=\"async\"   src=\"https:\/\/www.europesays.com\/es\/wp-content\/uploads\/2025\/09\/felipe-y-letizia_10423655_250918224147_1200x789.webp.webp\" alt=\"Felipe y Letizia\" class=\"lazyload\" width=\"1200\" height=\"789\" data-aspectratio=\"1200\/789\"\/>&#13;GTRES<\/p>\n<p>Al lado del r\u00edo Nilo y con el desierto de fondo, los reyes Felipe y Letizia han protagonizado im\u00e1genes espectaculares en las que, adem\u00e1s del <strong>espectacular escenario<\/strong>, <a href=\"https:\/\/www.lecturas.com\/actualidad\/casas-reales\/la-reina-letizia-conquista-en-egipto-con-el-vestido-blanco-con-encajes-semitransparencias-y-mangas-largas_181346\" rel=\"nofollow noopener\" target=\"_blank\">hay que destacar el look <\/a>que do\u00f1a Letizia ha elegido para la ocasi\u00f3n.<\/p>\n<p>El look de la reina Letizia en la aparici\u00f3n m\u00e1s especial<\/p>\n<p>Alrededor de las 21:00h de all\u00ed, soportando el calor sofocante de las noches egipcias, los reyes han aparecido en el templo.\u00a0<strong>Si con los otros cinco looks <\/strong>que ha lucido durante su viaje a Egipto ya hab\u00eda derrochado elegancia y estilo, looks entre los que no han faltado los trajes de chaqueta y vestidos que ya pasan a formar parte de lo m\u00e1s ic\u00f3nicos de su vestidor, esta vez ha ido m\u00e1s all\u00e1.<\/p>\n<p><img loading=\"lazy\" decoding=\"async\"   src=\"https:\/\/www.europesays.com\/es\/wp-content\/uploads\/2025\/09\/letizia_baf36233_250918224034_1200x1800.webp.webp\" alt=\"Letizia\" class=\"lazyload\" width=\"1200\" height=\"1800\" data-aspectratio=\"1200\/1800\"\/>&#13;GTRES<\/p>\n<p>Sabiendo que la de esta noche era su aparici\u00f3n m\u00e1s esperada del viaje, la madre de la princesa Leonor y la infanta Sof\u00eda lo ha dado todo con un estilismo con el que, de nuevo, ha aparecido <strong>impecable<\/strong>.\u00a0La reina Letizia ha llevado para este evento una de sus opciones de confianza, que ya se ha convertido en una se\u00f1a de identidad: su ic\u00f3nico traje blanco. No es ning\u00fan secreto que Letizia siempre recurre al blanco para las ocasiones importantes, <strong>como fue aquella pedida de mano con el entonces pr\u00edncipe de Asturias.<\/strong><\/p>\n<p><img loading=\"lazy\" decoding=\"async\"   src=\"https:\/\/www.europesays.com\/es\/wp-content\/uploads\/2025\/09\/letizia_92282ed0_250918224104_1200x800.webp.webp\" alt=\"Letizia\" class=\"lazyload\" width=\"1200\" height=\"800\" data-aspectratio=\"1200\/800\"\/>&#13;GTRES<\/p>\n<p><strong>Se trata de un dos piezas elegant\u00edsimo, de pantal\u00f3n recto y americana entallada,<\/strong> que la reina ha combinado con una blusa satinada que aportaba cierta sofisticaci\u00f3n al look. La monarca no ha querido quedarse ah\u00ed y ha querido elevar a\u00fan m\u00e1s las prendas con complementos dorados, quiz\u00e1 en un gui\u00f1o al dios al que estaba dedicado este templo.\u00a0<\/p>\n<p><img loading=\"lazy\" decoding=\"async\"   src=\"https:\/\/www.europesays.com\/es\/wp-content\/uploads\/2025\/09\/felipe-y-letizia_669bd96a_250918213810_1200x834.webp.webp\" alt=\"Felipe y Letizia\" class=\"lazyload\" width=\"1200\" height=\"834\" data-aspectratio=\"1200\/834\"\/>&#13;Twitter @CasaReal<\/p>\n<p>Letizia ha calzado unas alpargatas doradas, demostrando que conoce las claves para combinar comodidad y elegancia. Adem\u00e1s, es probable que la madre de la princesa Leonor pensara en las escaleras que hay que subir para observar el templo en su totalidad. Una cartera de mano, tambi\u00e9n dorada, <strong>de la firma Magrit ha cerrado uno de sus estilismos m\u00e1s esperados.<\/strong><\/p>\n<p>Las palabras de los reyes en el templo<\/p>\n<p>Sabiendo que su aparici\u00f3n era muy esperada, Felipe y Letizia se han parado a hablar con los medios all\u00ed reunidos para transmitir sus impresiones ante una haza\u00f1a de tal magnitud. \u00abEs una maravilla y lleva el sello de Espa\u00f1a. <strong>Ni siquiera los antiguos egipcios pudieron verlo <\/strong>como lo hemos visto nosotros\u00bb, ha expresado el rey, tal como recoge &#8216;Vanitatis&#8217;.<\/p>\n<p><img loading=\"lazy\" decoding=\"async\"   src=\"https:\/\/www.europesays.com\/es\/wp-content\/uploads\/2025\/09\/felipe-y-letizia_b360a5d3_250918215458_1200x1687.webp.webp\" alt=\"Felipe y Letizia\" class=\"lazyload\" width=\"1200\" height=\"1687\" data-aspectratio=\"1200\/1687\"\/>&#13;Instagram @casareal.es<\/p>\n<p>Por otro lado, Letizia ha destacado lo diferente que era esta necr\u00f3polis de la Ciudad de los Muertos que visitaron esta ma\u00f1ana. \u00ab<strong>Son dos caras muy distintas\u00bb, ha dicho.<\/strong> Adem\u00e1s, ha felicitado a las empresas y trabajadores espa\u00f1oles que han hecho posible esta iluminaci\u00f3n y la cooperaci\u00f3n espa\u00f1ola que han podido conocer horas antes.<\/p>\n<p>La \u00faltima aparici\u00f3n de los Reyes en Egipto<\/p>\n<p>Tras este evento, los reyes Felipe y Letizia se marchar\u00e1n a <strong>descansar para continuar ma\u00f1ana<\/strong> con su agenda. En el \u00faltimo d\u00eda de su viaje de Estado a Egipto, estar\u00e1n en otros de los lugares m\u00e1s conocidos del pa\u00eds. La pareja visitar\u00e1 el <strong>Museo de Luxor y el Valle de los Reyes. <\/strong>Dos lugares emblem\u00e1ticos a sumar a una lista que hace que hayan tenido la oportunidad de, m\u00e1s all\u00e1 de trabajar, ser turistas y disfrutar de sitios incre\u00edbles.<\/p>\n<p><img loading=\"lazy\" decoding=\"async\"   src=\"https:\/\/www.europesays.com\/es\/wp-content\/uploads\/2025\/09\/los-reyes-felipe-y-letizia_c3d65258_202258_250918124411_1200x1413.webp.webp\" alt=\"Los reyes Felipe y Letizia\" class=\"lazyload\" width=\"1200\" height=\"1413\" data-aspectratio=\"1200\/1413\"\/><\/p>\n<p>Los reyes Felipe y Letizia durante su viaje oficial a El Cairo<\/p>\n<p>&#13;<br \/>\n<img decoding=\"async\" src=\"https:\/\/www.europesays.com\/es\/wp-content\/uploads\/2025\/09\/carmen-borrego-lecturas_ae99326c_250917175852_800x800.webp.webp\" alt=\"carmen borrego lecturas\" class=\"image lazyload\"\/><img loading=\"lazy\" decoding=\"async\" src=\"https:\/\/www.europesays.com\/es\/wp-content\/uploads\/2025\/09\/carmen-borrego-lecturas_ae99326c_250917175841_1280x720.webp.webp\" alt=\"Carmen Borrego se pronuncia sobre el enfrentamiento entre Roc\u00edo Flores y Terelu Campos: &quot;Los que sabemos mucho, tenemos que callar mucho&quot;\" class=\"image lazyload\" width=\"1280\" height=\"720\" data-aspectratio=\"1280\/720\"\/><\/p>\n<p>Ya despu\u00e9s, <strong>pondr\u00e1n punto y final <\/strong>a cuatro d\u00edas de lo m\u00e1s intensos para regresar a casa y pasar un fin de semana sin apariciones p\u00fablicas. No ser\u00e1 hasta ma\u00f1ana viernes cuando desde Casa Real hagan p\u00fablica la agenda de los reyes Felipe y Letizia para la pr\u00f3xima semana. Pero lo que s\u00ed se sabe es que, como m\u00ednimo, no ser\u00e1 hasta el lunes cuando se les vuelva a ver en p\u00fablico.<\/p>\n<p>La reina Sof\u00eda s\u00ed que aparecer\u00e1 esta semana<\/p>\n<p>A la que s\u00ed habr\u00e1 oportunidad de ver tanto ma\u00f1ana como el s\u00e1bado,<strong> es a la reina Sof\u00eda.<\/strong> Y tambi\u00e9n ser\u00e1 en una aparici\u00f3n internacional. Despu\u00e9s del viaje de los Reyes a Egipto, ahora toca poner <strong>la mirada en Washington<\/strong> en lo que a la familia real se refiere. Do\u00f1a Sof\u00eda estar\u00e1 en el II Simposio America&amp;Spain250 que se celebrar\u00e1 en el Constitution Hall de la capital estadounidense. Adem\u00e1s, durante su estancia all\u00ed, tambi\u00e9n presidir\u00e1 la reuni\u00f3n del Comit\u00e9 Ejecutivo del Patronato del Queen Sof\u00eda Spanish Institute.<\/p>\n","protected":false},"excerpt":{"rendered":"Los reyes Felipe (57 a\u00f1os) y Letizia (53 a\u00f1os) han protagonizado en la tarde de hoy uno de&hellip;\n","protected":false},"author":2,"featured_media":124351,"comment_status":"","ping_status":"","sticky":false,"template":"","format":"standard","meta":{"footnotes":""},"categories":[174],"tags":[255,146,147,25,24,256,23],"class_list":{"0":"post-124350","1":"post","2":"type-post","3":"status-publish","4":"format-standard","5":"has-post-thumbnail","7":"category-famosos","8":"tag-celebrities","9":"tag-entertainment","10":"tag-entretenimiento","11":"tag-es","12":"tag-espana","13":"tag-famosos","14":"tag-spain"},"share_on_mastodon":{"url":"","error":""},"_links":{"self":[{"href":"https:\/\/www.europesays.com\/es\/wp-json\/wp\/v2\/posts\/124350","targetHints":{"allow":["GET"]}}],"collection":[{"href":"https:\/\/www.europesays.com\/es\/wp-json\/wp\/v2\/posts"}],"about":[{"href":"https:\/\/www.europesays.com\/es\/wp-json\/wp\/v2\/types\/post"}],"author":[{"embeddable":true,"href":"https:\/\/www.europesays.com\/es\/wp-json\/wp\/v2\/users\/2"}],"replies":[{"embeddable":true,"href":"https:\/\/www.europesays.com\/es\/wp-json\/wp\/v2\/comments?post=124350"}],"version-history":[{"count":0,"href":"https:\/\/www.europesays.com\/es\/wp-json\/wp\/v2\/posts\/124350\/revisions"}],"wp:featuredmedia":[{"embeddable":true,"href":"https:\/\/www.europesays.com\/es\/wp-json\/wp\/v2\/media\/124351"}],"wp:attachment":[{"href":"https:\/\/www.europesays.com\/es\/wp-json\/wp\/v2\/media?parent=124350"}],"wp:term":[{"taxonomy":"category","embeddable":true,"href":"https:\/\/www.europesays.com\/es\/wp-json\/wp\/v2\/categories?post=124350"},{"taxonomy":"post_tag","embeddable":true,"href":"https:\/\/www.europesays.com\/es\/wp-json\/wp\/v2\/tags?post=124350"}],"curies":[{"name":"wp","href":"https:\/\/api.w.org\/{rel}","templated":true}]}}