{"id":124358,"date":"2025-09-19T03:57:06","date_gmt":"2025-09-19T03:57:06","guid":{"rendered":"https:\/\/www.europesays.com\/es\/124358\/"},"modified":"2025-09-19T03:57:06","modified_gmt":"2025-09-19T03:57:06","slug":"la-critica-no-tiene-piedad-con-el-mejor-la-ultima-pelicula-de-terror-de-jordan-peele-es-todo-un-fracaso-en-rotten-tomatoes-vandal","status":"publish","type":"post","link":"https:\/\/www.europesays.com\/es\/124358\/","title":{"rendered":"La cr\u00edtica no tiene piedad con &#039;El mejor&#039;: la \u00faltima pel\u00edcula de terror de Jordan Peele es todo un fracaso en Rotten Tomatoes &#8211; Vandal"},"content":{"rendered":"<ol>\n<li><a href=\"https:\/\/news.google.com\/rss\/articles\/CBMi_gFBVV95cUxQUTdVQTdsM3BDMlM2dWk2cDBtT0poNUU1Q1pfT2E0Y0pGbm10R3dxa0FCazAtd0MyTXFfaldZMDJaZXNfZWdSQmR1Z3dtcTNEYWRRNmdsOVJyVWFmeUVXRFBEM1pKYnJPdExFSFFwbFVEUUN4NnFKb0FkS1hicER1djdMZ19uRUR0ZVFPVHpDWWY4VHZlNl8zS280akZQLXpKenhTSldCWUx3NXlKT3RxUjU2UnpuZ01YNjNwNndmc0ZJQkNHQzB1RTZKc2h3dnBXakxKYU5PVUJCeUE0YnBUQ2diWENRYkJ5YVRPZTBWVHl0cVZBLXY3UUJBc0ZMQQ?oc=5\" target=\"_blank\" rel=\"nofollow noopener\">La cr\u00edtica no tiene piedad con &#8216;El mejor&#8217;: la \u00faltima pel\u00edcula de terror de Jordan Peele es todo un fracaso en Rotten Tomatoes<\/a>&nbsp;&nbsp;Vandal<\/li>\n<li><a href=\"https:\/\/news.google.com\/rss\/articles\/CBMi1gFBVV95cUxPR2xYT0pTLVRDZm12bE81LXZLVjE3NUVHcndydkpnRW5SZ3lld0x1dUxVc1hvMGxvUGFWcThGOFRwWWsxVzBXcUtnb1BmWGY3RVVuWWlfSVZLRjZTZjhuY18yYnlwMkRvZ1d5bjVLV1k0ZmNvTVNmNHJ3bHFHQ0tSbmd3c1RpVHB2TmNuRjlIUkg4aWZVU1h0cXRkN2FVZVJ3eHdEOE1NaUNtaWUxN2kwX283MFZZSkJZOEk4d3hCVm5qNy00RjZxeGlVM3B3cGo0SlpqU05B?oc=5\" target=\"_blank\" rel=\"nofollow noopener\">Marlon Wayans y Tyriq Withers se sumergen en roles dram\u00e1ticos e intensos<\/a>&nbsp;&nbsp;El Nuevo D\u00eda<\/li>\n<li><a href=\"https:\/\/news.google.com\/rss\/articles\/CBMinwFBVV95cUxPbGFTRmZuU08zd0k2YUdJQ0x3Wk5Nelh2SUlxazBKUE1ndDg3ZXczcDZVMVYtY0N6dWhpRi1ZaTNvVXZZeDZsZnVVTlZBZTh6RVpXclBhQXh2Y0JoRDJFZU55MGUtTGhxcjJjUV9aMGdBa0RFR2d0Q1B0bmtpSVNKT01ZNEdGRjFIbHZIbTdWM3BmTnNfYW5HNXZzZGxqdmc?oc=5\" target=\"_blank\" rel=\"nofollow noopener\">De \u00abFaust\u00bb a \u00abHim\u00bb: por qu\u00e9 Hollywood no abandona el tema del pacto con el diablo<\/a>&nbsp;&nbsp;San Francisco Chronicle<\/li>\n<li><a href=\"https:\/\/news.google.com\/rss\/articles\/CBMiwgFBVV95cUxPVVJVUmdSdlN3ZGl1aUQ3cFR4Y2h2bzJkdHNsVXdLaDhud0IyOUR2bUE2dHdreUlHdUxaSDd2d0k1cE10azkzdVRJeVRfMk5VemlheU9HanlBRFR6X1RoRlhnNnRvYm43ak5nR09KU3o2Snp2Y3RMNE1ZQWJZOTVIb0JtaDNQS2tzUWZ0TDhfUjlDSHMwaVdteEdJSmFuUHdsVGYzbHpiSkFPUGRrTEtGb0E4VWRmZ00xVWVicDdyMFZfdw?oc=5\" target=\"_blank\" rel=\"nofollow noopener\">La pel\u00edcula de terror de f\u00fatbol de Justin Tipping es un gran bal\u00f3n suelto<\/a>&nbsp;&nbsp;Revista La Velez<\/li>\n<li><a href=\"https:\/\/news.google.com\/rss\/articles\/CBMioAFBVV95cUxQRGZmRy1uSWVwcVZoTVJRTWliaXBJakZkcEhaVXdRQ0pIWlBSSmZuSnVvdWpqSnRKaFdvXzRwR1IwaWlLU1JvVGRfdlI4Ym80SDh4YzdmTWc1SUVzYVppUzQ5R3Z4YTNqQ1k0QjBmVXg5YXpZeDZDQ29Jc2hNWWxzUlJkS0xOazRQcFh2VHVGRkJScVJJRVNBTktaYWJmRzJ5?oc=5\" target=\"_blank\" rel=\"nofollow noopener\">Rese\u00f1a de la pel\u00edcula: \u2018\u00e9l\u2019 lavar una base fuerte<\/a>&nbsp;&nbsp;mascipolletti.com.ar<\/li>\n<\/ol>\n","protected":false},"excerpt":{"rendered":"La cr\u00edtica no tiene piedad con &#8216;El mejor&#8217;: la \u00faltima pel\u00edcula de terror de Jordan Peele es todo&hellip;\n","protected":false},"author":2,"featured_media":123323,"comment_status":"","ping_status":"","sticky":false,"template":"","format":"standard","meta":{"footnotes":""},"categories":[169],"tags":[177,146,147,25,24,176,175,23],"class_list":{"0":"post-124358","1":"post","2":"type-post","3":"status-publish","4":"format-standard","5":"has-post-thumbnail","7":"category-cine","8":"tag-cine","9":"tag-entertainment","10":"tag-entretenimiento","11":"tag-es","12":"tag-espana","13":"tag-film","14":"tag-movies","15":"tag-spain"},"share_on_mastodon":{"url":"","error":""},"_links":{"self":[{"href":"https:\/\/www.europesays.com\/es\/wp-json\/wp\/v2\/posts\/124358","targetHints":{"allow":["GET"]}}],"collection":[{"href":"https:\/\/www.europesays.com\/es\/wp-json\/wp\/v2\/posts"}],"about":[{"href":"https:\/\/www.europesays.com\/es\/wp-json\/wp\/v2\/types\/post"}],"author":[{"embeddable":true,"href":"https:\/\/www.europesays.com\/es\/wp-json\/wp\/v2\/users\/2"}],"replies":[{"embeddable":true,"href":"https:\/\/www.europesays.com\/es\/wp-json\/wp\/v2\/comments?post=124358"}],"version-history":[{"count":0,"href":"https:\/\/www.europesays.com\/es\/wp-json\/wp\/v2\/posts\/124358\/revisions"}],"wp:featuredmedia":[{"embeddable":true,"href":"https:\/\/www.europesays.com\/es\/wp-json\/wp\/v2\/media\/123323"}],"wp:attachment":[{"href":"https:\/\/www.europesays.com\/es\/wp-json\/wp\/v2\/media?parent=124358"}],"wp:term":[{"taxonomy":"category","embeddable":true,"href":"https:\/\/www.europesays.com\/es\/wp-json\/wp\/v2\/categories?post=124358"},{"taxonomy":"post_tag","embeddable":true,"href":"https:\/\/www.europesays.com\/es\/wp-json\/wp\/v2\/tags?post=124358"}],"curies":[{"name":"wp","href":"https:\/\/api.w.org\/{rel}","templated":true}]}}