{"id":124371,"date":"2025-09-19T04:12:09","date_gmt":"2025-09-19T04:12:09","guid":{"rendered":"https:\/\/www.europesays.com\/es\/124371\/"},"modified":"2025-09-19T04:12:09","modified_gmt":"2025-09-19T04:12:09","slug":"busca-mclaren-asegurar-titulo-de-constructores-en-baku-elcomentario-ucol-mx","status":"publish","type":"post","link":"https:\/\/www.europesays.com\/es\/124371\/","title":{"rendered":"Busca McLaren asegurar t\u00edtulo de Constructores en Bak\u00fa \u2013&#8230; &#8211; elcomentario.ucol.mx"},"content":{"rendered":"<ol>\n<li><a href=\"https:\/\/news.google.com\/rss\/articles\/CBMiT0FVX3lxTE43Wk41NWRudzFaSFAwOHlwNkY4Mnk2S21PTnJqejJ2R3NuNkUtTlpMSGxPQzh0SWNqY1U3TnVVRHh1ajlUYkRZclJSMEpSRXM?oc=5\" target=\"_blank\" rel=\"nofollow noopener\">Busca McLaren asegurar t\u00edtulo de Constructores en Bak\u00fa \u2013&#8230;<\/a>&nbsp;&nbsp;elcomentario.ucol.mx<\/li>\n<li><a href=\"https:\/\/news.google.com\/rss\/articles\/CBMieEFVX3lxTE93UFREWTZvM1BfWFNKdXRSSjNHQkl3OWd0Z0FILXhwNHF5MXFDS2EtRy1ESEVISGlXYmxwTVQ1akE2QTRId2ZWQVdDYTMxODh0LW1pRnJzQWxvLUhpeHlBbmdleTlDak5GTGthYUVKb2Mtc2M5ZEk2VNIBjAFBVV95cUxPRFJaVkxXQXlPOEcxS3dtNWtvOVZBWTFoQ2d6Xy1uYkYyb3piN0JMcUMzN2dhWXMyZE5pdGVNNFVvcUJCTDM1RUZ4OFRYcjV6a3luaHZMcjlPN2JGbVhoeW1Gb09ublVPbTk0c1hvUWstQW9tLThrT2RZOEVqWm1lTzBKa1VPcEo1SUVOag?oc=5\" target=\"_blank\" rel=\"nofollow noopener\">McLaren puede sentenciar a Red Bull<\/a>&nbsp;&nbsp;Diario AS<\/li>\n<li><a href=\"https:\/\/news.google.com\/rss\/articles\/CBMiwwFBVV95cUxNU2Q2ZVpSWllwV3AtSUdPLTFaNWM0UUNfM3plTjgwSmk4NXZWcWl3NWR5ZnFsemgxSGY5b3p4dmVaZlBqUVN6VkNDOS1UM2poUDdxNF9pYUxqWGQ4SmR1WFkycDdBamhvSzZWY2lRcnJ4NmQtT1AtNG1JVGpxSGRFR2FoQ1JmNlIxUzhVenh4d1pGbEU2MlpQcm9NRlZLbktmV2Y5SVM2UnJjWDczQmFuWklzRU9zbktiTi1LUW92clN5dUnSAcMBQVVfeXFMUEpMSklaZjJNbzZLbDJ2YzIwbXA5YzBjdVFOTVFxMTZCR1lBU0owcUdrbkJaT0JUdi1QLTRqNnRpZG43R0YtTHdpdGxsX0cwcnBRaFNwQnZaeXdzdzJqOXpyS1RITndRNVhZU0cwQXJvSkFJXzFZNHJ6UGVPSW1UUnZDRHh2b2NhazhhMG1nbEZkUWJqX1hxWWZzdTh4SFlRM3ZYZGFlLUFHRk00eU5uUUk2eHRtaEppd0V4OTdBNkxhdG5z?oc=5\" target=\"_blank\" rel=\"nofollow noopener\">Piastri &#8216;toma la delantera&#8217; en la pelea por el Mundial: \u00abTengo muy buenos recuerdos de Bak\u00fa\u00bb<\/a>&nbsp;&nbsp;MARCA<\/li>\n<li><a href=\"https:\/\/news.google.com\/rss\/articles\/CBMi5AFBVV95cUxNakNlZDRCdm1nSGVlR053Wm1HSjRpQlZENUt0bE4yWXZ4dld1QlJFZXVMOGtaaUhPUHJqM1pjQ3A5UW45TTBYam1DNzhLVklzbXFyWU9hdXpNNUpIME1uZXhVZlBXMjJCcjk2M3ZjMWRldGlMTGdEOTVtR0VzZ3pia01wdGFBQzZubHFqRnlvM3djWEJlNEtaUXlkc1VuTDBVdGNMTVdzRTd0ZFZIUTdqdHhRa19MSUZqeEZHZTZvbVlXREVNczlhOXdqdDlHRklzdTl4cUFyazZodXZPTndhek9SZWLSAf8BQVVfeXFMTUFOdjJmM1JzZFNJNDJTaUVtY0p0QmxmLThIMGJaV3VlOUZpOUQ0UnVTTE13N3RiRzh0MlY0UXNiS1hLcERSLWlELWZJV3hqRi15QXlLZVY0el9Ib1dFckJXdmZpRW5xUFJ4S29hM3ZCdUkycFF4MExpcjg5Ti1HODJ1bTJMNVdFaUpEd3JZSEVVSm9DQ2FwUEhBc3hLcGxNbWtNT21OS0pVdEVyc0xQR3VMclFMTHFTYmlUTUN4YzE5TnVzMGdLVF82d3pnVUJpMUZrVGJyMTRNUGFUcWp4WnBCQThWWnFpY3g2cTNBd3ZkTXU5YU9NQ3Rtc18ta2Rj?oc=5\" target=\"_blank\" rel=\"nofollow noopener\">Qu\u00e9 tiene que pasar para que McLaren logre el t\u00edtulo de Constructores de la F1 este domingo en Azerbaiy\u00e1n<\/a>&nbsp;&nbsp;Infobae<\/li>\n<li><a href=\"https:\/\/news.google.com\/rss\/articles\/CBMivgFBVV95cUxOYzRQWXlFT2tvS2E0ZlBOSmtaaDFTTXJwUmJhcUE2bEJTSkZwN1A5ci1YeGluM2hldlJacVNvV1pxTk5CVHBVLTBoVTFkbnVqRWhuM2luTWxQSWpQR0lwcFFFTjNlYTZ5bVpqUUJlR3VaR3pSOVFfRjNPNkYwRV9QTE1zdW1sZHk5bTNWd2Q3eFJDLWM2bGdoeVdjVHJxMWQ5Q0dxWUJ2TVA4ZFdoc09odWVDTnV2RDFJTHVmdjhB0gHaAUFVX3lxTE1YVS1QMndPa25ySXBtTzNaS0phaW92dDMxQWM5N3JteEJXcTNwN0JnTC1WZU5GbnNYblZieTM3bWRTYXJBMGFZcVpiRDhMNVEwSy1RUko2OHBfWVdmdXRhclFka0FGcUZRMlJOVDNPZFpaa0NFbUtuckMwYkZNd2VoVldrY2pCR1EwV3d4LW9EQXVpVXpTSHhQaWVHVGJRcmI5blc5eE15a3d4bXJzZ012N0R5TDZ6bXE2NEJxbWxTaVAxN093MWxKcVVXNlN4amo1bTI5LUtmbG13?oc=5\" target=\"_blank\" rel=\"nofollow noopener\">McLaren ya puede ser campe\u00f3n: solo tienen que quererlo<\/a>&nbsp;&nbsp;La Voz de Galicia<\/li>\n<\/ol>\n","protected":false},"excerpt":{"rendered":"Busca McLaren asegurar t\u00edtulo de Constructores en Bak\u00fa \u2013&#8230;&nbsp;&nbsp;elcomentario.ucol.mx McLaren puede sentenciar a Red Bull&nbsp;&nbsp;Diario AS Piastri &#8216;toma&hellip;\n","protected":false},"author":2,"featured_media":57290,"comment_status":"","ping_status":"","sticky":false,"template":"","format":"standard","meta":{"footnotes":""},"categories":[270],"tags":[168,25,24,306,271,272,23,167],"class_list":{"0":"post-124371","1":"post","2":"type-post","3":"status-publish","4":"format-standard","5":"has-post-thumbnail","7":"category-formula-1","8":"tag-deportes","9":"tag-es","10":"tag-espana","11":"tag-f1","12":"tag-formula-1","13":"tag-formula1","14":"tag-spain","15":"tag-sports"},"share_on_mastodon":{"url":"","error":""},"_links":{"self":[{"href":"https:\/\/www.europesays.com\/es\/wp-json\/wp\/v2\/posts\/124371","targetHints":{"allow":["GET"]}}],"collection":[{"href":"https:\/\/www.europesays.com\/es\/wp-json\/wp\/v2\/posts"}],"about":[{"href":"https:\/\/www.europesays.com\/es\/wp-json\/wp\/v2\/types\/post"}],"author":[{"embeddable":true,"href":"https:\/\/www.europesays.com\/es\/wp-json\/wp\/v2\/users\/2"}],"replies":[{"embeddable":true,"href":"https:\/\/www.europesays.com\/es\/wp-json\/wp\/v2\/comments?post=124371"}],"version-history":[{"count":0,"href":"https:\/\/www.europesays.com\/es\/wp-json\/wp\/v2\/posts\/124371\/revisions"}],"wp:featuredmedia":[{"embeddable":true,"href":"https:\/\/www.europesays.com\/es\/wp-json\/wp\/v2\/media\/57290"}],"wp:attachment":[{"href":"https:\/\/www.europesays.com\/es\/wp-json\/wp\/v2\/media?parent=124371"}],"wp:term":[{"taxonomy":"category","embeddable":true,"href":"https:\/\/www.europesays.com\/es\/wp-json\/wp\/v2\/categories?post=124371"},{"taxonomy":"post_tag","embeddable":true,"href":"https:\/\/www.europesays.com\/es\/wp-json\/wp\/v2\/tags?post=124371"}],"curies":[{"name":"wp","href":"https:\/\/api.w.org\/{rel}","templated":true}]}}