{"id":124383,"date":"2025-09-19T04:22:10","date_gmt":"2025-09-19T04:22:10","guid":{"rendered":"https:\/\/www.europesays.com\/es\/124383\/"},"modified":"2025-09-19T04:22:10","modified_gmt":"2025-09-19T04:22:10","slug":"un-analisis-de-sangre-permite-anticipar-la-progresion-del-alzheimer","status":"publish","type":"post","link":"https:\/\/www.europesays.com\/es\/124383\/","title":{"rendered":"Un an\u00e1lisis de sangre permite anticipar la progresi\u00f3n del alzh\u00e9imer"},"content":{"rendered":"<p><img decoding=\"async\" class=\"voc-author__img\" src=\"https:\/\/www.europesays.com\/es\/wp-content\/uploads\/2025\/09\/1758146108_365_autor-6260-foto-1.jpeg\" alt=\"R. Ibarra\"\/><\/p>\n<p class=\"voc-p\" style=\"\">El <a href=\"https:\/\/bellvitgehospital.cat\/es\" target=\"_self\" data-voc-vtm-id=\"in-text-traffic\" title=\"Hospital Universitario de Bellvitge de Barcelona\" data-mrf-link=\"bellvitgehospital.cat\" rel=\"nofollow noopener\">Hospital Universitario de Bellvitge de Barcelona<\/a> ha tenido un papel clave en la validaci\u00f3n cl\u00ednica del primer test en sangre capaz de anticipar la progresi\u00f3n del deterioro cognitivo leve hacia la demencia de Alzheimer, marcando un hito en el diagn\u00f3stico precoz de esta enfermedad neurodegenerativa.<\/p>\n<p class=\"voc-p\" style=\"\">El test, denominado MAP-AD\u00ae, ha sido desarrollado por <a href=\"https:\/\/admit-therapeutics.com\/en\/\" target=\"_self\" data-voc-vtm-id=\"in-text-traffic\" title=\"ADmit Therapeutics\" data-mrf-link=\"admit-therapeutics.com\" rel=\"nofollow noopener\">ADmit Therapeutics<\/a>, una spin-off del <a href=\"https:\/\/idibell.cat\/es\/\" target=\"_self\" data-voc-vtm-id=\"in-text-traffic\" title=\"Instituto de Investigaci\u00f3n Biom\u00e9dica de Bellvitge\" data-mrf-link=\"idibell.cat\" rel=\"nofollow noopener\">Instituto de Investigaci\u00f3n Biom\u00e9dica de Bellvitge<\/a> (IDIBELL). A diferencia de otros biomarcadores que solo confirman la presencia de patolog\u00eda cerebral, MAP-AD\u00ae ofrece valor pron\u00f3stico, permitiendo prever la evoluci\u00f3n cl\u00ednica de cada paciente. <\/p>\n<p class=\"voc-p\" style=\"\">Los resultados del estudio han sido publicados en la revista cient\u00edfica &#8216;<a href=\"https:\/\/www.cell.com\/iscience\/home\" target=\"_self\" data-voc-vtm-id=\"in-text-traffic\" title=\"iScience\" data-mrf-link=\"www.cell.com\" rel=\"nofollow noopener\">iScience<\/a>&#8216;, y el test ya cuenta con el marcado CE-IVDR, lo que permite su aplicaci\u00f3n cl\u00ednica en la Uni\u00f3n Europea.<\/p>\n<p class=\"voc-p\" style=\"\">MAP-AD\u00ae es un an\u00e1lisis de sangre  que eval\u00faa biomarcadores mitocondriales \u2014concretamente la metilaci\u00f3n del ADN mitocondrial\u2014 y los combina con datos cl\u00ednicos. <\/p>\n<p class=\"voc-p\" style=\"\">Durante a\u00f1os, se\u00f1ala Jordi Gasc\u00f3n, jefe de la Unidad de Memoria del Hospital de Bellvitge y coordinador del estudio, \u00abhemos podido identificar la patolog\u00eda subyacente, <strong>pero era muy dif\u00edcil predecir la evoluci\u00f3n cl\u00ednica<\/strong>. Disponer de una herramienta fiable que anticipe la progresi\u00f3n es un punto de inflexi\u00f3n: nos permite mantener conversaciones m\u00e1s informadas con las familias y guiar mejor las intervenciones, ya sean preventivas, en ensayos cl\u00ednicos o con las nuevas terapias emergentes\u00bb.<\/p>\n<p class=\"voc-p\" style=\"\">El estudio observacional multic\u00e9ntrico ha incluido <strong>muestras de pacientes con deterioro cognitivo leve y voluntarios sin afectaci\u00f3n<\/strong>, procedentes de hospitales catalanes y biobancos internacionales.<\/p>\n<p class=\"voc-p\" style=\"\">Marta Barrachina, CEO y cofundadora de <a href=\"https:\/\/admit-therapeutics.com\/en\/\" target=\"_self\" data-voc-vtm-id=\"in-text-traffic\" title=\"ADmit Therapeutics\" data-mrf-link=\"admit-therapeutics.com\" rel=\"nofollow noopener\">ADmit Therapeutics<\/a>, destaca que \u00abla validaci\u00f3n cient\u00edfica y la certificaci\u00f3n europea refuerzan la solidez del MAP-AD\u00ae, que no solo confirma, sino que anticipa la evoluci\u00f3n de la enfermedad. Es un paso decisivo hacia una medicina m\u00e1s personalizada y preventiva\u00bb. <\/p>\n<p>\nAntes de los s\u00edntomas\n<\/p>\n<p class=\"voc-p\" style=\"\">No es este el primer test presentado para detectar el alzh\u00e9imer. Varios equipos internacionales  han desarrollado y validado pruebas innovadoras que no solo permiten detectar la presencia de la enfermedad, sino tambi\u00e9n anticipar su progresi\u00f3n cl\u00ednica, incluso antes de que los s\u00edntomas sean evidentes.<\/p>\n<p class=\"voc-p\" style=\"\">Uno de estos avances se desarroll\u00f3 en la <a href=\"https:\/\/washu.edu\/\" target=\"_self\" data-voc-vtm-id=\"in-text-traffic\" title=\"Universidad de Washington en St. Louis\" data-mrf-link=\"washu.edu\" rel=\"nofollow noopener\">Universidad de Washington en St. Louis<\/a> (EE. UU.) y la <a href=\"https:\/\/www.lunduniversity.lu.se\/\" target=\"_self\" data-voc-vtm-id=\"in-text-traffic\" title=\"Universidad de Lund\" data-mrf-link=\"www.lunduniversity.lu.se\" rel=\"nofollow noopener\">Universidad de Lund<\/a> (Suecia), quienes dise\u00f1aron un test basado en la prote\u00edna MTBR-tau243, cuyo nivel en sangre refleja con gran precisi\u00f3n la acumulaci\u00f3n de tau en el cerebro y la severidad del Alzheimer. Los resultados se publicaron en la  revista &#8216;<a href=\"https:\/\/www.nature.com\/nm\/\" target=\"_self\" data-voc-vtm-id=\"in-text-traffic\" title=\"Nature Medicine\" data-mrf-link=\"www.nature.com\" rel=\"nofollow noopener\">Nature Medicine<\/a>&#8216;.<\/p>\n<p class=\"voc-p\" style=\"\">Este biomarcador no solo diagnostica la enfermedad, sino que puede indicar si los s\u00edntomas de una persona se deben efectivamente al Alzheimer o a otra causa, lo que supone una herramienta de enorme utilidad cl\u00ednica para diferenciar entre tipos de demencia.<\/p>\n<p><img decoding=\"async\" loading=\"lazy\" src=\"https:\/\/www.europesays.com\/es\/wp-content\/uploads\/2025\/09\/biomarcadoralzheimer3.jpg\" class=\"voc-img\" width=\"760\" height=\"427\" alt=\"Consulta unidad de alzh\u00e9imer\" data-voc-vtm-id=\"in-text-traffic\"\/><\/p>\n<p>Consulta unidad de alzh\u00e9imer<\/p>\n<p class=\"voc-p\" style=\"\">Por otro lado, un equipo del <a href=\"https:\/\/www.barcelonabeta.org\/en\" target=\"_self\" data-voc-vtm-id=\"in-text-traffic\" title=\"Barcelona\u03b2eta Brain Research Center\" data-mrf-link=\"www.barcelonabeta.org\" rel=\"nofollow noopener\">Barcelona\u03b2eta Brain Research Center<\/a> (BBRC) \u2014centro impulsado por la Fundaci\u00f3n Pasqual Maragall\u2014 junto con el Instituto de Investigaci\u00f3n del Hospital del Mar, y en colaboraci\u00f3n con universidades y hospitales de Suecia e Italia, valid\u00f3 el uso del biomarcador phospho-tau217 (p-tau217) como herramienta fiable para detectar el alzh\u00e9imer mediante un an\u00e1lisis de sangre.<\/p>\n<p class=\"voc-p\" style=\"\">El estudio, tambi\u00e9n publicado en &#8216;<a href=\"https:\/\/www.nature.com\/nm\/\" target=\"_self\" data-voc-vtm-id=\"in-text-traffic\" title=\"Nature Medicine\" data-mrf-link=\"www.nature.com\" rel=\"nofollow noopener\">Nature Medicine<\/a>&#8216;, demuestra que esta prueba puede diagnosticar la enfermedad de manera no invasiva, lo que representa un cambio de paradigma respecto a m\u00e9todos anteriores como la punci\u00f3n lumbar (l\u00edquido cefalorraqu\u00eddeo) o la neuroimagen cerebral. <\/p>\n<p class=\"voc-p\" style=\"\">Otro estudio realizado por investigadores del Hospital de Sant Pau de Barcelona, y publicado en la revista &#8216;<a href=\"https:\/\/jamanetwork.com\/journals\/jamaneurology\" target=\"_self\" data-voc-vtm-id=\"in-text-traffic\" title=\"JAMA Neurology\" data-mrf-link=\"jamanetwork.com\" rel=\"nofollow noopener\">JAMA Neurology<\/a>&#8216; confirm\u00f3 el valor pron\u00f3stico de este biomarcador en sangre.<\/p>\n<p class=\"voc-p\" style=\"\">Adem\u00e1s, otra investigaci\u00f3n desde la Universidad de Pittsburgh, tambi\u00e9n publicada en <a href=\"https:\/\/www.nature.com\/nm\/\" target=\"_self\" data-voc-vtm-id=\"in-text-traffic\" title=\"Nature Medicine\" data-mrf-link=\"www.nature.com\" rel=\"nofollow noopener\">Nature Medicine<\/a>, ha desarrollado un test que detecta formas patol\u00f3gicas tempranas de la prote\u00edna tau en el l\u00edquido cefalorraqu\u00eddeo, incluso antes de que sean visibles en los esc\u00e1neres cerebrales. Este avance sugiere que pronto podr\u00eda trasladarse tambi\u00e9n a pruebas de sangre, lo que facilitar\u00eda a\u00fan m\u00e1s el diagn\u00f3stico anticipado.<\/p>\n<p>Reportar un error<\/p>\n","protected":false},"excerpt":{"rendered":"El Hospital Universitario de Bellvitge de Barcelona ha tenido un papel clave en la validaci\u00f3n cl\u00ednica del primer&hellip;\n","protected":false},"author":2,"featured_media":124384,"comment_status":"","ping_status":"","sticky":false,"template":"","format":"standard","meta":{"footnotes":""},"categories":[92],"tags":[3350,33498,7299,25,24,165,3227,8392,166,13967,23],"class_list":{"0":"post-124383","1":"post","2":"type-post","3":"status-publish","4":"format-standard","5":"has-post-thumbnail","7":"category-salud","8":"tag-alzheimer","9":"tag-anticipar","10":"tag-biomarcador","11":"tag-es","12":"tag-espana","13":"tag-health","14":"tag-permite","15":"tag-progresion","16":"tag-salud","17":"tag-sangre","18":"tag-spain"},"share_on_mastodon":{"url":"","error":""},"_links":{"self":[{"href":"https:\/\/www.europesays.com\/es\/wp-json\/wp\/v2\/posts\/124383","targetHints":{"allow":["GET"]}}],"collection":[{"href":"https:\/\/www.europesays.com\/es\/wp-json\/wp\/v2\/posts"}],"about":[{"href":"https:\/\/www.europesays.com\/es\/wp-json\/wp\/v2\/types\/post"}],"author":[{"embeddable":true,"href":"https:\/\/www.europesays.com\/es\/wp-json\/wp\/v2\/users\/2"}],"replies":[{"embeddable":true,"href":"https:\/\/www.europesays.com\/es\/wp-json\/wp\/v2\/comments?post=124383"}],"version-history":[{"count":0,"href":"https:\/\/www.europesays.com\/es\/wp-json\/wp\/v2\/posts\/124383\/revisions"}],"wp:featuredmedia":[{"embeddable":true,"href":"https:\/\/www.europesays.com\/es\/wp-json\/wp\/v2\/media\/124384"}],"wp:attachment":[{"href":"https:\/\/www.europesays.com\/es\/wp-json\/wp\/v2\/media?parent=124383"}],"wp:term":[{"taxonomy":"category","embeddable":true,"href":"https:\/\/www.europesays.com\/es\/wp-json\/wp\/v2\/categories?post=124383"},{"taxonomy":"post_tag","embeddable":true,"href":"https:\/\/www.europesays.com\/es\/wp-json\/wp\/v2\/tags?post=124383"}],"curies":[{"name":"wp","href":"https:\/\/api.w.org\/{rel}","templated":true}]}}