{"id":124417,"date":"2025-09-19T04:46:17","date_gmt":"2025-09-19T04:46:17","guid":{"rendered":"https:\/\/www.europesays.com\/es\/124417\/"},"modified":"2025-09-19T04:46:17","modified_gmt":"2025-09-19T04:46:17","slug":"festival-opera-gratis-la-maestranza-y-las-setas-se-suman-como-espacios-del-festival-de-la-opera-recitales-gratis-para-el-gran-publico","status":"publish","type":"post","link":"https:\/\/www.europesays.com\/es\/124417\/","title":{"rendered":"FESTIVAL \u00d3PERA GRATIS | La Maestranza y Las Setas se suman como espacios del Festival de la \u00f3pera: recitales gratis para el gran p\u00fablico"},"content":{"rendered":"<p class=\"ft-text\">Acercar la \u00f3pera al gran p\u00fablico, despojarla de ese halo elitista y fomentar la divulgaci\u00f3n de los grandes t\u00edtulos del g\u00e9nero vinculados con Sevilla. Ese es el objetivo de la primera edici\u00f3n del Festival de \u00d3pera de Sevilla, que se celebrar\u00e1 del 25 de septiembre al 12 de octubre. Para ampliar el p\u00fablico que, de manera tradicional, se ha interesado por la l\u00edrica, el <a class=\"ft-link ft-link--decoration\" href=\"https:\/\/www.elcorreoweb.es\/tags\/ayuntamiento-de-sevilla\/\" target=\"_blank\" rel=\"nofollow noopener\">Ayuntamiento de Sevilla<\/a>, a trav\u00e9s de su delegaci\u00f3n de Cultura y Turismo, ha organizado un programa de actividades paralelas que se desarrollar\u00e1 por diversos escenarios de la ciudad de muy distinta naturaleza: calles, plazas, salas de cine, rutas patrimoniales y espacios tan singulares como las <a class=\"ft-link ft-link--decoration\" href=\"https:\/\/www.elcorreoweb.es\/tags\/las-setas\/\" target=\"_blank\" rel=\"nofollow noopener\">Setas de Sevilla<\/a> y la <a class=\"ft-link ft-link--decoration\" href=\"https:\/\/www.elcorreoweb.es\/tags\/plaza-de-toros-de-la-maestranza\/\" target=\"_blank\" rel=\"nofollow noopener\">Plaza de Toros de la Maestranza<\/a>, donde se realizar\u00e1n recitales con entrada gratuita para el gran p\u00fablico. En concreto, los recitales de la plaza de toros se realizar\u00e1n desde el balc\u00f3n que da al Paseo Col\u00f3n, donde el p\u00fablico podr\u00e1 seguir las actuaciones. \u201cEste festival no solo busca consolidar a Sevilla como capital oper\u00edstica, sino tambi\u00e9n abrir la experiencia a nuevos p\u00fablicos y lugares. La \u00f3pera deja de ser un arte reservado a los teatros para resonar en los balcones, en las plazas y en los barrios, con la complicidad de artistas y ciudadanos. Es una forma de vivir la ciudad a trav\u00e9s de la m\u00fasica que forma parte de su identidad\u201d, ha defendido la delegada de Cultura, Angie Moreno.<\/p>\n<p><strong>Ciclo <\/strong>Ac\u00e9rcate a la \u00d3pera<\/p>\n<p class=\"ft-text\">La iniciativa <strong>Ac\u00e9rcate a la \u00d3pera<\/strong> convertir\u00e1 algunos de los rincones m\u00e1s emblem\u00e1ticos de Sevilla en escenarios improvisados, acercando la l\u00edrica a vecinos y transe\u00fantes. Destacados int\u00e9rpretes de la ciudad, acompa\u00f1ados por la soprano china<strong> Yue He<\/strong> -finalista del certamen Nuevas Voces de ASAO e integrante de la Academia Internacional Sevilla, Ciudad de \u00d3pera- dar\u00e1n vida a un repertorio que une a Mozart, Rossini y Bizet.<\/p>\n<p class=\"ft-text\">Los protagonistas de este ciclo ser\u00e1n Yue He (soprano) como Rosina en <strong>El barbero de Sevilla<\/strong>; Ana Cadaval (soprano) en el rol de <strong>Carmen<\/strong>; Amando Mart\u00edn (bar\u00edtono) como <strong>Don Giovanni<\/strong>; y Andr\u00e9s Merino (bar\u00edtono) en el papel de <strong>Escamillo<\/strong>, de <strong>Carmen<\/strong>. Todos ellos representan a la nueva generaci\u00f3n de artistas l\u00edricos sevillanos que, junto a la voz internacional de Yue He, llevar\u00e1n el arte de la \u00f3pera a un formato cercano y sorprendente.<\/p>\n<p class=\"ft-text\">El p\u00fablico podr\u00e1 escuchar arias y d\u00faos tan reconocidos como <strong>Deh vieni alla finestra<\/strong> y <strong>La ci darem la mano<\/strong> de Don Giovanni; el aria <strong>Una voce poco fa<\/strong> de <strong>El barbero de Sevilla<\/strong>; as\u00ed como algunos de los pasajes m\u00e1s c\u00e9lebres de <strong>Carmen<\/strong>, como la <strong>Habanera<\/strong>, los coros de la Habanera y el <strong>Toreador<\/strong>.<\/p>\n<p class=\"ft-text\">Las funciones se celebrar\u00e1n el 24 de septiembre en la<a class=\"ft-link ft-link--decoration\" href=\"https:\/\/www.elcorreoweb.es\/tags\/plaza-de-toros-de-la-maestranza\/\" target=\"_blank\" rel=\"nofollow noopener\"> <\/a><a class=\"ft-link ft-link--decoration\" href=\"https:\/\/www.elcorreoweb.es\/tags\/plaza-de-toros-de-la-maestranza\/\" target=\"_blank\" rel=\"nofollow noopener\"><strong>Plaza de Toros de la Real Maestranza <\/strong><\/a>(20 h.), el 27 en el <strong>Balc\u00f3n de Rosina<\/strong> (13 h.), en los <a class=\"ft-link ft-link--decoration\" href=\"https:\/\/www.elcorreoweb.es\/tags\/jardines-de-murillo\/\" target=\"_blank\" rel=\"nofollow noopener\">Jardines de Murillo<\/a>, el 28 en la <strong>Plaza Vicente Aleixandre<\/strong> (19 h.), el 3 de octubre en el <strong>Parque de la Torre de los Perdigones<\/strong> (19 h.) y el 4 de octubre en la <strong>Plaza Antinoo, <\/strong><a class=\"ft-link ft-link--decoration\" href=\"https:\/\/www.elcorreoweb.es\/tags\/sevilla-este\/\" target=\"_blank\" rel=\"nofollow noopener\">Sevilla Este <\/a>(19 h.). Cada intervenci\u00f3n tendr\u00e1 una duraci\u00f3n aproximada de 30 minutos.<\/p>\n<p>Proyecciones y danza en di\u00e1logo con &#8216;Carmen&#8217;<\/p>\n<p class=\"ft-text\">La programaci\u00f3n paralela incluye tambi\u00e9n la proyecci\u00f3n en<a class=\"ft-link ft-link--decoration\" href=\"https:\/\/www.elcorreoweb.es\/tags\/caixaforum\/\" target=\"_blank\" rel=\"nofollow noopener\"> CaixaForum Sevilla<\/a> de la \u00f3pera <strong>Tosca <\/strong>de Puccini, en versi\u00f3n grabada en el prestigioso festival de Salzburgo (28 de septiembre, 19 h., precio 6 euros). Y como broche, el 10 de octubre las Setas de Sevilla acoger\u00e1n <strong>Carmen<\/strong>, <strong>150 a\u00f1os de historia<\/strong>, un espect\u00e1culo de danza espa\u00f1ola a cargo del <strong>Conservatorio Profesional de Danza<\/strong> Antonio Ruiz Soler, en el que 16 piezas narrar\u00e1n la vida de la ic\u00f3nica hero\u00edna de Bizet desde una mirada joven y libre.<\/p>\n<p>Exposiciones, rutas y flamenco l\u00edrico<\/p>\n<p class=\"ft-text\">La figura de Carmen, universalizada en la \u00f3pera de Bizet y profundamente vinculada a Sevilla, ser\u00e1 tambi\u00e9n la protagonista de otras iniciativas. La exposici\u00f3n <strong>Looking for Carmen<\/strong>, organizada por Qlamenco, la Asociaci\u00f3n de dise\u00f1adores y empresarios de moda y artesan\u00eda flamenca de Andaluc\u00eda, ubicada en Casa Fabiola explorar\u00e1 su presencia en el imaginario art\u00edstico contempor\u00e1neo.<\/p>\n","protected":false},"excerpt":{"rendered":"Acercar la \u00f3pera al gran p\u00fablico, despojarla de ese halo elitista y fomentar la divulgaci\u00f3n de los grandes&hellip;\n","protected":false},"author":2,"featured_media":124418,"comment_status":"","ping_status":"","sticky":false,"template":"","format":"standard","meta":{"footnotes":""},"categories":[91],"tags":[146,147,25,18115,24,3931,40658,40659,34395,40660,27613,23,30440],"class_list":{"0":"post-124417","1":"post","2":"type-post","3":"status-publish","4":"format-standard","5":"has-post-thumbnail","7":"category-entretenimiento","8":"tag-entertainment","9":"tag-entretenimiento","10":"tag-es","11":"tag-espacios","12":"tag-espana","13":"tag-festival","14":"tag-festival-de-opera","15":"tag-las-setas","16":"tag-maestranza","17":"tag-plaza-de-toros-de-la-maestranza","18":"tag-setas","19":"tag-spain","20":"tag-suman"},"share_on_mastodon":{"url":"","error":""},"_links":{"self":[{"href":"https:\/\/www.europesays.com\/es\/wp-json\/wp\/v2\/posts\/124417","targetHints":{"allow":["GET"]}}],"collection":[{"href":"https:\/\/www.europesays.com\/es\/wp-json\/wp\/v2\/posts"}],"about":[{"href":"https:\/\/www.europesays.com\/es\/wp-json\/wp\/v2\/types\/post"}],"author":[{"embeddable":true,"href":"https:\/\/www.europesays.com\/es\/wp-json\/wp\/v2\/users\/2"}],"replies":[{"embeddable":true,"href":"https:\/\/www.europesays.com\/es\/wp-json\/wp\/v2\/comments?post=124417"}],"version-history":[{"count":0,"href":"https:\/\/www.europesays.com\/es\/wp-json\/wp\/v2\/posts\/124417\/revisions"}],"wp:featuredmedia":[{"embeddable":true,"href":"https:\/\/www.europesays.com\/es\/wp-json\/wp\/v2\/media\/124418"}],"wp:attachment":[{"href":"https:\/\/www.europesays.com\/es\/wp-json\/wp\/v2\/media?parent=124417"}],"wp:term":[{"taxonomy":"category","embeddable":true,"href":"https:\/\/www.europesays.com\/es\/wp-json\/wp\/v2\/categories?post=124417"},{"taxonomy":"post_tag","embeddable":true,"href":"https:\/\/www.europesays.com\/es\/wp-json\/wp\/v2\/tags?post=124417"}],"curies":[{"name":"wp","href":"https:\/\/api.w.org\/{rel}","templated":true}]}}