{"id":124427,"date":"2025-09-19T04:51:14","date_gmt":"2025-09-19T04:51:14","guid":{"rendered":"https:\/\/www.europesays.com\/es\/124427\/"},"modified":"2025-09-19T04:51:14","modified_gmt":"2025-09-19T04:51:14","slug":"el-juez-manda-a-juicio-a-raul-asencio-por-la-difusion-de-un-video-sexual-de-una-menor-y-le-impone-una-fianza-de-15-000e","status":"publish","type":"post","link":"https:\/\/www.europesays.com\/es\/124427\/","title":{"rendered":"El juez manda a juicio a Ra\u00fal Asencio por la difusi\u00f3n de un v\u00eddeo sexual de una menor y le impone una fianza de 15.000\u20ac"},"content":{"rendered":"<p id=\"paragraph_1\">El juez Julio Luis Wood ha abierto juicio oral contra el futbolista <strong>Ra\u00fal Asencio<\/strong> por, supuestamente, haber difundido un v\u00eddeo sexual en el que aparece una menor de edad.<\/p>\n<p class=\"paragraph\" id=\"paragraph_2\">En las im\u00e1genes no aparece Asencio en ning\u00fan momento, quien no tuvo contacto sexual con esta joven.<\/p>\n<p class=\"paragraph\" id=\"paragraph_3\">En una resoluci\u00f3n fechada a inicios de este mes, el magistrado, titular del Juzgado de Instrucci\u00f3n n\u00famero 3 de San Bartolom\u00e9 de Tirajana (Gran Canaria) tambi\u00e9n impone al deportista una fianza de 15.000 euros.\u00a0El juez dio a Asencio un plazo de 24 horas para depositarla.\u00a0<\/p>\n<p class=\"paragraph\" id=\"paragraph_4\">Wood tambi\u00e9n ha mandado al banquillo de los acusados al resto de investigados en esta causa,\u00a0excompa\u00f1eros de Asencio en las secciones inferiores del Real Madrid. <\/p>\n<p class=\"paragraph\" id=\"paragraph_5\">Se trata de\u00a0<strong>Andr\u00e9s Garc\u00eda<\/strong>,\u00a0<strong>Ferr\u00e1n Ruiz<\/strong>\u00a0y\u00a0<strong>Juan Rodr\u00edguez, quienes ya no forman parte del club<\/strong>. Actualmente, Asencio s\u00ed juega en el primer equipo, como defensa.<\/p>\n<p class=\"paragraph\" id=\"paragraph_6\">Esta causa judicial se inicia con las denuncias de dos j\u00f3venes. Una de ellas, menor de edad. La otra, de 18 a\u00f1os.<\/p>\n<p class=\"paragraph\" id=\"paragraph_7\">Ambas relataron que, en junio de 2023, acompa\u00f1adas de otra amiga, pasaron parte del d\u00eda junto a los cuatro investigados\u00a0en el reservado de un\u00a0beach club\u00a0canario, que cuenta con una caba\u00f1a propia.<\/p>\n<p class=\"paragraph\" id=\"paragraph_8\">Seg\u00fan relataba el juez en una resoluci\u00f3n anterior, las dos mujeres accedieron a \u00e9sta junto a\u00a0Andr\u00e9s, Ferr\u00e1n y Juan y all\u00ed mantuvieron relaciones sexuales consentidas con ellas.<\/p>\n<p class=\"paragraph\" id=\"paragraph_9\">El segundo de ellos habr\u00eda comenzado, sin avisarlas y sin el consentimiento de ninguna, a grabar la escena.<\/p>\n<p class=\"paragraph\" id=\"paragraph_10\">Asencio no particip\u00f3 en este acto. Estaba fuera de la caba\u00f1a junto a la tercera joven. De hecho, la denunciante mayor de edad no acusa al futbolista; dirige la acusaci\u00f3n \u00fanicamente contra el resto de excanteranos.<\/p>\n<p class=\"paragraph\" id=\"paragraph_11\">Seg\u00fan precisaba el juez en aquella resoluci\u00f3n anterior,\u00a0<strong>Ra\u00fal Asencio s\u00f3lo pudo visualizar el v\u00eddeo en la modalidad de WhatsApp que s\u00f3lo permite un visionado y no conserv\u00f3 el\u00a0clip\u00a0recibido<\/strong>. <\/p>\n<p class=\"paragraph\" id=\"paragraph_12\">El defensa, no obstante, se lo habr\u00eda ense\u00f1ado a un amigo. Es por ello que la Fiscal\u00eda s\u00f3lo le acusa de dos delitos contra la intimidad.<\/p>\n<p class=\"paragraph\" id=\"paragraph_13\">Sin embargo, el Ministerio P\u00fablico s\u00ed atribuye al resto de investigados, adem\u00e1s, sendos delitos de distribuci\u00f3n de pornograf\u00eda infantil.<\/p>\n<p class=\"paragraph\" id=\"paragraph_14\">El fiscal de este caso solicita para Asencio una pena de dos a\u00f1os y medio de prisi\u00f3n, mientras que para el resto pide una condena de casi el doble, cerca de un lustro de c\u00e1rcel.<\/p>\n","protected":false},"excerpt":{"rendered":"El juez Julio Luis Wood ha abierto juicio oral contra el futbolista Ra\u00fal Asencio por, supuestamente, haber difundido&hellip;\n","protected":false},"author":2,"featured_media":124428,"comment_status":"","ping_status":"","sticky":false,"template":"","format":"standard","meta":{"footnotes":""},"categories":[5],"tags":[17,18,24146,25,24,13,14,4767,282,11,11741,19,20,1567,9,10,15,16,23,12,21,22],"class_list":{"0":"post-124427","1":"post","2":"type-post","3":"status-publish","4":"format-standard","5":"has-post-thumbnail","7":"category-titulares","8":"tag-breaking-news","9":"tag-breakingnews","10":"tag-delitos-sexuales","11":"tag-es","12":"tag-espana","13":"tag-featured-news","14":"tag-featurednews","15":"tag-fiscalia","16":"tag-futbol","17":"tag-headlines","18":"tag-islas-canarias","19":"tag-latest-news","20":"tag-latestnews","21":"tag-menores","22":"tag-news","23":"tag-noticias","24":"tag-noticias-destacadas","25":"tag-noticiasdestacadas","26":"tag-spain","27":"tag-titulares","28":"tag-ultimas-noticias","29":"tag-ultimasnoticias"},"share_on_mastodon":{"url":"","error":""},"_links":{"self":[{"href":"https:\/\/www.europesays.com\/es\/wp-json\/wp\/v2\/posts\/124427","targetHints":{"allow":["GET"]}}],"collection":[{"href":"https:\/\/www.europesays.com\/es\/wp-json\/wp\/v2\/posts"}],"about":[{"href":"https:\/\/www.europesays.com\/es\/wp-json\/wp\/v2\/types\/post"}],"author":[{"embeddable":true,"href":"https:\/\/www.europesays.com\/es\/wp-json\/wp\/v2\/users\/2"}],"replies":[{"embeddable":true,"href":"https:\/\/www.europesays.com\/es\/wp-json\/wp\/v2\/comments?post=124427"}],"version-history":[{"count":0,"href":"https:\/\/www.europesays.com\/es\/wp-json\/wp\/v2\/posts\/124427\/revisions"}],"wp:featuredmedia":[{"embeddable":true,"href":"https:\/\/www.europesays.com\/es\/wp-json\/wp\/v2\/media\/124428"}],"wp:attachment":[{"href":"https:\/\/www.europesays.com\/es\/wp-json\/wp\/v2\/media?parent=124427"}],"wp:term":[{"taxonomy":"category","embeddable":true,"href":"https:\/\/www.europesays.com\/es\/wp-json\/wp\/v2\/categories?post=124427"},{"taxonomy":"post_tag","embeddable":true,"href":"https:\/\/www.europesays.com\/es\/wp-json\/wp\/v2\/tags?post=124427"}],"curies":[{"name":"wp","href":"https:\/\/api.w.org\/{rel}","templated":true}]}}