{"id":124431,"date":"2025-09-19T04:54:08","date_gmt":"2025-09-19T04:54:08","guid":{"rendered":"https:\/\/www.europesays.com\/es\/124431\/"},"modified":"2025-09-19T04:54:08","modified_gmt":"2025-09-19T04:54:08","slug":"ufc-australia-en-vivo-cartelera-horarios-y-donde-ver-uberg-vs-reyes-y-todas-las-peleas","status":"publish","type":"post","link":"https:\/\/www.europesays.com\/es\/124431\/","title":{"rendered":"UFC Australia en vivo: cartelera, horarios y d\u00f3nde ver Uberg vs Reyes y todas las peleas"},"content":{"rendered":"<p>\n                        Publicado <b>18 septiembre, 2025<\/b> por <b>Juan Carlos Campos Rodr\u00edguez<\/b>                    <\/p>\n<blockquote class=\"wp-block-quote is-layout-flow wp-block-quote-is-layout-flow\">\n<p class=\"has-medium-font-size\">La cartelera sufri\u00f3 bajas de \u00faltimo momento<\/p>\n<\/blockquote>\n<p><img fetchpriority=\"high\" decoding=\"async\" width=\"1024\" height=\"576\" src=\"https:\/\/www.europesays.com\/es\/wp-content\/uploads\/2025\/09\/ufc-australia-221735-1024x576.jpg\" alt=\"UFC Australia, en vivo s\u00e1bado 27 de septiembre. Foto: ufcespanol.com\" class=\"wp-image-1075750\"  \/>UFC Australia, en vivo s\u00e1bado 27 de septiembre. Foto: ufcespanol.com<\/p>\n<p>Como ya es tradici\u00f3n, la UFC sigue su marcha y <strong>el pr\u00f3ximo s\u00e1bado 27 de septiembre no ser\u00e1 la excepci\u00f3n con su magna cartelera de <a href=\"https:\/\/www.clarosports.com\/artes-marciales-mixtas\/ufc\/espectacular-nocaut-de-diego-lopes-corona-una-exitosa-velada-para-los-mexicanos-en-noche-ufc\/\" rel=\"nofollow noopener\" target=\"_blank\">UFC Perth<\/a>, misma que se llevar\u00e1 a cabo en la RAC Arena de Perth, Australia<\/strong>, marcando la primera vez que una funci\u00f3n de este tipo se realiza en esa ciudad, misma que <strong>ser\u00e1 estelarizada por los peladores Carlos \u2018Black Jag\u2019 Ulberg de Nueva Zelanda y Dominick \u2018The Devastator\u2019 Reyes de Estados Unidos en la categor\u00eda de los semipesados<\/strong>.Ser\u00e1 adem\u00e1s el primer Fight Night en territorio australiano desde 2018; cabe recordar que a inicios de febrero se llev\u00f3 el UFC 312 en la Qudos Bank Arena de Sydney.<\/p>\n<p>El <strong>evento UFC Perth sufri\u00f3 un cambio de \u00faltimo momento tras confirmarse la cancelaci\u00f3n de la pelea de peso semicompleto entre Junior Tafa e Ibo Aslan<\/strong>, que estaba programada como la coestelar de la funci\u00f3n del pr\u00f3ximo s\u00e1bado.<strong>Su lugar ser\u00e1 tomado por el australiano Jack Jenkins, quien se ver\u00e1 la cara con el estadounidense Ramon Taveras<\/strong> en un duelo de peso pluma vibrante.Para el duelo principal, que ser\u00e1 a cinco asaltos, Black Jag llega con un registro de 13-1, mientras que su oponente The Devastator tiene un r\u00e9cord de 15-4. <\/p>\n<p>Pese a la ausencia de Junior Tafa, <strong>su hermano Justin Tafa se mantiene en la cartelera principal para enfrentar a Louie Sutherland<\/strong>, manteniendo el atractivo local del evento.<\/p>\n<p>\u00bfCu\u00e1ndo es UFC Australia 2025 y d\u00f3nde es la sede oficial?<\/p>\n<p>El <strong><a href=\"https:\/\/www.clarosports.com\/categoria\/ufc\/\" rel=\"nofollow noopener\" target=\"_blank\">UFC Australia 2025<\/a> se celebrar\u00e1 el<\/strong> <strong>28 de septiembre de 2025<\/strong> <strong>en el RAC Arena<\/strong>, ciudad de Perth, Australia, y lo podr\u00e1s seguir por la se\u00f1al de Fox Sports. <\/p>\n<p>\u00bfA qu\u00e9 hora empieza UFC Australia 2025?<\/p>\n<p>La magna cartelera de UFC Ausrtralia 2025 encabezada por Carlos \u2018Black Jag\u2019 Ulberg y Dominick \u2018The Devastator\u2019 Reyes <strong>dar\u00e1 inicio a las 17:00 horas, tiempo del centro de M\u00e9xico.<\/strong><\/p>\n<p>Cartelera completa y orden de las peleas de UFC Australia 2025: preliminares y estelares<\/p>\n<p>La cartelera completa, al momento, de UFC Australia 2025 es la siguiente:<\/p>\n<p><strong>Cartelera principal<\/strong><\/p>\n<ul class=\"wp-block-list\">\n<li>Carlos Ulberg vs Dominick Reyes<\/li>\n<li>Jimmy Crute vs Ivan Erslan<\/li>\n<li>Justin Tafa vs Louie Sutherland<\/li>\n<li>Jack Jenkins vs Ramon Taveras<\/li>\n<li>Jake Matthews vs Neil Magny<\/li>\n<li>Tom Nolan vs Charlie Campbell<\/li>\n<\/ul>\n<p><strong>Preliminares<\/strong><\/p>\n<ul class=\"wp-block-list\">\n<li>Navajo Stirling vs Rodolfo Bellato<\/li>\n<li>Loma Lookboonmee vs Alexia Thainara<\/li>\n<li>Jonathan Micallef vs Oban Elliott<\/li>\n<li>Cameron Rowston vs Andre Petroski<\/li>\n<li>Colby Thicknesse vs Josias Musasa<\/li>\n<li>Jamie Mullarkey vs Rolando Bedoya<\/li>\n<li>Luana Carolina vs Michelle Montague<\/li>\n<li>Brando Pericic vs Elisha Ellison<\/li>\n<\/ul>\n<p>TE PUEDE INTERESAR<\/p>\n","protected":false},"excerpt":{"rendered":"Publicado 18 septiembre, 2025 por Juan Carlos Campos Rodr\u00edguez La cartelera sufri\u00f3 bajas de \u00faltimo momento UFC Australia,&hellip;\n","protected":false},"author":2,"featured_media":124432,"comment_status":"","ping_status":"","sticky":false,"template":"","format":"standard","meta":{"footnotes":""},"categories":[276],"tags":[168,25,24,23,167,343],"class_list":{"0":"post-124431","1":"post","2":"type-post","3":"status-publish","4":"format-standard","5":"has-post-thumbnail","7":"category-ufc","8":"tag-deportes","9":"tag-es","10":"tag-espana","11":"tag-spain","12":"tag-sports","13":"tag-ufc"},"share_on_mastodon":{"url":"","error":""},"_links":{"self":[{"href":"https:\/\/www.europesays.com\/es\/wp-json\/wp\/v2\/posts\/124431","targetHints":{"allow":["GET"]}}],"collection":[{"href":"https:\/\/www.europesays.com\/es\/wp-json\/wp\/v2\/posts"}],"about":[{"href":"https:\/\/www.europesays.com\/es\/wp-json\/wp\/v2\/types\/post"}],"author":[{"embeddable":true,"href":"https:\/\/www.europesays.com\/es\/wp-json\/wp\/v2\/users\/2"}],"replies":[{"embeddable":true,"href":"https:\/\/www.europesays.com\/es\/wp-json\/wp\/v2\/comments?post=124431"}],"version-history":[{"count":0,"href":"https:\/\/www.europesays.com\/es\/wp-json\/wp\/v2\/posts\/124431\/revisions"}],"wp:featuredmedia":[{"embeddable":true,"href":"https:\/\/www.europesays.com\/es\/wp-json\/wp\/v2\/media\/124432"}],"wp:attachment":[{"href":"https:\/\/www.europesays.com\/es\/wp-json\/wp\/v2\/media?parent=124431"}],"wp:term":[{"taxonomy":"category","embeddable":true,"href":"https:\/\/www.europesays.com\/es\/wp-json\/wp\/v2\/categories?post=124431"},{"taxonomy":"post_tag","embeddable":true,"href":"https:\/\/www.europesays.com\/es\/wp-json\/wp\/v2\/tags?post=124431"}],"curies":[{"name":"wp","href":"https:\/\/api.w.org\/{rel}","templated":true}]}}