{"id":124449,"date":"2025-09-19T05:06:20","date_gmt":"2025-09-19T05:06:20","guid":{"rendered":"https:\/\/www.europesays.com\/es\/124449\/"},"modified":"2025-09-19T05:06:20","modified_gmt":"2025-09-19T05:06:20","slug":"the-batman-parte-ii-tendra-a-un-villano-que-nunca-antes-habia-aparecido-en-una-pelicula-afirma-matt-reeves","status":"publish","type":"post","link":"https:\/\/www.europesays.com\/es\/124449\/","title":{"rendered":"The Batman Parte II tendr\u00e1 a un villano que \u00abnunca antes hab\u00eda aparecido en una pel\u00edcula\u00bb, afirma Matt Reeves"},"content":{"rendered":"<p>Matt Reeves revela que el villano principal de The Batman Parte II ser\u00e1 un personaje que \u00abnunca antes hab\u00eda aparecido en una pel\u00edcula\u00bb del Caballero Oscuro.<\/p>\n<p>No cabe duda que una de las <strong>pel\u00edculas<\/strong> m\u00e1s esperadas dentro del g\u00e9nero de los superh\u00e9roes es <a href=\"https:\/\/www.hobbyconsolas.com\/noticias\/batman-parte-ii-confirma-cuando-comenzara-produccion-esperada-secuela-robert-pattinson-1481723\" title=\"The Batman Parte II confirma cu\u00e1ndo comenzar\u00e1 la producci\u00f3n de la esperada secuela con Robert Pattinson\" rel=\"nofollow noopener\" target=\"_blank\">The Batman Parte II<\/a>, la siguiente entrega de la nueva versi\u00f3n del Caballero Oscuro realizada por <a href=\"https:\/\/www.hobbyconsolas.com\/listas\/6-directores-nunca-han-rodado-pelicula-terror-pero-deberian-1289386\" title=\"Directores que nunca han rodado una pel\u00edcula de terror pero que seguramente triunfar\u00edan en el g\u00e9nero\" rel=\"nofollow noopener\" target=\"_blank\">Matt Reeves<\/a>.<\/p>\n<p>Protagonizada por <strong>Robert Pattinson<\/strong>, la primera entrega sigue a <strong>Bruce Wayne<\/strong> en su segundo a\u00f1o como justiciero de la ciudad de Gotham. Este vigilante solitario cuenta con pocos aliados de confianza y eso le ha llevado a convertirse en la \u00fanica encarnaci\u00f3n de la venganza entre sus conciudadanos.<\/p>\n<p>Cuando un asesino apunta a la \u00e9lite de Gotham con una serie de maquinaciones s\u00e1dicas, un rastro de pistas cr\u00edpticas lleva a Batman a realizar una investigaci\u00f3n en el inframundo criminal de la ciudad en busca del misterioso Enigma.<\/p>\n<p><img alt=\"Date de alta en Max\" loading=\"lazy\" width=\"127\" height=\"72\" decoding=\"async\" data-nimg=\"1\" style=\"color:transparent\"  src=\"https:\/\/www.europesays.com\/es\/wp-content\/uploads\/2025\/08\/cardimage1716358365175-3352468.jpg\"\/>Date de alta en Max<\/p>\n<p>Si te gustan series como Friends, Los Soprano o Juego de Tronos, Max tiene estas y muchas m\u00e1s en su cat\u00e1logo.<\/p>\n<p><a class=\"product-button\" href=\"https:\/\/hbomax.prf.hn\/click\/camref:1101lqBFJ\/pubref:HC\" title=\"Date de alta en Max\" data-gacat=\"Tarjetas\" data-gaact=\"impresion-tarjeta\" target=\"_blank\" rel=\"noreferrer nofollow noopener\">Darse de alta<\/a><\/p>\n<p>La pel\u00edcula present\u00f3 a varios villanos populares de los c\u00f3mics de DC, como <strong>el Ping\u00fcino<\/strong> o El Joker, aunque de este \u00faltimo solo tuvimos un breve vistazo.<\/p>\n<p>Si bien se espera que en la secuela el Joker tenga m\u00e1s presencia, su director ha adelantado que ser\u00e1 otro el principal villano de la cinta.<\/p>\n<p>Matt Reeves comparte nuevos detalles de The Batman Parte II<\/p>\n<p>Hablando con <a href=\"https:\/\/www.youtube.com\/watch?v=j9mdvzqLT_Y\" target=\"_blank\" rel=\"nofollow noopener\" title=\"Josh Horowitz\">Josh Horowitz<\/a>, Matt Reeves aport\u00f3 nuevos datos acerca de la esperada secuela del Caballero Oscuro de <a href=\"https:\/\/www.hobbyconsolas.com\/listas\/5-actores-fracasaron-completo-dar-salto-direccion-1402562\" title=\"5 actores que fracasaron por completo al dar el salto a la direcci\u00f3n\" rel=\"nofollow noopener\" target=\"_blank\">Robert Pattinson<\/a>.<\/p>\n<p>Cuando se le pregunt\u00f3 por qui\u00e9n aparecer\u00eda en la nueva pel\u00edcula, el director revel\u00f3 que habr\u00e1 un nuevo villano en The Batman Parte II que pondr\u00e1 a prueba a <a href=\"https:\/\/www.hobbyconsolas.com\/noticias\/batman-robert-pattinson-cuela-guinos-set-clayface-james-gunn-resta-importancia-1483625\" title=\"El Batman de Robert Pattinson se cuela entre los gui\u00f1os del set de Clayface, pero James Gunn le resta importancia\" rel=\"nofollow noopener\" target=\"_blank\">Bruce Wayne<\/a>, y adem\u00e1s se\u00f1ala que <strong>es un personaje que \u00abnunca antes hab\u00eda aparecido en una pel\u00edcula\u00bb del Caballero Oscuro<\/strong>.<\/p>\n<p>En cuanto a qui\u00e9n ser\u00e1 el villano, Matt Reeves no solt\u00f3 prenda al respecto, pero <strong>s\u00ed que confirm\u00f3 que no veremos en la secuela a Sofia Falcone<\/strong>, el personaje que tan brillantemente interpret\u00f3 Cristin Milioti en la serie spin-off <a href=\"https:\/\/www.hobbyconsolas.com\/reviews\/critica-pinguino-1x01-arranque-discreto-serie-puente-batman-2-1406598\" title=\"Cr\u00edtica de El ping\u00fcino 1x01: Un arranque discreto para una serie puente hacia The Batman Part II\" rel=\"nofollow noopener\" target=\"_blank\">El Ping\u00fcino<\/a>.<\/p>\n<p>Con el guion ya listo para arrancar la producci\u00f3n de la <a href=\"https:\/\/www.hobbyconsolas.com\/listas\/7-peliculas-han-reestrenado-aniversarios-homenajes-porque-mejor-cine-ve-pantalla-grande-1383904\" title=\"7 pel\u00edculas que se han reestrenado en aniversarios y homenajes porque el mejor cine se ve en pantalla grande\" rel=\"nofollow noopener\" target=\"_blank\">pel\u00edcula<\/a>, The Batman Parte II tiene su fecha de estreno en cines prevista para el <strong>1 de octubre de 2027<\/strong>. \u00bfQui\u00e9n crees que podr\u00e1 ser el nuevo villano que tiene preparado Matt Reeves para esta entrega?<\/p>\n<p>Conoce <a href=\"https:\/\/www.hobbyconsolas.com\/como-trabajamos\" title=\"&quot;C\u00f3mo trabajamos en HobbyConsolas&quot;\" target=\"_blank\" rel=\"nofollow noopener\">c\u00f3mo trabajamos<\/a> en HobbyConsolas.<\/p>\n","protected":false},"excerpt":{"rendered":"Matt Reeves revela que el villano principal de The Batman Parte II ser\u00e1 un personaje que \u00abnunca antes&hellip;\n","protected":false},"author":2,"featured_media":32228,"comment_status":"","ping_status":"","sticky":false,"template":"","format":"standard","meta":{"footnotes":""},"categories":[169],"tags":[177,146,147,25,24,176,175,23],"class_list":{"0":"post-124449","1":"post","2":"type-post","3":"status-publish","4":"format-standard","5":"has-post-thumbnail","7":"category-cine","8":"tag-cine","9":"tag-entertainment","10":"tag-entretenimiento","11":"tag-es","12":"tag-espana","13":"tag-film","14":"tag-movies","15":"tag-spain"},"share_on_mastodon":{"url":"","error":""},"_links":{"self":[{"href":"https:\/\/www.europesays.com\/es\/wp-json\/wp\/v2\/posts\/124449","targetHints":{"allow":["GET"]}}],"collection":[{"href":"https:\/\/www.europesays.com\/es\/wp-json\/wp\/v2\/posts"}],"about":[{"href":"https:\/\/www.europesays.com\/es\/wp-json\/wp\/v2\/types\/post"}],"author":[{"embeddable":true,"href":"https:\/\/www.europesays.com\/es\/wp-json\/wp\/v2\/users\/2"}],"replies":[{"embeddable":true,"href":"https:\/\/www.europesays.com\/es\/wp-json\/wp\/v2\/comments?post=124449"}],"version-history":[{"count":0,"href":"https:\/\/www.europesays.com\/es\/wp-json\/wp\/v2\/posts\/124449\/revisions"}],"wp:featuredmedia":[{"embeddable":true,"href":"https:\/\/www.europesays.com\/es\/wp-json\/wp\/v2\/media\/32228"}],"wp:attachment":[{"href":"https:\/\/www.europesays.com\/es\/wp-json\/wp\/v2\/media?parent=124449"}],"wp:term":[{"taxonomy":"category","embeddable":true,"href":"https:\/\/www.europesays.com\/es\/wp-json\/wp\/v2\/categories?post=124449"},{"taxonomy":"post_tag","embeddable":true,"href":"https:\/\/www.europesays.com\/es\/wp-json\/wp\/v2\/tags?post=124449"}],"curies":[{"name":"wp","href":"https:\/\/api.w.org\/{rel}","templated":true}]}}