{"id":124462,"date":"2025-09-19T05:13:09","date_gmt":"2025-09-19T05:13:09","guid":{"rendered":"https:\/\/www.europesays.com\/es\/124462\/"},"modified":"2025-09-19T05:13:09","modified_gmt":"2025-09-19T05:13:09","slug":"ayuso-se-diferencia-de-la-estrategia-de-feijoo-sobre-gaza-y-tensiona-el-pp-el-pais-expres","status":"publish","type":"post","link":"https:\/\/www.europesays.com\/es\/124462\/","title":{"rendered":"Ayuso se diferencia de la estrategia de Feij\u00f3o sobre Gaza (y tensiona el PP) | El PA\u00cdS Expr\u00e9s"},"content":{"rendered":"<p><img fetchpriority=\"high\" decoding=\"auto\" class=\"_re  a_m-h\" height=\"414\"  width=\"414\"  src=\"https:\/\/www.europesays.com\/es\/wp-content\/uploads\/2025\/09\/DTEKDFMTSRH7FBQ372JUF6ZO2U.jpg\" loading=\"eager\"\/>MADRID, 18\/09\/2025.- La presidenta de la Comunidad de Madrid, Isabel D\u00edaz Ayuso, interviene durante el pleno celebrado, este jueves, en la Asamblea de Madrid. EFE\/ Sergio P\u00e9rez&#13;<br \/>\nFoto: Sergio P\u00e9rez (EFE)<\/p>\n<p class=\"\">La tensi\u00f3n interna en el PP vuelve a aflorar con la guerra en Gaza como tel\u00f3n de fondo. Mientras Alberto N\u00fa\u00f1ez Feij\u00f3o intenta mantener un discurso cr\u00edtico con la \u201cmasacre de civiles\u201d que est\u00e1 cometiendo Israel, Isabel D\u00edaz Ayuso insiste en marcar perfil propio. <\/p>\n<p class=\"\"><b>La presidenta de la Comunidad de Madrid se aproxima simb\u00f3licamente a Israel: <\/b><\/p>\n<ul>\n<li>Ha prohibido las banderas palestinas y cualquier simbolog\u00eda de apoyo a Gaza en los centros educativos p\u00fablicos y concertados de la regi\u00f3n.<\/li>\n<li>Y este jueves anunci\u00f3 que entregar\u00e1 de la Medalla Internacional al ganador de la Vuelta ciclista (Jonas Vingegaard) y la Medalla de Oro a la organizaci\u00f3n de la carrera, en el centro de la pol\u00e9mica por su boicot por parte de manifestantes propalestinos.<\/li>\n<\/ul>\n<p class=\"\"><b>Ayuso ya hab\u00eda mostrado esta din\u00e1mica antes: <\/b>entrar en debates que Feij\u00f3o pretende esquivar y erigirse como antagonista de Pedro S\u00e1nchez, reforzando su liderazgo interno. <\/p>\n<ul>\n<li>Algunos dirigentes creen que su actitud busca desviar la atenci\u00f3n de su gesti\u00f3n madrile\u00f1a, pero reconocen que no le resta apoyos. <\/li>\n<li>Su estilo populista, cercano al de Jos\u00e9 Mar\u00eda Aznar, contrasta con la postura \u201csensata y responsable\u201d de Feij\u00f3o, seg\u00fan algunos barones.<\/li>\n<\/ul>\n<p class=\"\">\u00a9Foto: Sergio P\u00e9rez (EFE)<\/p>\n<p class=\"\"><a href=\"https:\/\/elpais.com\/espana\/2025-09-19\/ayuso-tensiona-al-pp-al-resistirse-a-acatar-a-la-estrategia-de-feijoo-sobre-gaza.html\" target=\"_self\" rel=\"nofollow noopener\" title=\"https:\/\/elpais.com\/espana\/2025-09-19\/ayuso-tensiona-al-pp-al-resistirse-a-acatar-a-la-estrategia-de-feijoo-sobre-gaza.html\">Si quieres saber m\u00e1s, puedes leer aqu\u00ed.<\/a><\/p>\n","protected":false},"excerpt":{"rendered":"MADRID, 18\/09\/2025.- La presidenta de la Comunidad de Madrid, Isabel D\u00edaz Ayuso, interviene durante el pleno celebrado, este&hellip;\n","protected":false},"author":2,"featured_media":124463,"comment_status":"","ping_status":"","sticky":false,"template":"","format":"standard","meta":{"footnotes":""},"categories":[8],"tags":[6069,17,18,68,71,25,24,13,14,73,69,75,11,3515,74,3516,19,20,9,10,15,16,76,956,18514,23,12,21,22,7603],"class_list":{"0":"post-124462","1":"post","2":"type-post","3":"status-publish","4":"format-standard","5":"has-post-thumbnail","7":"category-espana","8":"tag-alberto-nunez-feijoo","9":"tag-breaking-news","10":"tag-breakingnews","11":"tag-conflicto-arabe-israeli","12":"tag-conflictos-armados","13":"tag-es","14":"tag-espana","15":"tag-featured-news","16":"tag-featurednews","17":"tag-franja-gaza","18":"tag-guerra","19":"tag-hamas","20":"tag-headlines","21":"tag-isabel-diaz-ayuso","22":"tag-israel","23":"tag-jose-luis-martinez-almeida","24":"tag-latest-news","25":"tag-latestnews","26":"tag-news","27":"tag-noticias","28":"tag-noticias-destacadas","29":"tag-noticiasdestacadas","30":"tag-palestina","31":"tag-pp","32":"tag-pp-madrid","33":"tag-spain","34":"tag-titulares","35":"tag-ultimas-noticias","36":"tag-ultimasnoticias","37":"tag-vuelta-espana"},"share_on_mastodon":{"url":"","error":""},"_links":{"self":[{"href":"https:\/\/www.europesays.com\/es\/wp-json\/wp\/v2\/posts\/124462","targetHints":{"allow":["GET"]}}],"collection":[{"href":"https:\/\/www.europesays.com\/es\/wp-json\/wp\/v2\/posts"}],"about":[{"href":"https:\/\/www.europesays.com\/es\/wp-json\/wp\/v2\/types\/post"}],"author":[{"embeddable":true,"href":"https:\/\/www.europesays.com\/es\/wp-json\/wp\/v2\/users\/2"}],"replies":[{"embeddable":true,"href":"https:\/\/www.europesays.com\/es\/wp-json\/wp\/v2\/comments?post=124462"}],"version-history":[{"count":0,"href":"https:\/\/www.europesays.com\/es\/wp-json\/wp\/v2\/posts\/124462\/revisions"}],"wp:featuredmedia":[{"embeddable":true,"href":"https:\/\/www.europesays.com\/es\/wp-json\/wp\/v2\/media\/124463"}],"wp:attachment":[{"href":"https:\/\/www.europesays.com\/es\/wp-json\/wp\/v2\/media?parent=124462"}],"wp:term":[{"taxonomy":"category","embeddable":true,"href":"https:\/\/www.europesays.com\/es\/wp-json\/wp\/v2\/categories?post=124462"},{"taxonomy":"post_tag","embeddable":true,"href":"https:\/\/www.europesays.com\/es\/wp-json\/wp\/v2\/tags?post=124462"}],"curies":[{"name":"wp","href":"https:\/\/api.w.org\/{rel}","templated":true}]}}