{"id":124464,"date":"2025-09-19T05:14:19","date_gmt":"2025-09-19T05:14:19","guid":{"rendered":"https:\/\/www.europesays.com\/es\/124464\/"},"modified":"2025-09-19T05:14:19","modified_gmt":"2025-09-19T05:14:19","slug":"alicante-adjudica-las-reformas-y-mejoras-en-13-centros-educativos-por-370-000-euros","status":"publish","type":"post","link":"https:\/\/www.europesays.com\/es\/124464\/","title":{"rendered":"Alicante adjudica las reformas y mejoras en 13 centros educativos por 370.000 euros"},"content":{"rendered":"<p><strong>Alicante, 18 de septiembre de 2025.\u00a0<\/strong>El Ayuntamiento de Alicante ha adjudicado este jueves en Junta de Gobierno extraordinaria el contrato por lotes para la ejecuci\u00f3n de obras de reformas y mejoras en 13 centros educativos de la ciudad. En el marco de este acuerdo se incluye la reparaci\u00f3n de la cornisa del CEIP \u00d3scar Espl\u00e1, que se va a priorizar y agilizar y en cuya soluci\u00f3n ya trabaja el Ayuntamiento. Asimismo, se adecuar\u00e1n los patios en los CEIP Benal\u00faa y San Blas y acondicionar\u00e1n las rampas en los CEIP Gloria Fuertes y Rafael Altamira.<\/p>\n<p>El contrato, dividido en 13 lotes, contempla tambi\u00e9n actuaciones en los colegios Benal\u00faa, Gloria Fuertes, Nou d\u2019Octubre, La Aneja, Voramar, Rafael Altamira, Enric Valor, San Blas, Ram\u00f3n Llull, Santa Faz, Gabriel Mir\u00f3 y Florida, as\u00ed como en la escuela infantil El Tossalet. El lote 5, correspondiente al acondicionamiento de rampa de acceso en escaleras de patio interior en CEIP Voramar, ha quedado desierto, al quedar descartada la \u00fanica empresa licitadora, por lo que se volver\u00e1 a sacar a concurso. El resto de los lotes se han adjudicado por un importe global de 369.526 euros.<\/p>\n<p>La concejala Infraestructuras, Cristina Garc\u00eda, se\u00f1ala que, para el equipo de Gobierno, \u201cel mantenimiento y mejora de las infraestructuras educativas es una prioridad, como demuestra el nuevo contrato que hemos sacado a licitaci\u00f3n recientemente, que multiplica por tres el presupuesto asignado a esta partida, hasta alcanzar los 1,3 millones anuales, tal y como acordamos con el grupo municipal Vox\u201d.<\/p>\n<p>Mejoras contempladas<\/p>\n<p>En concreto, las obras que se van a ejecutar y las empresas adjudicatarias son las siguientes:<\/p>\n<p>&#8211; Lote 1. Reparaci\u00f3n de pavimento y adecuaci\u00f3n de zona de juegos infantiles en el patio de Infantil del CEIP Benal\u00faa, con un plazo de ejecuci\u00f3n de 90 d\u00edas naturales. Grupo Niberma S. L. Adjudicado por 108.848 euros.<\/p>\n<p>&#8211; Lote 2: Acondicionamiento de rampa de acceso al patio de infantil en el CEIP Gloria Fuertes, con un plazo de ejecuci\u00f3n de 90 d\u00edas naturales. Evealia Levante S. L. Adjudicado por 25.562 euros.<\/p>\n<p>&#8211; Lote 3: Repintado de paramentos interiores del edificio principal del CEIP Nou d\u2019octubre, con un plazo de ejecuci\u00f3n de 75 d\u00edas naturales. Esclap\u00e9s e Hijos S. L. Adjudicado por 28.253 euros.<\/p>\n<p>&#8211; Lote 4: Reparaci\u00f3n y saneado de viguetas del forjado en la planta s\u00f3tano del CEIP pr\u00e1cticas La Aneja, con un plazo de ejecuci\u00f3n de 60 d\u00edas naturales. Inelsa Ingenier\u00eda Infraestructuras S. L. Adjudicado por 16.685 euros.<\/p>\n<p>&#8211; Lote 5: Acondicionamiento de rampa de acceso en escaleras de patio interior en CEIP Voramar, con un plazo de ejecuci\u00f3n de 90 d\u00edas naturales. Desierto.<\/p>\n<p>&#8211; Lote 6: Acondicionamiento de rampas de acceso a aulas de infantil desde el patio en el CEIP Rafael Altamira, con un plazo de ejecuci\u00f3n de 60 d\u00edas naturales. Inelsa Ingenier\u00eda Infraestructuras S. L. Adjudicado por 19.698 euros.<\/p>\n<p>&#8211; Lote 7: Reparaci\u00f3n del frente de forjado y canal\u00f3n de la cubierta del CEIP Enric Valor, con un plazo de ejecuci\u00f3n de 32 d\u00edas naturales. Evealia Levante S. L. Adjudicado por 45.437 euros.<\/p>\n<p>&#8211; Lote 8: Acondicionamiento zona patio infantil del CEIP San Blas, con un plazo de ejecuci\u00f3n 60 d\u00edas naturales. Evealia Levante S. L. Adjudicado por 18.401 euros.<\/p>\n<p>&#8211; Lote 9: Acondicionamiento de conserjer\u00edas en CEIP Ram\u00f3n Llull y CEIP Santa Faz, con un plazo de ejecuci\u00f3n de 30 d\u00edas naturales. Esclap\u00e9s e Hijos S. L. Adjudicado por 16.262 euros.<\/p>\n<p>&#8211; Lote 10: Reforma de los accesos del porche oeste para personas con movilidad reducida en el CEIP Gabriel Mir\u00f3, con un plazo de ejecuci\u00f3n de 60 d\u00edas naturales. Obras, Servicios y Construcciones Benacantil del Levante S. L. Adjudicado por 37.510 euros.<\/p>\n<p>&#8211; Lote 11: Reparaci\u00f3n de dinteles en CEIP Florida, con un plazo de ejecuci\u00f3n de 30 d\u00edas naturales. Obras, Servicios y Construcciones Benacantil del Levante S. L. Adjudicado por 20.267 euros.<\/p>\n<p>&#8211; Lote 12: Reforma para adaptar el almac\u00e9n existente en aseo infantil en escuela infantil El Tossalet, con un plazo de ejecuci\u00f3n de 30 d\u00edas naturales. Esclap\u00e9s e Hijos S. L. Adjudicado por 18.258 euros.<\/p>\n<p>&#8211; Lote 13: Reparaci\u00f3n cornisa CEIP \u00d3scar Espl\u00e1, con un plazo de ejecuci\u00f3n de 30 d\u00edas naturales. Obras, Servicios y Construcciones Benacantil del Levante S. L. Adjudicado por 14.338 euros.<\/p>\n","protected":false},"excerpt":{"rendered":"Alicante, 18 de septiembre de 2025.\u00a0El Ayuntamiento de Alicante ha adjudicado este jueves en Junta de Gobierno extraordinaria&hellip;\n","protected":false},"author":2,"featured_media":124465,"comment_status":"","ping_status":"","sticky":false,"template":"","format":"standard","meta":{"footnotes":""},"categories":[5],"tags":[17,18,25,24,13,14,11,19,20,9,10,15,16,23,12,21,22],"class_list":{"0":"post-124464","1":"post","2":"type-post","3":"status-publish","4":"format-standard","5":"has-post-thumbnail","7":"category-titulares","8":"tag-breaking-news","9":"tag-breakingnews","10":"tag-es","11":"tag-espana","12":"tag-featured-news","13":"tag-featurednews","14":"tag-headlines","15":"tag-latest-news","16":"tag-latestnews","17":"tag-news","18":"tag-noticias","19":"tag-noticias-destacadas","20":"tag-noticiasdestacadas","21":"tag-spain","22":"tag-titulares","23":"tag-ultimas-noticias","24":"tag-ultimasnoticias"},"share_on_mastodon":{"url":"","error":""},"_links":{"self":[{"href":"https:\/\/www.europesays.com\/es\/wp-json\/wp\/v2\/posts\/124464","targetHints":{"allow":["GET"]}}],"collection":[{"href":"https:\/\/www.europesays.com\/es\/wp-json\/wp\/v2\/posts"}],"about":[{"href":"https:\/\/www.europesays.com\/es\/wp-json\/wp\/v2\/types\/post"}],"author":[{"embeddable":true,"href":"https:\/\/www.europesays.com\/es\/wp-json\/wp\/v2\/users\/2"}],"replies":[{"embeddable":true,"href":"https:\/\/www.europesays.com\/es\/wp-json\/wp\/v2\/comments?post=124464"}],"version-history":[{"count":0,"href":"https:\/\/www.europesays.com\/es\/wp-json\/wp\/v2\/posts\/124464\/revisions"}],"wp:featuredmedia":[{"embeddable":true,"href":"https:\/\/www.europesays.com\/es\/wp-json\/wp\/v2\/media\/124465"}],"wp:attachment":[{"href":"https:\/\/www.europesays.com\/es\/wp-json\/wp\/v2\/media?parent=124464"}],"wp:term":[{"taxonomy":"category","embeddable":true,"href":"https:\/\/www.europesays.com\/es\/wp-json\/wp\/v2\/categories?post=124464"},{"taxonomy":"post_tag","embeddable":true,"href":"https:\/\/www.europesays.com\/es\/wp-json\/wp\/v2\/tags?post=124464"}],"curies":[{"name":"wp","href":"https:\/\/api.w.org\/{rel}","templated":true}]}}