{"id":124475,"date":"2025-09-19T05:23:10","date_gmt":"2025-09-19T05:23:10","guid":{"rendered":"https:\/\/www.europesays.com\/es\/124475\/"},"modified":"2025-09-19T05:23:10","modified_gmt":"2025-09-19T05:23:10","slug":"los-partidos-que-se-perdera-pablo-garcia-con-el-betis-por-el-mundial","status":"publish","type":"post","link":"https:\/\/www.europesays.com\/es\/124475\/","title":{"rendered":"Los partidos que se perder\u00e1 Pablo Garc\u00eda con el Betis por el Mundial"},"content":{"rendered":"<p>El joven delantero verdiblanco ha sido convocado por Paco Gallardo, el seleccionador de la sub 20<\/p>\n<p><img fetchpriority=\"high\" class=\"voc-img\" src=\"https:\/\/www.europesays.com\/es\/wp-content\/uploads\/2025\/09\/1500001352-R1ZsZg9tzzN6eXLiz2PmT2J-1200x840@diario_abc.jpg\" loading=\"eager\" decoding=\"async\" alt=\"Pablo Garc\u00eda, durante un partido con el Betis de este curso\" width=\"1200\" height=\"840\"\/><\/p>\n<p>Pablo Garc\u00eda, durante un partido con el Betis de este curso    efe  <\/p>\n<p><img decoding=\"async\" class=\"voc-author__img\" src=\"https:\/\/www.europesays.com\/es\/wp-content\/uploads\/2025\/09\/autor-6269-foto-5.jpeg\" alt=\"Nacho P\u00e9rez\"\/><\/p>\n<p>18\/09\/2025<br \/>\n<br \/><strong><br \/>\nActualizado a las 23:32h.<br \/>\n<\/strong><\/p>\n<p class=\"voc-p\" style=\"\"><strong>Pablo Garc\u00eda<\/strong> recibi\u00f3 el mi\u00e9rcoles la noticia de que estar\u00e1 en el equipo espa\u00f1ol que buscar\u00e1 conquistar el <strong>Mundial sub 20<\/strong>. Paco Gallardo ha decidido contar con el joven delantero del <strong>Betis<\/strong> para esta prestigiosa cita que, no obstante, impedir\u00e1 al punta de <strong>19 a\u00f1os<\/strong> estar disponible para algunos partidos con el primer equipo. <\/p>\n<p class=\"voc-p\" style=\"\">El Mundial sub 20 se disputar\u00e1 en <strong>Chile<\/strong> y los futbolistas citados por la selecci\u00f3n espa\u00f1ola viajar\u00e1n al pa\u00eds sudamericano el <strong>p<\/strong><strong>r\u00f3ximo lunes 22 de septiembre<\/strong>. El equipo de Paco Gallardo, que buscar\u00e1 el segundo t\u00edtulo de este tipo tras doce a\u00f1os de ausencia, se medir\u00e1 en la fase de grupos el d\u00eda 28 a <strong>Marruecos<\/strong>, el 1 de octubre a <strong>M\u00e9xico<\/strong> y el 4 a <strong>Brasil<\/strong>.  <\/p>\n<p class=\"voc-p\" style=\"\">As\u00ed, Pablo Garc\u00eda <strong>se perder\u00e1, como m\u00ednimo, los encuentros ante el Nottingham Forest y el Ludogorets Razgrad en la Europa League y frente al Osasuna y el Espanyol en LaLiga<\/strong>. Si Espa\u00f1a consiguiera avanzar en las siguientes rondas hasta alcanzar la final, a esos duelos <strong>habr\u00eda que a\u00f1adir el enfrentamiento ante el Villarreal<\/strong> programado para el 18 de octubre. En caso de que Espa\u00f1a jugase la final del torneo, que se celebrar\u00e1 el d\u00eda 19, Pablo Garc\u00eda podr\u00eda estar disponible si no sucediera ning\u00fan inconveniente, para disputar el Genk-Betis del pr\u00f3ximo 23 de octubre. <\/p>\n<p class=\"voc-p\" style=\"\">En este comienzo de competici\u00f3n, Pablo Garc\u00eda ha formado siempre parte de las convocatorias del primer equipo y ha participado en cuatro de los cinco duelos ligueros. Ante la Real Sociedad, si Pellegrini lo considera oportuno, volver\u00e1 a estar disponible. <\/p>\n<p>Reportar un error<\/p>\n","protected":false},"excerpt":{"rendered":"El joven delantero verdiblanco ha sido convocado por Paco Gallardo, el seleccionador de la sub 20 Pablo Garc\u00eda,&hellip;\n","protected":false},"author":2,"featured_media":124476,"comment_status":"","ping_status":"","sticky":false,"template":"","format":"standard","meta":{"footnotes":""},"categories":[268],"tags":[291,168,25,24,280,282,3142,618,6758,17584,281,23,167],"class_list":{"0":"post-124475","1":"post","2":"type-post","3":"status-publish","4":"format-standard","5":"has-post-thumbnail","7":"category-futbol","8":"tag-betis","9":"tag-deportes","10":"tag-es","11":"tag-espana","12":"tag-football","13":"tag-futbol","14":"tag-garcia","15":"tag-pablo","16":"tag-partidos","17":"tag-perdera","18":"tag-soccer","19":"tag-spain","20":"tag-sports"},"share_on_mastodon":{"url":"","error":""},"_links":{"self":[{"href":"https:\/\/www.europesays.com\/es\/wp-json\/wp\/v2\/posts\/124475","targetHints":{"allow":["GET"]}}],"collection":[{"href":"https:\/\/www.europesays.com\/es\/wp-json\/wp\/v2\/posts"}],"about":[{"href":"https:\/\/www.europesays.com\/es\/wp-json\/wp\/v2\/types\/post"}],"author":[{"embeddable":true,"href":"https:\/\/www.europesays.com\/es\/wp-json\/wp\/v2\/users\/2"}],"replies":[{"embeddable":true,"href":"https:\/\/www.europesays.com\/es\/wp-json\/wp\/v2\/comments?post=124475"}],"version-history":[{"count":0,"href":"https:\/\/www.europesays.com\/es\/wp-json\/wp\/v2\/posts\/124475\/revisions"}],"wp:featuredmedia":[{"embeddable":true,"href":"https:\/\/www.europesays.com\/es\/wp-json\/wp\/v2\/media\/124476"}],"wp:attachment":[{"href":"https:\/\/www.europesays.com\/es\/wp-json\/wp\/v2\/media?parent=124475"}],"wp:term":[{"taxonomy":"category","embeddable":true,"href":"https:\/\/www.europesays.com\/es\/wp-json\/wp\/v2\/categories?post=124475"},{"taxonomy":"post_tag","embeddable":true,"href":"https:\/\/www.europesays.com\/es\/wp-json\/wp\/v2\/tags?post=124475"}],"curies":[{"name":"wp","href":"https:\/\/api.w.org\/{rel}","templated":true}]}}