{"id":124477,"date":"2025-09-19T05:24:10","date_gmt":"2025-09-19T05:24:10","guid":{"rendered":"https:\/\/www.europesays.com\/es\/124477\/"},"modified":"2025-09-19T05:24:10","modified_gmt":"2025-09-19T05:24:10","slug":"hay-hombres-que-se-hacen-mayores-parecen-mujeres-y-nadie-le-pide-una-fe-de-hombria-al-cantante-de-aerosmith","status":"publish","type":"post","link":"https:\/\/www.europesays.com\/es\/124477\/","title":{"rendered":"Hay hombres que se hacen mayores, parecen mujeres y nadie le pide una fe de hombr\u00eda al cantante de Aerosmith"},"content":{"rendered":"<p class=\"L6-news-detail__text\">Al igual que Brigitte Macron, <b><a title=\"muchas primeras damas han sido v\u00edctimas de bulos tr\u00e1nsfobos\" href=\"https:\/\/www.lasexta.com\/programas\/mas-vale-tarde\/mas-vale-tarde-repasa-bulos-transfobos-extrema-derecha-mujeres-presidentes_2025091868cc3fdfa2dd1a7e0d099b9c.html\" target=\"_blank\" rel=\"nofollow noopener\">muchas primeras damas han sido v\u00edctimas de bulos tr\u00e1nsfobos<\/a><\/b> de la extrema derecha. Por ejemplo, Bego\u00f1a G\u00f3mez, esposa de Pedro S\u00e1nchez, o Michelle Obama, mujer del expresidente estadounidense, tambi\u00e9n han sido las <b>protagonistas de montajes fotogr\u00e1ficos<\/b> en redes sociales que buscaban demostrar que hab\u00edan nacido var\u00f3n.<\/p>\n<p class=\"L6-news-detail__text\"><b><a title=\"I\u00f1aki L\u00f3pez\" href=\"https:\/\/www.lasexta.com\/temas\/inaki_lopez-1\" target=\"_blank\" rel=\"nofollow noopener\">I\u00f1aki L\u00f3pez<\/a><\/b> expone que solo las mujeres son <b>v\u00edctimas de este tipo de noticias falsas<\/b>. \u00abHay hombres que, a medida que se van haciendo mayores, parecen mujeres y nadie les pide una <b>fe de hombr\u00eda<\/b> al cantante de Aerosmith\u00bb, afirma el presentador.<\/p>\n<p class=\"L6-news-detail__text\">\u00abEs absurdo\u00bb, a\u00f1ade, \u00ab<b>y solo afecta, como no, a las mujere<\/b>s\u00bb. Benjam\u00edn Prado, por su parte afirma: \u00abEl problema no es ser hombre o mujer, <b>es ser imb\u00e9cil<\/b> y expresarlo, adem\u00e1s, por canales de televisi\u00f3n\u00bb.<\/p>\n<p>El escritor expone que los franceses <b>tienen mayores preocupaciones<\/b> como, por ejemplo, la huelga a la que se enfrenta el pa\u00eds o los recortes presupuestarios en sanidad, en educaci\u00f3n o en las pensiones. \u00ab\u00bf<b>Quieres decir que Macron est\u00e1 intentando desviar la atenci\u00f3n<\/b>?\u00bb, ironiza Cristina Pardo. \u00abNo, quiero decir que Francia tiene problemas para tomarse mucho m\u00e1s en serio que todo esto\u00bb, responde Prado. \t    <\/p>\n<p class=\"L6-support-news-video__title\">La tele israel\u00ed se hace eco<\/p>\n<p>            <a href=\"https:\/\/www.lasexta.com\/programas\/mas-vale-tarde\/inaki-lopez-suma-reto-wyoming-manda-peineta-netanyahu-correcto-esta-mano-otra_2025091868cc58b7a2dd1a7e0d09d0a6.html\" class=\"L6-news__link\" rel=\"nofollow noopener\" target=\"_blank\"><br \/>\n                I\u00f1aki L\u00f3pez se suma al &#8216;no reto&#8217; de Wyoming y manda una peineta a Netanyahu: \u00abNo es correcto, ni con esta mano ni con la otra\u00bb<\/p>\n<p class=\"recirculation-video-desc\">La televisi\u00f3n israel\u00ed se ha hecho eco del &#8216;no reto viral&#8217; en el que Wyoming &#8216;no&#8217; animaba a hacerse una foto en redes sociales mandando una peineta a Netanyahu. En este v\u00eddeo, I\u00f1aki L\u00f3pez se suma al llamamiento de El Intermedio.<\/p>\n<p>            <\/a><\/p>\n","protected":false},"excerpt":{"rendered":"Al igual que Brigitte Macron, muchas primeras damas han sido v\u00edctimas de bulos tr\u00e1nsfobos de la extrema derecha.&hellip;\n","protected":false},"author":2,"featured_media":124478,"comment_status":"","ping_status":"","sticky":false,"template":"","format":"standard","meta":{"footnotes":""},"categories":[174],"tags":[255,146,147,25,24,256,23],"class_list":{"0":"post-124477","1":"post","2":"type-post","3":"status-publish","4":"format-standard","5":"has-post-thumbnail","7":"category-famosos","8":"tag-celebrities","9":"tag-entertainment","10":"tag-entretenimiento","11":"tag-es","12":"tag-espana","13":"tag-famosos","14":"tag-spain"},"share_on_mastodon":{"url":"","error":""},"_links":{"self":[{"href":"https:\/\/www.europesays.com\/es\/wp-json\/wp\/v2\/posts\/124477","targetHints":{"allow":["GET"]}}],"collection":[{"href":"https:\/\/www.europesays.com\/es\/wp-json\/wp\/v2\/posts"}],"about":[{"href":"https:\/\/www.europesays.com\/es\/wp-json\/wp\/v2\/types\/post"}],"author":[{"embeddable":true,"href":"https:\/\/www.europesays.com\/es\/wp-json\/wp\/v2\/users\/2"}],"replies":[{"embeddable":true,"href":"https:\/\/www.europesays.com\/es\/wp-json\/wp\/v2\/comments?post=124477"}],"version-history":[{"count":0,"href":"https:\/\/www.europesays.com\/es\/wp-json\/wp\/v2\/posts\/124477\/revisions"}],"wp:featuredmedia":[{"embeddable":true,"href":"https:\/\/www.europesays.com\/es\/wp-json\/wp\/v2\/media\/124478"}],"wp:attachment":[{"href":"https:\/\/www.europesays.com\/es\/wp-json\/wp\/v2\/media?parent=124477"}],"wp:term":[{"taxonomy":"category","embeddable":true,"href":"https:\/\/www.europesays.com\/es\/wp-json\/wp\/v2\/categories?post=124477"},{"taxonomy":"post_tag","embeddable":true,"href":"https:\/\/www.europesays.com\/es\/wp-json\/wp\/v2\/tags?post=124477"}],"curies":[{"name":"wp","href":"https:\/\/api.w.org\/{rel}","templated":true}]}}