{"id":124515,"date":"2025-09-19T05:47:20","date_gmt":"2025-09-19T05:47:20","guid":{"rendered":"https:\/\/www.europesays.com\/es\/124515\/"},"modified":"2025-09-19T05:47:20","modified_gmt":"2025-09-19T05:47:20","slug":"carolina-a-herrera-o-como-llevar-aberturas-con-elegancia-a-los-50","status":"publish","type":"post","link":"https:\/\/www.europesays.com\/es\/124515\/","title":{"rendered":"Carolina A. Herrera o c\u00f3mo llevar aberturas con elegancia a los 50"},"content":{"rendered":"<p data-journey-content=\"true\" data-node-id=\"2\" class=\"css-6wxqfj emevuu60\">Ha llegado el d\u00eda. Hoy, jueves 18 de septiembre, se celebrar\u00e1 en <strong data-node-id=\"2.1\">la Plaza Mayor de Madrid<\/strong> el <strong data-node-id=\"2.3\">desfile Primavera-Verano 2026 de <a href=\"https:\/\/www.elle.com\/es\/moda\/noticias\/a45855874\/wes-gordon-carolina-herrera-entrevista\/\" data-vars-ga-outbound-link=\"https:\/\/www.elle.com\/es\/moda\/noticias\/a45855874\/wes-gordon-carolina-herrera-entrevista\/\" data-vars-ga-ux-element=\"Hyperlink\" data-vars-ga-call-to-action=\"Carolina Herrera\" data-node-id=\"2.3.1\" class=\"body-link css-103hk4r emevuu60\" rel=\"nofollow noopener\" target=\"_blank\">Carolina Herrera<\/a><\/strong>. Un hecho hist\u00f3rico en la industria de la moda que inundar\u00e1 de estilo, glamour y expectaci\u00f3n una de las plazas m\u00e1s emblem\u00e1ticas de la capital espa\u00f1ola. <br data-node-id=\"2.5\"\/><\/p>\n<p data-journey-content=\"true\" data-node-id=\"3\" class=\"css-6wxqfj emevuu60\">Se espera que la cita atraiga a m\u00e1s de 800 invitados, entre los que habr\u00e1 numerosos &#8216;celebrities&#8217; nacionales e internacionales. Y, por supuesto, una de las invitadas clave del evento ser\u00e1 <strong data-node-id=\"3.1\"><a href=\"https:\/\/www.elle.com\/es\/star-style\/el-estilo-de\/a60042126\/carolina-adriana-herrera-fundacion-aladina-elle-evento-cancer-infantil\/\" data-vars-ga-outbound-link=\"https:\/\/www.elle.com\/es\/star-style\/el-estilo-de\/a60042126\/carolina-adriana-herrera-fundacion-aladina-elle-evento-cancer-infantil\/\" data-vars-ga-ux-element=\"Hyperlink\" data-vars-ga-call-to-action=\"Carolina Adriana Herrera\" data-node-id=\"3.1.0\" class=\"body-link css-103hk4r emevuu60\" rel=\"nofollow noopener\" target=\"_blank\">Carolina Adriana Herrera<\/a> (56)<\/strong>, hija de la ic\u00f3nica dise\u00f1adora.<\/p>\n<p data-journey-content=\"true\" data-node-id=\"4\" class=\"css-6wxqfj emevuu60\">Anoche, la directora de Carolina Herrera Perfumes deslumbr\u00f3 como la que m\u00e1s en la exclusiva cena que tuvo lugar en el Palacio de Liria. Sin embargo, hoy, a tan solo unas horas previas al desfile, la empresaria volvi\u00f3 a acaparar todas las miradas. Esta vez, arriesg\u00e1ndose con <strong data-node-id=\"4.1\">una de las tendencias m\u00e1s pol\u00e9micas de todos los tiempos: las aberturas.<\/strong><\/p>\n<p>Carolina Adriana Herrera se atreve con la tendencia de las aberturas m\u00e1s all\u00e1 de los 50 a\u00f1os<\/p>\n<p data-journey-content=\"true\" data-node-id=\"7\" class=\"css-6wxqfj emevuu60\">\u00bf<strong data-node-id=\"7.1\">Aberturas m\u00e1s all\u00e1 de los <a href=\"https:\/\/www.elle.com\/es\/moda\/noticias\/a63551832\/la-semana-en-5-looks-como-visten-las-espanolas-de-50-con-vaqueros-rectos-baggy-abrigos-y-botas-ugg\/\" data-vars-ga-outbound-link=\"https:\/\/www.elle.com\/es\/moda\/noticias\/a63551832\/la-semana-en-5-looks-como-visten-las-espanolas-de-50-con-vaqueros-rectos-baggy-abrigos-y-botas-ugg\/\" data-vars-ga-ux-element=\"Hyperlink\" data-vars-ga-call-to-action=\"50 a\u00f1os\" data-node-id=\"7.1.1\" class=\"body-link css-103hk4r emevuu60\" rel=\"nofollow noopener\" target=\"_blank\">50 a\u00f1os<\/a><\/strong>? Carolina Adriana Herrera dijo s\u00ed, y la decisi\u00f3n no pudo estar m\u00e1s acertada.<\/p>\n<p><img draggable=\"true\" alt=\"carolina adriana herrera vestido blanco aberturas\" title=\"Carolina Adriana Herrera vestido blanco aberturas\" loading=\"lazy\" width=\"998\" height=\"1380\" decoding=\"async\" data-nimg=\"1\" style=\"color:transparent;width:100%;height:auto;\"   src=\"https:\/\/www.europesays.com\/es\/wp-content\/uploads\/2025\/09\/carolina-adriana-herrera-aberturas-elle-68cc380af32ee.png\" class=\"css-0 e1g79fud0\"\/><a target=\"_blank\" rel=\"noopener nofollow\" data-theme-key=\"base-link\" href=\"https:\/\/pinterest.com\/pin\/create\/button\/?url=https:\/\/www.elle.com\/es\/star-style\/el-estilo-de\/a67950920\/carolina-adriana-herrera-madrid-evento-vestido-aberturas-sandalias-planas-56-anos\/&amp;description=- ElleSpain&amp;media=https:\/\/hips.hearstapps.com\/hmg-prod\/images\/carolina-adriana-herrera-aberturas-elle-68cc380af32ee.png?resize=1600:*\" class=\"pinterest css-on9hn5 e1c1bym14\"><img decoding=\"async\" data-dynamic-svg=\"true\" src=\"https:\/\/www.elle.com\/_assets\/design-tokens\/fre\/static\/icons\/social\/pinterest.e8cf655.svg?primary=%2523ffffff\" loading=\"lazy\" data-testid=\"dynamic-svg-base\" height=\"auto\" width=\"auto\" alt=\"pinterest\" class=\"css-4lml0h e1mlxuuw1\"\/><\/a><\/p>\n<p>@blancaglezrufino\/\/Instagram<\/p>\n<p data-journey-content=\"true\" data-node-id=\"9\" class=\"css-6wxqfj emevuu60\">Para presentar la nueva base de maquillaje de la firma en un evento en Madrid, la hija de la dise\u00f1adora se decant\u00f3 por un precioso <strong data-node-id=\"9.1\">vestido blanco de tirantes<\/strong> que destacaba por su largo midi, sus tirantes, su cuerpo con drapeados y, por supuesto, su <strong data-node-id=\"9.3\">detalle de abertura en el pecho<\/strong>. Sin duda, un dise\u00f1o que combinaba sofisticaci\u00f3n y audacia y que demostraba que la elegancia no entiende de modas ni de edades.<\/p>\n<p data-journey-content=\"true\" data-node-id=\"10\" class=\"css-6wxqfj emevuu60\">\u00bfC\u00f3mo lo complet\u00f3? Con unas <strong data-node-id=\"10.1\">sandalias planas marrones<\/strong>. Para asegurarse de mantener la comodidad sin renunciar al estilo.<\/p>\n<p>El look de Carolina Adriana Herrera para la cena exclusiva de Carolina Herrera en Madrid<\/p>\n<p data-journey-content=\"true\" data-node-id=\"12\" class=\"css-6wxqfj emevuu60\">Para la cena de la noche anterior, la empresaria e hija de la dise\u00f1adora se decant\u00f3 por un look completamente diferente. Concretamente, por un <strong data-node-id=\"12.1\">vestido midi negro<\/strong> que, si bien pod\u00eda pecar de sencillo, contaba con un glamuroso <strong data-node-id=\"12.3\">escote cubierto de pedrer\u00eda<\/strong> que elevaba la propuesta a otro nivel.<\/p>\n<p data-journey-content=\"true\" data-node-id=\"13\" class=\"css-6wxqfj emevuu60\">Sin duda, dos estilismos dignos de sobresaliente a la altura de las expectativas. \u00bfCon qu\u00e9 nos sorprender\u00e1 esta tarde en el desfile? Todo est\u00e1 por ver. <\/p>\n<p><img draggable=\"true\" alt=\"carolina adriana herrera look cena\" title=\"Carolina Adriana Herrera look cena\" loading=\"lazy\" width=\"930\" height=\"1640\" decoding=\"async\" data-nimg=\"1\" style=\"color:transparent;width:100%;height:auto;\"   src=\"https:\/\/www.europesays.com\/es\/wp-content\/uploads\/2025\/09\/carolina-adriana-herrera-look-cena-elle-68cc389665e3b.png\" class=\"css-0 e1g79fud0\"\/><a target=\"_blank\" rel=\"noopener nofollow\" data-theme-key=\"base-link\" href=\"https:\/\/pinterest.com\/pin\/create\/button\/?url=https:\/\/www.elle.com\/es\/star-style\/el-estilo-de\/a67950920\/carolina-adriana-herrera-madrid-evento-vestido-aberturas-sandalias-planas-56-anos\/&amp;description=- ElleSpain&amp;media=https:\/\/hips.hearstapps.com\/hmg-prod\/images\/carolina-adriana-herrera-look-cena-elle-68cc389665e3b.png?resize=1600:*\" class=\"pinterest css-on9hn5 e1c1bym14\"><img decoding=\"async\" data-dynamic-svg=\"true\" src=\"https:\/\/www.elle.com\/_assets\/design-tokens\/fre\/static\/icons\/social\/pinterest.e8cf655.svg?primary=%2523ffffff\" loading=\"lazy\" data-testid=\"dynamic-svg-base\" height=\"auto\" width=\"auto\" alt=\"pinterest\" class=\"css-4lml0h e1mlxuuw1\"\/><\/a><\/p>\n<p>@eusilva\/\/Instagram<\/p>\n<p><img src=\"https:\/\/www.europesays.com\/es\/wp-content\/uploads\/2025\/09\/1758260840_171_5d174fc2-88a3-4418-a5b3-be884db3ec5f_1678984174.file\" alt=\"Headshot of Laura Soria\" title=\"Headshot of Laura Soria\" width=\"100%\" height=\"100%\" decoding=\"async\" loading=\"lazy\" class=\"css-o0wq4v ev8dhu53\"\/><\/p>\n<p>Laura Soria Onieva es experta en moda, tendencias, alfombras rojas y &#8216;celebrities&#8217;. Como apasionada del periodismo y la comunicaci\u00f3n, siempre est\u00e1 atenta a las \u00faltimas novedades del sector. Entiende la moda como una v\u00eda de expresi\u00f3n y siempre busca entender la filosof\u00eda que transmiten los estilismos de las famosas.<\/p>\n<p>La b\u00fasqueda constante de inspiraci\u00f3n la convierte en una prescriptora de futuras tendencias de temporada. As\u00ed, no hay prenda o estilo que se le escape en Instagram y TikTok. Experta en recrear los mejores looks de las famosas e influencers con prendas de las firmas &#8216;low cost&#8217; m\u00e1s exitosas como Zara, Mango, Stradivarius&#8230; As\u00ed como de las firmas espa\u00f1olas que debes tener s\u00ed o s\u00ed en tu radar para que puedas vestir a la \u00faltima. Para ella no hay tendencia imposible: transparencias, aberturas complicadas, brillos, lentejuelas&#8230; Buscar\u00e1 todos los trucos de la mano de las expertas para ense\u00f1ar c\u00f3mo lucirlas sin caer en el error.<\/p>\n<p>Laura Soria se gradu\u00f3 en el doble grado de Periodismo y Comunicaci\u00f3n Audiovisual en la Universidad Rey Juan Carlos y, desde el inicio, ha conseguido experiencia en distintos sectores: radio, televisi\u00f3n, peri\u00f3dico digital&#8230; Actualmente se dedica a la que es su verdadera pasi\u00f3n, el periodismo de moda, como colaboradora de moda y actualidad en la revista ELLE.<\/p>\n<p>Sus constantes ganas de aprender, y su alma inquieta, la han empujado a especializarse a\u00fan m\u00e1s en el mundillo con distintos cursos, destacando el de Marketing Digital y Comunicaci\u00f3n de Moda y Lujo. \u00a0\u00a0<\/p>\n","protected":false},"excerpt":{"rendered":"Ha llegado el d\u00eda. Hoy, jueves 18 de septiembre, se celebrar\u00e1 en la Plaza Mayor de Madrid el&hellip;\n","protected":false},"author":2,"featured_media":124516,"comment_status":"","ping_status":"","sticky":false,"template":"","format":"standard","meta":{"footnotes":""},"categories":[174],"tags":[255,253,146,147,25,24,256,23],"class_list":{"0":"post-124515","1":"post","2":"type-post","3":"status-publish","4":"format-standard","5":"has-post-thumbnail","7":"category-famosos","8":"tag-celebrities","9":"tag-discover","10":"tag-entertainment","11":"tag-entretenimiento","12":"tag-es","13":"tag-espana","14":"tag-famosos","15":"tag-spain"},"share_on_mastodon":{"url":"","error":""},"_links":{"self":[{"href":"https:\/\/www.europesays.com\/es\/wp-json\/wp\/v2\/posts\/124515","targetHints":{"allow":["GET"]}}],"collection":[{"href":"https:\/\/www.europesays.com\/es\/wp-json\/wp\/v2\/posts"}],"about":[{"href":"https:\/\/www.europesays.com\/es\/wp-json\/wp\/v2\/types\/post"}],"author":[{"embeddable":true,"href":"https:\/\/www.europesays.com\/es\/wp-json\/wp\/v2\/users\/2"}],"replies":[{"embeddable":true,"href":"https:\/\/www.europesays.com\/es\/wp-json\/wp\/v2\/comments?post=124515"}],"version-history":[{"count":0,"href":"https:\/\/www.europesays.com\/es\/wp-json\/wp\/v2\/posts\/124515\/revisions"}],"wp:featuredmedia":[{"embeddable":true,"href":"https:\/\/www.europesays.com\/es\/wp-json\/wp\/v2\/media\/124516"}],"wp:attachment":[{"href":"https:\/\/www.europesays.com\/es\/wp-json\/wp\/v2\/media?parent=124515"}],"wp:term":[{"taxonomy":"category","embeddable":true,"href":"https:\/\/www.europesays.com\/es\/wp-json\/wp\/v2\/categories?post=124515"},{"taxonomy":"post_tag","embeddable":true,"href":"https:\/\/www.europesays.com\/es\/wp-json\/wp\/v2\/tags?post=124515"}],"curies":[{"name":"wp","href":"https:\/\/api.w.org\/{rel}","templated":true}]}}